{"id":104331,"date":"2022-03-26T21:00:34","date_gmt":"2022-03-27T02:00:34","guid":{"rendered":"http:\/\/elcuartopoder.com.mx\/nw\/?p=104331"},"modified":"2022-03-26T21:00:38","modified_gmt":"2022-03-27T02:00:38","slug":"si-no-haces-nada-para-cambiar-tu-situacion-entonces-no-es-injusto-que-estes-en-ella","status":"publish","type":"post","link":"http:\/\/elcuartopoder.com.mx\/nw\/qtp\/si-no-haces-nada-para-cambiar-tu-situacion-entonces-no-es-injusto-que-estes-en-ella\/","title":{"rendered":"Si no haces nada para cambiar tu situaci\u00f3n, entonces no es injusto que est\u00e9s en ella"},"content":{"rendered":"\n<p class=\"wp-block-paragraph\">\u00bfQu\u00e9 te debe la vida? Respuesta: absolutamente nada. Y entenderlo te har\u00e1 m\u00e1s inteligente de cara al \u00e9xito. Te voy a contar un par de errores que yo comet\u00ed durante mucho tiempo. Con tan s\u00f3lo cinco a\u00f1os hab\u00eda aprendido a tocar el piano de forma autodidacta. No era Mozart, pero tampoco era su<\/p>\n\n\n\n<p class=\"wp-block-paragraph\">opuesto. Aunque para m\u00ed lo que yo consegu\u00eda hacer con el piano era algo normal, para la gente de mi entorno era algo relativamente ins\u00f3lito. Afortunadamente nunca fui lo suficientemente necio como para inflar mi ego y volverme engre\u00eddo. Hasta ah\u00ed, bien. Pero s\u00ed me llev\u00f3 a cometer mi primer grave error. Mi cerebrito inmaduro opinaba que la vida me deb\u00eda algo: reconocer mi talento y darme la oportunidad de explotarlo.<\/p>\n\n\n\n<p class=\"wp-block-paragraph\">Ah, y ya puestos, que la oportunidad llegase en bandeja de oro.<\/p>\n\n\n\n<p class=\"wp-block-paragraph\"><strong>Grave error n\u00famero 1<\/strong><\/p>\n\n\n\n<p class=\"wp-block-paragraph\">A\u00f1os m\u00e1s tarde me pas\u00e9 bastante tiempo trabajando como traductor simult\u00e1neo en conferencias por Espa\u00f1a y otros pa\u00edses. Mis compa\u00f1eros dec\u00edan que era buen int\u00e9rprete, y yo sufr\u00ed una de las peores enfermedades que existen: la enfermedad del \u00abme corresponde\u00bb (\u00abme tienen que dar\u00bb, \u00abla vida me debe\u00bb, \u00abel mundo deber\u00eda reconocerme&#8230;\u00bb, hay muchos nombres para el mismo mal). Pensaba con respecto al pol\u00edtico al que yo estaba traduciendo: \u00ab\u00bfPor qu\u00e9 est\u00e1 \u00e9l donde est\u00e1 y por qu\u00e9 estoy yo donde estoy?\u00bb. \u00ab\u00bfPor qu\u00e9 sus decisiones afectan a tanta gente y las m\u00edas a tan poca?\u00bb Y en mi interior ten\u00eda la sensaci\u00f3n de que eso no era justo&#8230; porque el mundo me deb\u00eda algo.<\/p>\n\n\n\n<p class=\"wp-block-paragraph\"><strong>Grave error n\u00famero 2<\/strong><\/p>\n\n\n\n<p class=\"wp-block-paragraph\">Por suerte la vida me regal\u00f3 dos sartenazos en la cabeza, uno para cada error, y gracias a ellos comprend\u00ed una de las mayores lecciones que mi experiencia me ha dado, y que posiblemente sea la semilla principal de la inteligencia del \u00e9xito:<\/p>\n\n\n\n<p class=\"wp-block-paragraph\">En tu vida s\u00f3lo mereces que te suceda aquello que t\u00fa provoques que te suceda. La vida no nos debe absolutamente nada. S\u00f3lo aquello quenosotros provocamos.<strong>\u00abEn tu vida s\u00f3lo mereces que te suceda aquello que t\u00fa provoques que te suceda\u00bb<\/strong><\/p>\n\n\n\n<p class=\"wp-block-paragraph\">La respuesta correcta a mi pregunta de por qu\u00e9 el pol\u00edtico estaba donde estaba y yo no, era que \u00e9l estaba donde le correspond\u00eda estar y yo tambi\u00e9n. \u00c9l estaba ah\u00ed por su propio m\u00e9rito, y yo por mi propio dem\u00e9rito, ya que no hab\u00eda hecho nada para cambiar mi situaci\u00f3n. Yo pod\u00eda estar m\u00e1s o menos de acuerdo con su postura pol\u00edtica y con su capacidad como pol\u00edtico, pero eso era irrelevante. Lo importante era que \u00e9l hab\u00eda hecho m\u00e9ritos para estar ah\u00ed. \u00c9l se hab\u00eda arriesgado y yo no. \u00c9l se hab\u00eda presentado a unas elecciones y hab\u00eda sido votado. Yo no me hab\u00eda expuesto a un escrutinio p\u00fablico con todo el riesgo que eso conlleva. \u00c9l s\u00ed lo hab\u00eda hecho. No estoy diciendo que ser pol\u00edtico sea mejor que ser int\u00e9rprete ni peor, sino algo con mucha m\u00e1s trascendencia:<\/p>\n\n\n\n<p class=\"wp-block-paragraph\">Si no haces nada para cambiar tu situaci\u00f3n, entonces no es injusto que est\u00e9s en ella. En realidad es lo m\u00e1s justo del mundo, ya que est\u00e1s exactamente donde te corresponde estar.<\/p>\n\n\n\n<p class=\"wp-block-paragraph\">\u00bfC\u00f3mo concluyeron las historias? El yo pre-sartenazo era m\u00e1s pasivo, indignado y reivindicativo que cre\u00eda en el \u00abalguien deber\u00eda hacer cosas por m\u00ed\u00bb. El yo post sartenazo es un ser m\u00e1s activo, determinado y diligente, que cree en el \u00abyo debo hacer cosas por m\u00ed mismo\u00bb. Pas\u00e9 del \u00abme deben\u00bb al \u00abdebo\u00bb, de \u00abla vida me debe mucho\u00bb a \u00abla vida no me debe nada\u00bb, del \u00able corresponde a otros\u00bb al \u00abme corresponde a m\u00ed\u00bb, del \u00abes responsabilidad de otros\u00bb al \u00abes responsabilidad m\u00eda\u00bb. En el caso de la m\u00fasica, a los quince a\u00f1os decid\u00ed irme solo a Estados Unidos, donde a los pocos d\u00edas de llegar ya estaba participando como pianista en un show de cabaret. Luego desarroll\u00e9 mis conocimientos considerablemente en ese campo (mayormente de forma autodidacta, pero tambi\u00e9n con profesores), prob\u00e9, investigu\u00e9, fracas\u00e9 primero, mejor\u00e9 despu\u00e9s, aprend\u00ed a tocar ocho instrumentos m\u00e1s y di conciertos en nueve pa\u00edses hasta que en 2016 publiqu\u00e9 un disco original con la discogr\u00e1fica A3Music de Antena 3 TV (el disco se llama Muy Happy Happy y puedes escucharlo aqu\u00ed:&nbsp;). Eso en cuanto a la m\u00fasica.<strong>\u00abEl ser humano llega m\u00e1s lejos cuando descubre que la distancia en su caminar no es un regalo de la vida, sino el fruto de sus pies\u00bb<\/strong><\/p>\n\n\n\n<p class=\"wp-block-paragraph\">Y en el campo de la interpretaci\u00f3n, decid\u00ed que quiz\u00e1s sea una profesi\u00f3n bonita, pero no para m\u00ed. Dej\u00e9 de ser int\u00e9rprete y me puse a analizar como un poseso c\u00f3mo mejorar la ense\u00f1anza de idiomas a nivel mundial. Fueron m\u00e1s de 40.000 horas de investigaci\u00f3n, pero vali\u00f3 la pena, ya que el resultado fue la creaci\u00f3n de mi empresa 8Belts.com, que actualmente no para de crecer y que se convirti\u00f3 en el \u00fanico m\u00e9todo en la historia en demostrar que cualquier persona puede aprender un idioma en 8 meses con treinta minutos al d\u00eda de estudio siguiendo las pautas del m\u00e9todo que yo mismo hab\u00eda creado. En la actualidad son ya miles y miles de personas las que lo han conseguido, algo que seguramente me hace m\u00e1s feliz a m\u00ed que a ellos.<\/p>\n\n\n\n<p class=\"wp-block-paragraph\">Fuente: ABC<\/p>\n","protected":false},"excerpt":{"rendered":"<p>\u00bfQu\u00e9 te debe la vida? Respuesta: absolutamente nada. Y entenderlo te har\u00e1 m\u00e1s inteligente de cara al \u00e9xito. Te voy a contar un par de errores que yo comet\u00ed durante mucho tiempo. Con tan s\u00f3lo cinco a\u00f1os hab\u00eda aprendido a tocar el piano de forma autodidacta. No era Mozart, pero tampoco era su opuesto. Aunque [&hellip;]<\/p>\n","protected":false},"author":2,"featured_media":104332,"comment_status":"open","ping_status":"open","sticky":false,"template":"","format":"standard","meta":{"footnotes":""},"categories":[58],"tags":[],"class_list":["post-104331","post","type-post","status-publish","format-standard","has-post-thumbnail","hentry","category-qtp"],"_links":{"self":[{"href":"http:\/\/elcuartopoder.com.mx\/nw\/wp-json\/wp\/v2\/posts\/104331","targetHints":{"allow":["GET"]}}],"collection":[{"href":"http:\/\/elcuartopoder.com.mx\/nw\/wp-json\/wp\/v2\/posts"}],"about":[{"href":"http:\/\/elcuartopoder.com.mx\/nw\/wp-json\/wp\/v2\/types\/post"}],"author":[{"embeddable":true,"href":"http:\/\/elcuartopoder.com.mx\/nw\/wp-json\/wp\/v2\/users\/2"}],"replies":[{"embeddable":true,"href":"http:\/\/elcuartopoder.com.mx\/nw\/wp-json\/wp\/v2\/comments?post=104331"}],"version-history":[{"count":1,"href":"http:\/\/elcuartopoder.com.mx\/nw\/wp-json\/wp\/v2\/posts\/104331\/revisions"}],"predecessor-version":[{"id":104333,"href":"http:\/\/elcuartopoder.com.mx\/nw\/wp-json\/wp\/v2\/posts\/104331\/revisions\/104333"}],"wp:featuredmedia":[{"embeddable":true,"href":"http:\/\/elcuartopoder.com.mx\/nw\/wp-json\/wp\/v2\/media\/104332"}],"wp:attachment":[{"href":"http:\/\/elcuartopoder.com.mx\/nw\/wp-json\/wp\/v2\/media?parent=104331"}],"wp:term":[{"taxonomy":"category","embeddable":true,"href":"http:\/\/elcuartopoder.com.mx\/nw\/wp-json\/wp\/v2\/categories?post=104331"},{"taxonomy":"post_tag","embeddable":true,"href":"http:\/\/elcuartopoder.com.mx\/nw\/wp-json\/wp\/v2\/tags?post=104331"}],"curies":[{"name":"wp","href":"https:\/\/api.w.org\/{rel}","templated":true}]}}