{"id":104335,"date":"2022-03-26T21:06:45","date_gmt":"2022-03-27T02:06:45","guid":{"rendered":"http:\/\/elcuartopoder.com.mx\/nw\/?p=104335"},"modified":"2022-03-26T21:06:49","modified_gmt":"2022-03-27T02:06:49","slug":"el-fmi-aprueba-un-paquete-de-ayuda-para-argentina-por-un-total-de-44-000-millones-de-dolares","status":"publish","type":"post","link":"http:\/\/elcuartopoder.com.mx\/nw\/internacionales\/el-fmi-aprueba-un-paquete-de-ayuda-para-argentina-por-un-total-de-44-000-millones-de-dolares\/","title":{"rendered":"El FMI aprueba un paquete de ayuda para Argentina por un total de 44.000 millones de d\u00f3lares"},"content":{"rendered":"\n<p class=\"wp-block-paragraph\">Finalmente una buena noticia para el gobierno del presidente argentino Alberto Fern\u00e1ndez: despu\u00e9s de casi dos a\u00f1os de sucesivos debates y negociaciones, el Fondo Monetario Internacional (FMI) acaba de aprobar este viernes el programa propuesto por el pa\u00eds del tango. Tras varias horas de debate, la entidad dio su esperado veredicto.<\/p>\n\n\n\n<p class=\"wp-block-paragraph\">La decisi\u00f3n, tomada este viernes en el piso 12 del edificio del FMI \u2013emplazado a apenas algunos metros de la Casa Blanca-, representa todo un hito para el recorrido pol\u00edtico del actual presidente argentino. El mandatario ha conseguido que la entidad crediticia le permita el refinanciamiento de la deuda contra\u00edda por su antecesor en la Casa Rosada, Mauricio Macri. El acuerdo ha sido respaldado por consenso, pero no de manera un\u00e1nime, entre los distintos miembros del board.<\/p>\n\n\n\n<p class=\"wp-block-paragraph\">De esta manera, el Tesoro local se har\u00e1, durante los pr\u00f3ximos d\u00edas, de un primer desembolso por un total de 9.800 millones de d\u00f3lares. De esta cifra, se prev\u00e9 que Argentina utilice casi 2.800 millones de d\u00f3lares la semana pr\u00f3xima para realizar el pago de una parte de la deuda ante organismo. Si bien en Buenos Aires los rumores de aprobaci\u00f3n de la propuesta del gobierno por parte del organismo internacional circulaban, la confirmaci\u00f3n oficial llego este viernes, apenas pasado el mediod\u00eda argentino. La deuda de Argentina, y que ha conseguido refinanciar, es de un total de 40.000 millones de d\u00f3lares.<\/p>\n\n\n\n<p class=\"wp-block-paragraph\">Negociaciones previas<br>Con el objetivo de conseguir el anhelado aval por parte del FMI, Fern\u00e1ndez mantuvo previamente una reuni\u00f3n con la directora gerente del organismo, Kristalina Georgieva. Adem\u00e1s de avanzar en estas negociaciones, las conversaciones versaron tambi\u00e9n sobre un an\u00e1lisis acerca del impacto econ\u00f3mico a nivel mundial de la guerra entre Rusia y Ucrania.<\/p>\n\n\n\n<p class=\"wp-block-paragraph\">Finalizado ese encuentro virtual, la directora gerente de la entidad crediticia hab\u00eda expresado a trav\u00e9s de su cuenta de Twitter su conformidad con el di\u00e1logo con el presidente argentino: \u00abUna muy constructiva conversaci\u00f3n con el presidente Alberto Fern\u00e1ndez. Consideramos el fuerte compromiso de la Argentina para hacer que su programa econ\u00f3mico sea un \u00e9xito\u00bb.<\/p>\n\n\n\n<p class=\"wp-block-paragraph\">El nuevo plan se extender\u00e1 hasta el a\u00f1o 2034. En \u00e9l se establece una serie de metas fiscales, monetarias y tambi\u00e9n de inflaci\u00f3n \u2013un tema particularmente dif\u00edcil en un pa\u00eds cuyos precios vienen subiendo por encima del 50% interanual-. El acuerdo implicar\u00e1 en los primeros dos a\u00f1os y medio un total de 10 revisiones, que se realizar\u00e1n con una frecuencia trimestral.<\/p>\n\n\n\n<p class=\"wp-block-paragraph\">Fractura interna<br>Si bien desde el oficialismo la aprobaci\u00f3n final del acuerdo con el FMI es interpretada, y comunicada, como una victoria por parte del actual presidente Fern\u00e1ndez, la flamante noticia no hace sino acentuar la fractura interna dentro del kirchnerismo, y de Argentina.<\/p>\n\n\n\n<p class=\"wp-block-paragraph\">La g\u00e9lida relaci\u00f3n entre el mandatario y su vice y expresidenta, Cristina Fern\u00e1ndez de Kirchner, se ha vuelto a\u00fan m\u00e1s tirante a partir de la aprobaci\u00f3n del acuerdo el organismo financiero en el Senado, ocurrida la semana pasada en los \u00faltimos d\u00edas del verano porte\u00f1o.<\/p>\n\n\n\n<p class=\"wp-block-paragraph\">La v\u00edspera de que se rubricara el acuerdo, el jueves, festivo en Argentina por el aniversario de la dictadura m\u00e1s tr\u00e1gica sufrida por el pa\u00eds sudamericano en el a\u00f1o 1976, la fractura dentro del partido oficialista se hizo m\u00e1s que evidente, a tal punto de dividirse el homenaje en dos actos separados.<\/p>\n\n\n\n<p class=\"wp-block-paragraph\">Avanzado el proyecto econ\u00f3mico del gobierno tras conseguir el aval del FMI, es ahora el frente pol\u00edtico el que deber\u00e1 resguardar el presidente, dentro de un partido \u2013y todo un pa\u00eds- cada vez mas dividido.<\/p>\n\n\n\n<p class=\"wp-block-paragraph\">Fuente: ABC<\/p>\n","protected":false},"excerpt":{"rendered":"<p>Finalmente una buena noticia para el gobierno del presidente argentino Alberto Fern\u00e1ndez: despu\u00e9s de casi dos a\u00f1os de sucesivos debates y negociaciones, el Fondo Monetario Internacional (FMI) acaba de aprobar este viernes el programa propuesto por el pa\u00eds del tango. Tras varias horas de debate, la entidad dio su esperado veredicto. La decisi\u00f3n, tomada este [&hellip;]<\/p>\n","protected":false},"author":2,"featured_media":104336,"comment_status":"open","ping_status":"open","sticky":false,"template":"","format":"standard","meta":{"footnotes":""},"categories":[8],"tags":[],"class_list":["post-104335","post","type-post","status-publish","format-standard","has-post-thumbnail","hentry","category-internacionales"],"_links":{"self":[{"href":"http:\/\/elcuartopoder.com.mx\/nw\/wp-json\/wp\/v2\/posts\/104335","targetHints":{"allow":["GET"]}}],"collection":[{"href":"http:\/\/elcuartopoder.com.mx\/nw\/wp-json\/wp\/v2\/posts"}],"about":[{"href":"http:\/\/elcuartopoder.com.mx\/nw\/wp-json\/wp\/v2\/types\/post"}],"author":[{"embeddable":true,"href":"http:\/\/elcuartopoder.com.mx\/nw\/wp-json\/wp\/v2\/users\/2"}],"replies":[{"embeddable":true,"href":"http:\/\/elcuartopoder.com.mx\/nw\/wp-json\/wp\/v2\/comments?post=104335"}],"version-history":[{"count":1,"href":"http:\/\/elcuartopoder.com.mx\/nw\/wp-json\/wp\/v2\/posts\/104335\/revisions"}],"predecessor-version":[{"id":104337,"href":"http:\/\/elcuartopoder.com.mx\/nw\/wp-json\/wp\/v2\/posts\/104335\/revisions\/104337"}],"wp:featuredmedia":[{"embeddable":true,"href":"http:\/\/elcuartopoder.com.mx\/nw\/wp-json\/wp\/v2\/media\/104336"}],"wp:attachment":[{"href":"http:\/\/elcuartopoder.com.mx\/nw\/wp-json\/wp\/v2\/media?parent=104335"}],"wp:term":[{"taxonomy":"category","embeddable":true,"href":"http:\/\/elcuartopoder.com.mx\/nw\/wp-json\/wp\/v2\/categories?post=104335"},{"taxonomy":"post_tag","embeddable":true,"href":"http:\/\/elcuartopoder.com.mx\/nw\/wp-json\/wp\/v2\/tags?post=104335"}],"curies":[{"name":"wp","href":"https:\/\/api.w.org\/{rel}","templated":true}]}}