{"id":104345,"date":"2022-03-27T11:52:52","date_gmt":"2022-03-27T16:52:52","guid":{"rendered":"http:\/\/elcuartopoder.com.mx\/nw\/?p=104345"},"modified":"2022-03-27T11:52:57","modified_gmt":"2022-03-27T16:52:57","slug":"monterrey-no-tiene-agua-y-ya-inicio-con-los-cortes-pero-la-industria-ni-se-acongoja","status":"publish","type":"post","link":"http:\/\/elcuartopoder.com.mx\/nw\/varios\/monterrey-no-tiene-agua-y-ya-inicio-con-los-cortes-pero-la-industria-ni-se-acongoja\/","title":{"rendered":"Monterrey no tiene agua y ya inici\u00f3 con los cortes. Pero la industria ni se acongoja"},"content":{"rendered":"\n<p class=\"wp-block-paragraph\">Ante la sequ\u00eda de las dos presas del \u00e1rea metropolitana de Monterrey, el Gobierno de Nuevo Le\u00f3n cort\u00f3 el suministro a los habitantes de los 16 municipios con excepci\u00f3n de la industria al ser pozos privados concesionados por la Conagua.<\/p>\n\n\n\n<p class=\"wp-block-paragraph\">En este inicio de la \u00e9poca de calor, los habitantes de la&nbsp;<strong>Zona Metropolitana de Monterrey&nbsp;<\/strong>y tres municipios m\u00e1s de<strong>&nbsp;Nuevo Le\u00f3n<\/strong>&nbsp;hicieron&nbsp;<strong>compras de p\u00e1nico<\/strong>&nbsp;de&nbsp;<strong>tinacos<\/strong>&nbsp;o&nbsp;<strong>tinas,&nbsp;<\/strong>ya que esta semana&nbsp;<strong>Agua y Drenaje<\/strong>&nbsp;(AyD) inici\u00f3 oficialmente los&nbsp;<strong>cortes del suministro<\/strong>&nbsp;a viviendas y restricciones a escuelas por las&nbsp;<strong>presas vac\u00edas&nbsp;<\/strong>de la regi\u00f3n, una&nbsp;<strong>crisis h\u00eddrica<\/strong>&nbsp;que organizaciones civiles atribuyen tanto a la \u201cnegligencia\u201d de los \u00faltimos gobiernos estatales y de la&nbsp;<strong>Comisi\u00f3n Nacional del Agua (Conagua)<\/strong>&nbsp;como al \u201cacaparamiento\u201d de empresas, entre ellas,&nbsp;<strong>Cervecer\u00eda Cuauht\u00e9moc, Coca-Cola&nbsp;<\/strong>y<strong>&nbsp;Topo Chico<\/strong>.<\/p>\n\n\n\n<p class=\"wp-block-paragraph\">Ante los bajos niveles de lluvias en los \u00faltimos a\u00f1os, el almacenamiento de la presa \u201cCerro Prieto\u201d est\u00e1 al 7.5 por ciento, es decir, le quedan 14 d\u00edas; y la de \u201cLa Boca\u201d va al 14.2 por ciento, por lo que le restan cuatro d\u00edas de vida, inform\u00f3 ayer mi\u00e9rcoles el titular de Agua y Drenaje, Juan Ignacio Barrag\u00e1n. Al secarse ambas, dimension\u00f3, se perder\u00e1n\u00a0cuatro mil litros por segundo\u00a0de abastecimiento, que debe compensarse con la exploraci\u00f3n de nuevos pozos y con la presa \u201cEl Cuchillo\u201d, aunque\u00a0por acuerdo\u00a0una parte de su agua debe mandarse a Tamaulipas.<\/p>\n\n\n\n<blockquote class=\"wp-block-quote is-layout-flow wp-block-quote-is-layout-flow\"><p>\u201cQue Agua y Drenaje muestre c\u00f3mo operan esas empresas y les aprieten el cintur\u00f3n como a nosotros. Como en todo, en las crisis se muestra la desigualdad terrible que se vive en el pa\u00eds y Nuevo Le\u00f3n no es la excepci\u00f3n\u201d, dijo Juan Manuel Ramos, director de Redes Quinto Poder. \u201cTenemos a un Gobierno que est\u00e1 muy pegado a la iniciativa privada. La mayor\u00eda de los funcionarios del Gobernador Samuel Garc\u00eda vienen de ah\u00ed [secretarios estatales&nbsp;<a href=\"https:\/\/www.nl.gob.mx\/funcionarios\/carlos-alberto-garza-ibarra\" target=\"_blank\" rel=\"noreferrer noopener\">trabajaban en Cemex<\/a>&nbsp;o&nbsp;<a href=\"https:\/\/www.nl.gob.mx\/funcionarios\/ivan-rivas-rodriguez\" target=\"_blank\" rel=\"noreferrer noopener\">Coparmex estatal<\/a>]\u201d.<\/p><\/blockquote>\n\n\n\n<p class=\"wp-block-paragraph\">https:\/\/e.infogram.com\/8d440b2e-186f-419b-b804-972a5aac1bde?parent_url=https%3A%2F%2Fwww.sinembargo.mx%2F24-03-2022%2F4147837&#038;src=embed#async_embed<\/p>\n\n\n\n<p class=\"wp-block-paragraph\">El titular de Agua y Drenaje Juan Ignacio Barrag\u00e1n\u00a0argument\u00f3 la semana pasada en rueda de prensa\u00a0que, a diferencia de la ciudadan\u00eda, a las empresas no les cortar\u00e1n el servicio porque, aunque document\u00f3 que la iniciativa privada usa el 54 por ciento del agua del acu\u00edfero de Monterrey, tiene concesiones de pozos subterr\u00e1neos por lo que pidi\u00f3 a la Conagua \u201cpresionar\u201d a las grandes empresas a que cedan agua de sus pozos privados.<\/p>\n\n\n\n<p class=\"wp-block-paragraph\">\u201cHay much\u00edsimos pozos privados [concesionados por Conagua], actualmente s\u00f3lo tenemos once incorporados\u201d, dijo tras di\u00e1logos con compa\u00f1\u00edas.<\/p>\n\n\n\n<figure class=\"wp-block-image\" id=\"attachment_4148488\"><img decoding=\"async\" src=\"https:\/\/i0.wp.com\/www.sinembargo.mx\/wp-content\/uploads\/2022\/03\/recortes-agua-nl.jpg?resize=700%2C547&amp;quality=80&amp;strip=all&amp;ssl=1\" alt=\"\" class=\"wp-image-4148488\"\/><figcaption>Recortes del suministro de agua a viviendas por zonas. Mapa: Gobierno Nuevo Le\u00f3n.<\/figcaption><\/figure>\n\n\n\n<p class=\"wp-block-paragraph\">De los cinco millones de habitantes de la Zona Metropolitana de Monterrey, las colonias m\u00e1s marginadas como las del norponiente ser\u00e1n las m\u00e1s afectadas, de acuerdo con las autoridades, a diferencia de las\u00a0casas con albercas\u00a0como las ubicadas a lado de la presa seca \u201cLa Boca\u201d en el municipio de Santiago, exhibidas por organizaciones, donde antes hab\u00eda navegaciones en barco al ser una \u00e1rea tur\u00edstica.<\/p>\n\n\n\n<p class=\"wp-block-paragraph\">De nueve de la ma\u00f1ana a cinco de la madrugada del otro d\u00eda, el organismo estatal reducir\u00e1 al m\u00e1ximo el servicio por zonas y d\u00edas a la par de que las autoridades locales perforan 50 pozos subterr\u00e1neos para complementar el abastecimiento de la presa \u201cEl Cuchillo\u201d y los pozos Huasteca, Mina, Buenos Aires y \u00c1rea Metropolitana.<\/p>\n\n\n\n<blockquote class=\"wp-block-quote is-layout-flow wp-block-quote-is-layout-flow\"><p>\u201cLos que m\u00e1s sufren son las personas en situaci\u00f3n vulnerable, donde la falta de agua ya era un problema y sorprende que en casas de San Pedro Garza Garc\u00eda, el municipio m\u00e1s acaudalado del estado y del pa\u00eds, haya gente regando el jard\u00edn con la manguera, lo cual est\u00e1 prohibido en el&nbsp;<em>Diario Oficial<\/em>. El jard\u00edn que est\u00e1 bonito, ni modo, tendr\u00e1 que sufrir las consecuencias porque o se muere el zacate verde o nos morimos las personas\u201d, coment\u00f3 Ramos, de Redes Quinto Poder.<\/p><\/blockquote>\n\n\n\n<figure class=\"wp-block-image\" id=\"attachment_4148501\"><img decoding=\"async\" src=\"https:\/\/i1.wp.com\/www.sinembargo.mx\/wp-content\/uploads\/2022\/03\/porcentaje-presas-nl.jpg?resize=700%2C618&amp;quality=80&amp;strip=all&amp;ssl=1\" alt=\"\" class=\"wp-image-4148501\"\/><figcaption>Porcentaje de almacenamiento de presas de la Zona Metropolitana de Monterrey al 23 de marzo de 2022. Imagen: Agua y Drenaje de Monterrey.<\/figcaption><\/figure>\n\n\n\n<p class=\"wp-block-paragraph\">Ante el anuncio de Agua y Drenaje sobre los cortes a partir del martes, usuarios de redes sociales comentaron que la reducci\u00f3n del suministro lo han sufrido desde semanas antes. Hoy hay listas de espera en Home Depot y Soriana para compra de tinacos, lo que gener\u00f3 un mayor uso de agua para su almacenamiento: de un promedio de uso de 13 mil litros por segundo la semana pasada aument\u00f3 a 16 mil litros por segundo a partir del lunes, \u201clo que nunca se hab\u00eda dado y se explica por el p\u00e1nico y estr\u00e9s en la poblaci\u00f3n\u201d, asegur\u00f3 el titular del organismo. La meta es llegar a 12 mil litros por segundo para compensar la muerte de las dos presas.<\/p>\n\n\n\n<p class=\"wp-block-paragraph\">En la colonia Privada Residencial Aviana, del municipio de Escobedo, llevaban desde el lunes \u201cm\u00e1s de 48 horas sin agua\u201d. Natalia coment\u00f3 que \u201cno es parejo\u201d porque \u201chay colonias que no han sufrido ni un solo corte de agua y nosotros nos vemos afectados siempre\u201d.<\/p>\n\n\n\n<p class=\"wp-block-paragraph\">Alejandro Covarrubias, director de la organizaci\u00f3n Frente de Nuevo Le\u00f3n que document\u00f3 las concesiones de Conagua dadas a las empresas del estado, coincidi\u00f3 en que las restricciones ya se reportaban desde hace dos semanas, pero el Gobierno estatal \u201cse lav\u00f3 las manos\u201d diciendo que no pueden cerrar el grifo a las empresas porque no est\u00e1n conectadas a la red, sino que tienen concesiones federales de pozos, \u201cpor lo cual la ciudadan\u00eda est\u00e1 muy molesta mientras el Gobierno estatal y federal se avientan la pelotita\u201d.<\/p>\n\n\n\n<figure class=\"wp-block-image\" id=\"attachment_4148542\"><img decoding=\"async\" src=\"https:\/\/i2.wp.com\/www.sinembargo.mx\/wp-content\/uploads\/2022\/03\/presa-comparativo.jpeg?resize=700%2C380&amp;quality=80&amp;strip=all&amp;ssl=1\" alt=\"\" class=\"wp-image-4148542\"\/><figcaption>Comparativo de la presa La Boca. Foto: Gobierno de Nuevo Le\u00f3n.<\/figcaption><\/figure>\n\n\n\n<p class=\"wp-block-paragraph\">Desde la zona Sendero, tambi\u00e9n de Escobedo, la usuaria Pau asegur\u00f3 que \u201cbueno fuera\u201d que el corte fuera s\u00f3lo por&nbsp; d\u00eda. \u201cAqu\u00ed no la aplican as\u00ed, la cortan y sin avisar, como anoche y ahorita desde las 8 de la noche\u201d, escribi\u00f3 desde hace una semana, antes del inicio de los cortes programados. Mariana, del municipio de Garc\u00eda, agreg\u00f3:<\/p>\n\n\n\n<blockquote class=\"wp-block-quote is-layout-flow wp-block-quote-is-layout-flow\"><p>\u201cTodos los d\u00edas es lo mismo. Nos reducen el agua al punto de no poder hacer la limpieza bien. Ni lavar se puede, ni siquiera a mano, ni los trastes se pueden lavar de tan poca agua que sale. De ba\u00f1arte ni hablamos porque no sale ni una gota de la regadera. Ah, pero eso s\u00ed, el recibo bien elevado en casi 500 pesos\u201d.<\/p><\/blockquote>\n\n\n\n<p class=\"wp-block-paragraph\">El titular de AyD, Ignacio Barrag\u00e1n, precis\u00f3 que son situaciones espec\u00edficas de algunas colonias por la condici\u00f3n de las tuber\u00edas. \u201cUn filtro de agua estaba tapado\u201d, justific\u00f3. \u201cYa no se presentar\u00e1 en esa zona, pero puede aparecer en otras zonas\u201d.<\/p>\n\n\n\n<p class=\"wp-block-paragraph\">Adem\u00e1s, en el marco de la inflaci\u00f3n, la econom\u00eda de los neoloneses podr\u00eda verse m\u00e1s afectada de concretarse el aumento a la tarifa del transporte p\u00fablico, el cual se suma al incremento en el predial y en el servicio mismo del agua para solventar los gastos en bombeo y purificaci\u00f3n. Por ahora, el Gobierno local ha dado un paso atr\u00e1s.<\/p>\n\n\n\n<figure class=\"wp-block-image\" id=\"attachment_4148575\"><img decoding=\"async\" src=\"https:\/\/i0.wp.com\/www.sinembargo.mx\/wp-content\/uploads\/2022\/03\/presa-seca-nl-2.jpg?resize=700%2C769&amp;quality=80&amp;strip=all&amp;ssl=1\" alt=\"\" class=\"wp-image-4148575\"\/><figcaption>Un barco en la presa seca La Boca. Foto: Gobierno de Nuevo Le\u00f3n.<\/figcaption><\/figure>\n\n\n\n<p class=\"wp-block-paragraph\"><strong>PROBLEMA DESDE MEDINA<\/strong><\/p>\n\n\n\n<p class=\"wp-block-paragraph\">Los cortes de agua no se hab\u00edan registrado en Nuevo Le\u00f3n desde los ochenta y noventa, cuando la gente hizo filas para llenar sus cubetas y pipas. En la actualidad, desde el Gobierno anterior de Jaime Rodr\u00edguez Calder\u00f3n, en prisi\u00f3n preventiva por un presunto delito electoral, se advirti\u00f3 que las dos presas que abastecen a la Zona Metropolitana de Monterrey estaban a punto de secarse, ya que en los \u00faltimos a\u00f1os los niveles de precipitaciones han sido muy bajos entre agosto y octubre para llenarse, contextualizaron las organizaciones locales.<\/p>\n\n\n\n<p class=\"wp-block-paragraph\">Pero, por falta de mantenimiento, se han registrado fugas en las l\u00edneas de distribuci\u00f3n y acueductos, ya que la empresa estatal\u00a0Agua y Drenaje \u201cfue secuestrada\u201d\u00a0y saqueada por una \u201cmafia\u201d en la gesti\u00f3n de \u201cEl Bronco\u201d y Rodrigo Medina, donde hab\u00eda \u201cescritorios de m\u00e1rmol\u201d con funcionarios p\u00fablicos denunciados a la Fiscal\u00eda local por \u201cacoso sexual y amenazas con armas\u201d, seg\u00fan denunci\u00f3 el Gobernador Samuel Garc\u00eda.<\/p>\n\n\n\n<blockquote class=\"wp-block-quote is-layout-flow wp-block-quote-is-layout-flow\"><p>\u201cAhora, las restricciones solamente impactan al uso dom\u00e9stico y en esta \u00e9poca de crisis no existen regulaciones para los usos industrial y agropecuario, a pesar de que ese uso privado corresponde al 54 por ciento de las explotaciones de aguas subterr\u00e1neas y al 46 por ciento restante para las viviendas, lo que viola el derecho humano al agua\u201d, contrast\u00f3 Antonio Hern\u00e1ndez, bi\u00f3logo activista contra el fracking en Nuevo Le\u00f3n.<\/p><\/blockquote>\n\n\n\n<p class=\"wp-block-paragraph\">Agua y Drenaje ha estado cerrando fugas parcialmente, combatiendo tomas clandestinas, revisando permisos de construcci\u00f3n y llam\u00f3 a no hacer compras de miedo.<\/p>\n\n\n\n<p class=\"wp-block-paragraph\">\u201cEsto ven\u00eda de una bola de nieve que se fue agigantando y el problema ya nos explot\u00f3, lo cual tiene que ver con negligencia, robo y abuso de los grandes consumidores\u201d, dijo Juan Manuel Ramos, director de Redes Quinto Poder.<\/p>\n\n\n\n<figure class=\"wp-block-image\" id=\"attachment_4148572\"><img decoding=\"async\" src=\"https:\/\/i2.wp.com\/www.sinembargo.mx\/wp-content\/uploads\/2022\/03\/presa-seca-nuevo-leon.jpg?resize=700%2C465&amp;quality=80&amp;strip=all&amp;ssl=1\" alt=\"\" class=\"wp-image-4148572\"\/><figcaption>Un letrero anuncia paseos en barco en la presa seca de La Boca. Foto: Cuartoscuro, Gabriela P\u00e9rez.<\/figcaption><\/figure>\n\n\n\n<p class=\"wp-block-paragraph\">El director de Agua y Drenaje, Juan Ignacio Barrag\u00e1n, coment\u00f3 ayer que retomar el proyecto de construir el Acueducto Monterrey VI \u2014cancelado por sobrecosto en el Gobierno de Rodrigo Medina, preso 17 horas\u2014 para suministrar agua desde el r\u00edo P\u00e1nuco y Tampa\u00f3n sigue evalu\u00e1ndose y, aunque el Gobierno de San Luis Potos\u00ed lo rechaz\u00f3, record\u00f3 que la autoridad encargada es la Conagua.<\/p>\n\n\n\n<blockquote class=\"wp-block-quote is-layout-flow wp-block-quote-is-layout-flow\"><p>\u201cEl trazo del Acueducto del Monterrey VI \u2014para abastecer a los estados del norte\u2014 transcurre por bloques terrestres no convencionales en San Luis Potos\u00ed, Veracruz y Tamaulipas, son zonas de fractura hidr\u00e1ulica\u201d, Antonio Hern\u00e1ndez, bi\u00f3logo activista contra el fracking en Nuevo Le\u00f3n.<\/p><\/blockquote>\n\n\n\n<p class=\"wp-block-paragraph\">\u201cSi se trajera el agua del r\u00edo Tampa\u00f3n, de San Luis Potos\u00ed, se le quitar\u00eda presi\u00f3n en la demanda de agua de la presa El Cuchillo, la m\u00e1s grande del sistema de Monterrey, pero est\u00e1 al oriente en\u00a0la Cuenca de Burgos, donde se requieren altos vol\u00famenes de agua para la explotaci\u00f3n no convencional de hidrocarburos\u201d, observ\u00f3 el bi\u00f3logo.<\/p>\n\n\n\n<p class=\"wp-block-paragraph\">En entrevista con \u00c1lvaro Delgado y Alejandro P\u00e1ez en el programa \u201cLos Periodistas\u201d en\u00a0<strong>SinEmbargo al Aire<\/strong>, el excandidato a la gubernatura de Nuevo Le\u00f3n por Morena, Felipe de Jes\u00fas Cant\u00fa, record\u00f3 que la obra del Acueducto estaba a cargo de Higa, relacionada con la Casa Blanca del Presidente Enrique Pe\u00f1a Nieto. \u201cEstaba sobrecosteada\u201d, dijo.<\/p>\n\n\n\n<p class=\"wp-block-paragraph\"><strong>FRENO A TARIFAZO EN METRO<\/strong><\/p>\n\n\n\n<p class=\"wp-block-paragraph\">La semana pasada, mientras se anunci\u00f3 la detenci\u00f3n del Gobernador Jaime Calder\u00f3n, el Secretario de Movilidad Hern\u00e1n Villarreal Rodr\u00edguez mencion\u00f3 en la sesi\u00f3n de la Comisi\u00f3n de Tarifas la posibilidad de aumentar el servicio del Metro de Monterrey de 4.50 a 15 pesos y la camionera de 12 a 15 pesos para mantenimiento.<\/p>\n\n\n\n<p class=\"wp-block-paragraph\">Sin embargo, el Gobernador de Nuevo Le\u00f3n Samuel Garc\u00eda desminti\u00f3 el tarifazo, el cual ha sido pospuesto desde administraciones pasadas. Esta semana s\u00f3lo se anunci\u00f3 la creaci\u00f3n de la tarjeta de prepago Feria para eliminar el efectivo a partir de junio.<\/p>\n\n\n\n<blockquote class=\"wp-block-quote is-layout-flow wp-block-quote-is-layout-flow\"><p>\u201cCon el Gobernador Rodrigo Medina nos aumentaron la tarifa de transporte p\u00fablico [camionera] de 10 a 12 pesos con la promesa de que iba a mejorar el servicio y lo \u00fanico que hicieron fue establecer un mecanismo de pago obligatorio a trav\u00e9s de una tarjeta\u201d, evoc\u00f3 Juan Manuel Ramos, director de Redes Quinto Poder.<\/p><\/blockquote>\n\n\n\n<p class=\"wp-block-paragraph\">\u201cPrimero deber\u00edan mejorar el servicio y seguridad del transporte, traer nuevas rutas y unidades para no ir como sardinas y no hacer dos horas hacia el centro de Monterrey para ir a trabajar, y luego aumentar los precios\u201d, dijo.<\/p>\n\n\n\n<p class=\"wp-block-paragraph\">El martes la Secretar\u00eda de Movilidad local cancel\u00f3 definitivamente la posibilidad de aumentar el Metro a 15 pesos, lo cual hab\u00eda descartado desde el jueves 17 de marzo.<\/p>\n\n\n\n<p class=\"wp-block-paragraph\">\u201cLo que se propone es un nuevo esquema de tarifas sin aumentos. La reestructura del transporte \u2014como migrar a pago electr\u00f3nico\u2014 es para evitar los aumentos porque se pagar\u00e1 al transportista por costos y no por pasajeros transportados\u201d, dijo el titular Hern\u00e1n Villarreal.<\/p>\n\n\n\n<p class=\"wp-block-paragraph\">Ante la crisis h\u00eddrica y de aumentos al predial y del servicio del agua, la oposici\u00f3n estatal se ha mantenido callada, coincidieron las organizaciones locales consultadas.<\/p>\n\n\n\n<p class=\"wp-block-paragraph\">Fuente: sinembargo<\/p>\n","protected":false},"excerpt":{"rendered":"<p>Ante la sequ\u00eda de las dos presas del \u00e1rea metropolitana de Monterrey, el Gobierno de Nuevo Le\u00f3n cort\u00f3 el suministro a los habitantes de los 16 municipios con excepci\u00f3n de la industria al ser pozos privados concesionados por la Conagua. En este inicio de la \u00e9poca de calor, los habitantes de la&nbsp;Zona Metropolitana de Monterrey&nbsp;y [&hellip;]<\/p>\n","protected":false},"author":2,"featured_media":104346,"comment_status":"open","ping_status":"open","sticky":false,"template":"","format":"standard","meta":{"footnotes":""},"categories":[64],"tags":[],"class_list":["post-104345","post","type-post","status-publish","format-standard","has-post-thumbnail","hentry","category-varios"],"_links":{"self":[{"href":"http:\/\/elcuartopoder.com.mx\/nw\/wp-json\/wp\/v2\/posts\/104345","targetHints":{"allow":["GET"]}}],"collection":[{"href":"http:\/\/elcuartopoder.com.mx\/nw\/wp-json\/wp\/v2\/posts"}],"about":[{"href":"http:\/\/elcuartopoder.com.mx\/nw\/wp-json\/wp\/v2\/types\/post"}],"author":[{"embeddable":true,"href":"http:\/\/elcuartopoder.com.mx\/nw\/wp-json\/wp\/v2\/users\/2"}],"replies":[{"embeddable":true,"href":"http:\/\/elcuartopoder.com.mx\/nw\/wp-json\/wp\/v2\/comments?post=104345"}],"version-history":[{"count":1,"href":"http:\/\/elcuartopoder.com.mx\/nw\/wp-json\/wp\/v2\/posts\/104345\/revisions"}],"predecessor-version":[{"id":104347,"href":"http:\/\/elcuartopoder.com.mx\/nw\/wp-json\/wp\/v2\/posts\/104345\/revisions\/104347"}],"wp:featuredmedia":[{"embeddable":true,"href":"http:\/\/elcuartopoder.com.mx\/nw\/wp-json\/wp\/v2\/media\/104346"}],"wp:attachment":[{"href":"http:\/\/elcuartopoder.com.mx\/nw\/wp-json\/wp\/v2\/media?parent=104345"}],"wp:term":[{"taxonomy":"category","embeddable":true,"href":"http:\/\/elcuartopoder.com.mx\/nw\/wp-json\/wp\/v2\/categories?post=104345"},{"taxonomy":"post_tag","embeddable":true,"href":"http:\/\/elcuartopoder.com.mx\/nw\/wp-json\/wp\/v2\/tags?post=104345"}],"curies":[{"name":"wp","href":"https:\/\/api.w.org\/{rel}","templated":true}]}}