{"id":104958,"date":"2022-04-11T22:09:58","date_gmt":"2022-04-12T03:09:58","guid":{"rendered":"http:\/\/elcuartopoder.com.mx\/nw\/?p=104958"},"modified":"2022-04-11T22:10:03","modified_gmt":"2022-04-12T03:10:03","slug":"este-es-el-protocolo-a-seguir-para-denunciar-el-acoso-escolar","status":"publish","type":"post","link":"http:\/\/elcuartopoder.com.mx\/nw\/opinion\/este-es-el-protocolo-a-seguir-para-denunciar-el-acoso-escolar\/","title":{"rendered":"Este es el protocolo a seguir para denunciar el acoso escolar"},"content":{"rendered":"\n<p class=\"wp-block-paragraph\">Sagrario Marrufo Ravel, titular de la Secretar\u00eda de Educaci\u00f3n en Quintana Roo (SEQ) en Felipe Carrillo Puerto, tras el regreso presencial de clases exhort\u00f3 a los alumnos y padres de familia a interponer las denuncias correspondientes ante cualquier&nbsp;<strong>posible caso de acoso y hostigamiento<\/strong>.<\/p>\n\n\n\n<p class=\"wp-block-paragraph\">La funcionaria asegur\u00f3 que en lo que va del a\u00f1o&nbsp;<strong>no se ha reportado ninguna situaci\u00f3n<\/strong>&nbsp;de esa \u00edndole, pero no se descarta la posibilidad de que se presenten.<\/p>\n\n\n\n<p class=\"wp-block-paragraph\">Ante los riesgos, existen medidas designadas por las autoridades educativas que se basan en un conjunto de reglas para actuar en caso se llegue a presentar un caso de esta naturaleza.<\/p>\n\n\n\n<blockquote class=\"wp-block-quote is-layout-flow wp-block-quote-is-layout-flow\"><p>\u201cSon varios&nbsp;<strong>puntos de importancia que se deben seguir<\/strong>, como<\/p><p>-identificar la situaci\u00f3n de riesgo,<\/p><p>&#8211; mantener la calma y evitar el p\u00e1nico,<\/p><p>&#8211; establecer contacto inmediato a trav\u00e9s de la l\u00ednea \u00fanica de denuncias 911 y<\/p><p>&#8211; coordinarse con la autoridad a su llegada, salvaguardar la integridad f\u00edsica del alumnado,<\/p><p>por mencionar algunos\u201d.<\/p><\/blockquote>\n\n\n\n<p class=\"wp-block-paragraph\">Afirm\u00f3 que una de las primeras acciones en el marco de convivencia establecida en cada instituci\u00f3n educativa se debe mantener la&nbsp;<strong>comunicaci\u00f3n directa con todos los padres de familia<\/strong>, tutores, supervisores y directores en la que se permita llevar en di\u00e1logo cualquier situaci\u00f3n, sobre todo si existe alg\u00fan indicio de acoso o violencia.<\/p>\n\n\n\n<blockquote class=\"wp-block-quote is-layout-flow wp-block-quote-is-layout-flow\"><p>\u201cLos directores tienen que apegarse al marco de convivencia escolar porque en \u00e9l se encuentra el protocolo a seguir para detectar y en su caso prevenir que un alumno o alumna resulte agredido o en situaci\u00f3n de riesgo, de igual forma todo es todo esto es comentado durante el consejo t\u00e9cnico\u201d, agreg\u00f3 Marrufo Ravel.<\/p><\/blockquote>\n\n\n\n<p class=\"wp-block-paragraph\">Fuente: SIPSE<\/p>\n","protected":false},"excerpt":{"rendered":"<p>Sagrario Marrufo Ravel, titular de la Secretar\u00eda de Educaci\u00f3n en Quintana Roo (SEQ) en Felipe Carrillo Puerto, tras el regreso presencial de clases exhort\u00f3 a los alumnos y padres de familia a interponer las denuncias correspondientes ante cualquier&nbsp;posible caso de acoso y hostigamiento. La funcionaria asegur\u00f3 que en lo que va del a\u00f1o&nbsp;no se ha [&hellip;]<\/p>\n","protected":false},"author":2,"featured_media":104959,"comment_status":"open","ping_status":"open","sticky":false,"template":"","format":"standard","meta":{"footnotes":""},"categories":[62],"tags":[],"class_list":["post-104958","post","type-post","status-publish","format-standard","has-post-thumbnail","hentry","category-opinion"],"_links":{"self":[{"href":"http:\/\/elcuartopoder.com.mx\/nw\/wp-json\/wp\/v2\/posts\/104958","targetHints":{"allow":["GET"]}}],"collection":[{"href":"http:\/\/elcuartopoder.com.mx\/nw\/wp-json\/wp\/v2\/posts"}],"about":[{"href":"http:\/\/elcuartopoder.com.mx\/nw\/wp-json\/wp\/v2\/types\/post"}],"author":[{"embeddable":true,"href":"http:\/\/elcuartopoder.com.mx\/nw\/wp-json\/wp\/v2\/users\/2"}],"replies":[{"embeddable":true,"href":"http:\/\/elcuartopoder.com.mx\/nw\/wp-json\/wp\/v2\/comments?post=104958"}],"version-history":[{"count":1,"href":"http:\/\/elcuartopoder.com.mx\/nw\/wp-json\/wp\/v2\/posts\/104958\/revisions"}],"predecessor-version":[{"id":104960,"href":"http:\/\/elcuartopoder.com.mx\/nw\/wp-json\/wp\/v2\/posts\/104958\/revisions\/104960"}],"wp:featuredmedia":[{"embeddable":true,"href":"http:\/\/elcuartopoder.com.mx\/nw\/wp-json\/wp\/v2\/media\/104959"}],"wp:attachment":[{"href":"http:\/\/elcuartopoder.com.mx\/nw\/wp-json\/wp\/v2\/media?parent=104958"}],"wp:term":[{"taxonomy":"category","embeddable":true,"href":"http:\/\/elcuartopoder.com.mx\/nw\/wp-json\/wp\/v2\/categories?post=104958"},{"taxonomy":"post_tag","embeddable":true,"href":"http:\/\/elcuartopoder.com.mx\/nw\/wp-json\/wp\/v2\/tags?post=104958"}],"curies":[{"name":"wp","href":"https:\/\/api.w.org\/{rel}","templated":true}]}}