{"id":104968,"date":"2022-04-12T08:35:19","date_gmt":"2022-04-12T13:35:19","guid":{"rendered":"http:\/\/elcuartopoder.com.mx\/nw\/?p=104968"},"modified":"2022-04-12T08:35:21","modified_gmt":"2022-04-12T13:35:21","slug":"policias-de-michoacan-que-presuntamente-obligaron-a-jovenes-desnudarse-para-revisarlos-fueron-vinculados","status":"publish","type":"post","link":"http:\/\/elcuartopoder.com.mx\/nw\/policiacas\/policias-de-michoacan-que-presuntamente-obligaron-a-jovenes-desnudarse-para-revisarlos-fueron-vinculados\/","title":{"rendered":"Polic\u00edas de Michoac\u00e1n que presuntamente obligaron a j\u00f3venes desnudarse para revisarlos fueron vinculados"},"content":{"rendered":"\n<p class=\"wp-block-paragraph\">Morelia, Michoac\u00e1n.- Debido a que en su actuar policial violentaron a un grupo de ciudadanos, tres elementos de la&nbsp;<strong>Polic\u00eda<\/strong>&nbsp;<strong>Michoac\u00e1n<\/strong>&nbsp;fueron vinculados a proceso por el delito de Abuso de Autoridad.<\/p>\n\n\n\n<p class=\"wp-block-paragraph\">Se trata de los oficiales identificados como Susana S., Cristian &nbsp;F., y Jos\u00e9 M., quienes agredieron f\u00edsica y verbalmente a las v\u00edctimas el 2 de junio de 2020 en la ciudad de Morelia.<\/p>\n\n\n\n<p class=\"wp-block-paragraph\">El esa fecha, las personas denunciantes fueron detenidas por viajar a exceso de velocidad y trasladadas al \u00e1rea de barandilla; ah\u00ed, los oficiales arrancaron los aretes de una de las requeridas con una pinza, adem\u00e1s de obligarlos a desnudarse para, supuestamente, comprobar que no portaran sustancias il\u00edcitas, adem\u00e1s de violentarlos verbalmente.<\/p>\n\n\n\n<p class=\"wp-block-paragraph\">Golpe contra el narco: Decomisan 600 kilogramos de droga en Sonora<\/p>\n\n\n\n<figure class=\"wp-block-image\"><img decoding=\"async\" src=\"https:\/\/heraldodemexico.com.mx\/u\/fotografias\/m\/2021\/11\/2\/f768x1-439430_439557_5050.jpg\" alt=\"\"\/><figcaption>Los polic\u00edas son se\u00f1alados por agredir a ciudadanos.<\/figcaption><\/figure>\n\n\n\n<p class=\"wp-block-paragraph\">Estas agresiones fueron denunciados ante la&nbsp;<strong>Fiscal\u00eda<\/strong>&nbsp;<strong>Especializada<\/strong>&nbsp;en&nbsp;<strong>Combate<\/strong>&nbsp;a la&nbsp;<strong>Corrupci\u00f3n<\/strong>, que inici\u00f3 las investigaciones correspondientes y que deriv\u00f3 en la presentaci\u00f3n de los investigados ante un Juez de Control.<\/p>\n\n\n\n<p class=\"wp-block-paragraph\">El \u00f3rgano jurisdiccional valor\u00f3 cada uno de los datos de prueba que present\u00f3 la Fiscal\u00eda y que involucran a Susana S., Cristian F. y Jos\u00e9 M., en el delito de&nbsp;<strong>abuso de autoridad.<\/strong><\/p>\n\n\n\n<p class=\"wp-block-paragraph\">El juez de control determin\u00f3 vincular a proceso a los tres polic\u00edas, fij\u00f3 medidas cautelares y estableci\u00f3 un plazo para el cierre de la investigaci\u00f3n complementaria.<\/p>\n\n\n\n<p class=\"wp-block-paragraph\">Fuente: heraldodemexico<\/p>\n","protected":false},"excerpt":{"rendered":"<p>Morelia, Michoac\u00e1n.- Debido a que en su actuar policial violentaron a un grupo de ciudadanos, tres elementos de la&nbsp;Polic\u00eda&nbsp;Michoac\u00e1n&nbsp;fueron vinculados a proceso por el delito de Abuso de Autoridad. Se trata de los oficiales identificados como Susana S., Cristian &nbsp;F., y Jos\u00e9 M., quienes agredieron f\u00edsica y verbalmente a las v\u00edctimas el 2 de junio [&hellip;]<\/p>\n","protected":false},"author":2,"featured_media":104969,"comment_status":"open","ping_status":"open","sticky":false,"template":"","format":"standard","meta":{"footnotes":""},"categories":[23],"tags":[],"class_list":["post-104968","post","type-post","status-publish","format-standard","has-post-thumbnail","hentry","category-policiacas"],"_links":{"self":[{"href":"http:\/\/elcuartopoder.com.mx\/nw\/wp-json\/wp\/v2\/posts\/104968","targetHints":{"allow":["GET"]}}],"collection":[{"href":"http:\/\/elcuartopoder.com.mx\/nw\/wp-json\/wp\/v2\/posts"}],"about":[{"href":"http:\/\/elcuartopoder.com.mx\/nw\/wp-json\/wp\/v2\/types\/post"}],"author":[{"embeddable":true,"href":"http:\/\/elcuartopoder.com.mx\/nw\/wp-json\/wp\/v2\/users\/2"}],"replies":[{"embeddable":true,"href":"http:\/\/elcuartopoder.com.mx\/nw\/wp-json\/wp\/v2\/comments?post=104968"}],"version-history":[{"count":1,"href":"http:\/\/elcuartopoder.com.mx\/nw\/wp-json\/wp\/v2\/posts\/104968\/revisions"}],"predecessor-version":[{"id":104970,"href":"http:\/\/elcuartopoder.com.mx\/nw\/wp-json\/wp\/v2\/posts\/104968\/revisions\/104970"}],"wp:featuredmedia":[{"embeddable":true,"href":"http:\/\/elcuartopoder.com.mx\/nw\/wp-json\/wp\/v2\/media\/104969"}],"wp:attachment":[{"href":"http:\/\/elcuartopoder.com.mx\/nw\/wp-json\/wp\/v2\/media?parent=104968"}],"wp:term":[{"taxonomy":"category","embeddable":true,"href":"http:\/\/elcuartopoder.com.mx\/nw\/wp-json\/wp\/v2\/categories?post=104968"},{"taxonomy":"post_tag","embeddable":true,"href":"http:\/\/elcuartopoder.com.mx\/nw\/wp-json\/wp\/v2\/tags?post=104968"}],"curies":[{"name":"wp","href":"https:\/\/api.w.org\/{rel}","templated":true}]}}