{"id":104974,"date":"2022-04-12T08:42:16","date_gmt":"2022-04-12T13:42:16","guid":{"rendered":"http:\/\/elcuartopoder.com.mx\/nw\/?p=104974"},"modified":"2022-04-12T08:42:17","modified_gmt":"2022-04-12T13:42:17","slug":"hambre-en-el-mundo-se-agrava-por-invasion-de-rusia-a-ucrania","status":"publish","type":"post","link":"http:\/\/elcuartopoder.com.mx\/nw\/opinion\/hambre-en-el-mundo-se-agrava-por-invasion-de-rusia-a-ucrania\/","title":{"rendered":"Hambre en el mundo se agrava por invasi\u00f3n de Rusia a Ucrania"},"content":{"rendered":"\n<p class=\"wp-block-paragraph\">El mundo enfrenta un&nbsp;<strong>severo aumento del hambre<\/strong>&nbsp;a consecuencia de la&nbsp;<strong>invasi\u00f3n de Rusia a Ucrania<\/strong>. La&nbsp;<strong>Organizaci\u00f3n de las Naciones Unidas para la Alimentaci\u00f3n y la Agricultura (FAO)<\/strong>&nbsp;advierte que el n\u00famero de personas en condici\u00f3n de&nbsp;<strong>desnutrici\u00f3n&nbsp;<\/strong>podr\u00eda sumar&nbsp;<strong>entre 8 y 13 millones a los 811 millones ya existentes<\/strong>.<\/p>\n\n\n\n<p class=\"wp-block-paragraph\"><strong>Rusia&nbsp;<\/strong>y&nbsp;<strong>Ucrania&nbsp;<\/strong>son los productores agr\u00edcolas m\u00e1s importantes en el mundo, por lo que el conflicto ha tra\u00eddo volatilidad en los precios y escasez.<\/p>\n\n\n\n<p class=\"wp-block-paragraph\">Juntos, ambas naciones contribuyen en poco m\u00e1s de la mitad de la producci\u00f3n mundial de aceite de girasol, adem\u00e1s representan 29% de las exportaciones de trigo y 19% de ma\u00edz.<\/p>\n\n\n\n<p class=\"wp-block-paragraph\">Los pa\u00edses que m\u00e1s dependen de la importaci\u00f3n de harina de trigo de la regi\u00f3n en conflicto son:&nbsp;<strong>Eritrea, Armenia, Mongolia, Azerbaiy\u00e1n, Georgia, Somalia, Bielorrusia, Turqu\u00eda, L\u00edbano y Egipto<\/strong>; en \u00e9ste \u00faltimo el gobierno la subsidia para que la poblaci\u00f3n pueda alimentarse, al menos, de pan.<\/p>\n\n\n\n<p class=\"wp-block-paragraph\">Adem\u00e1s, se espera proliferaci\u00f3n de enfermedades en animales destinados al consumo, la peste porcina africana es considerada un foco rojo.<\/p>\n\n\n\n<p class=\"wp-block-paragraph\">Asimismo, el organismo alert\u00f3 de aumentos de precios internacionales de alimentos y piensos (forraje para ganado) de entre 8 y 22% por encima de niveles de referencia ya elevados.<\/p>\n\n\n\n<p class=\"wp-block-paragraph\">La FAO indic\u00f3 que aunque otros pa\u00edses eleven su producci\u00f3n, los altos costos seguir\u00e1n. Calculan que, entre 20 y 30% de las \u00e1reas sembradas en invierno en Kiev no podr\u00e1n cosecharse, y que el rendimiento de \u00e9stos, sin el cuidado \u00f3ptimo, se ver\u00e1 afectado.<\/p>\n\n\n\n<p class=\"wp-block-paragraph\">Mientras que&nbsp;<strong>Mari\u00fapol<\/strong>, ciudad industrial que alberga el mayor puerto comercial del mar de Azov, est\u00e1 paralizado; lleva semanas siendo objeto de ataques rusos. Las cosechas y exportaciones est\u00e1n entorpecidas.<\/p>\n\n\n\n<p class=\"wp-block-paragraph\">Desde el inicio del conflicto el precio del trigo se dispar\u00f3 25%, y el ma\u00edz 12%. Actualmente,&nbsp;<strong>Kiev&nbsp;<\/strong>busca exportar sus productos por el Mar Negro, pero tambi\u00e9n busca elevar sus exportaciones v\u00eda ferrocarril a&nbsp;<strong>Rumania, Polonia y Eslovaquia<\/strong>.<\/p>\n\n\n\n<h2 class=\"wp-block-heading\"><strong>UCRANIA DENUNCIA ROBOS<\/strong><\/h2>\n\n\n\n<p class=\"wp-block-paragraph\">Las autoridades ucranianas denunciaron ayer el \u00absaqueo\u00bb y la destrucci\u00f3n de equipos en la antigua central nuclear de&nbsp;<strong>Chern\u00f3bil<\/strong>, que estuvo ocupada por tropas rusas hasta el pasado 31 de marzo, seg\u00fan la&nbsp;<strong>OIEA<\/strong>.<\/p>\n\n\n\n<p class=\"wp-block-paragraph\">En tanto, un ataque ruso dej\u00f3 completamente destruido el aeropuerto de&nbsp;<strong>Dnipro<\/strong>, la cuarta ciudad m\u00e1s poblada de&nbsp;<strong>Ucrania<\/strong>.<\/p>\n\n\n\n<p class=\"wp-block-paragraph\">Hasta el cierre de esta edici\u00f3n, no se sab\u00eda el n\u00famero de v\u00edctimas.<\/p>\n\n\n\n<p class=\"wp-block-paragraph\">Fuente: heraldodemexico<\/p>\n","protected":false},"excerpt":{"rendered":"<p>El mundo enfrenta un&nbsp;severo aumento del hambre&nbsp;a consecuencia de la&nbsp;invasi\u00f3n de Rusia a Ucrania. La&nbsp;Organizaci\u00f3n de las Naciones Unidas para la Alimentaci\u00f3n y la Agricultura (FAO)&nbsp;advierte que el n\u00famero de personas en condici\u00f3n de&nbsp;desnutrici\u00f3n&nbsp;podr\u00eda sumar&nbsp;entre 8 y 13 millones a los 811 millones ya existentes. Rusia&nbsp;y&nbsp;Ucrania&nbsp;son los productores agr\u00edcolas m\u00e1s importantes en el mundo, por [&hellip;]<\/p>\n","protected":false},"author":2,"featured_media":104975,"comment_status":"open","ping_status":"open","sticky":false,"template":"","format":"standard","meta":{"footnotes":""},"categories":[62],"tags":[],"class_list":["post-104974","post","type-post","status-publish","format-standard","has-post-thumbnail","hentry","category-opinion"],"_links":{"self":[{"href":"http:\/\/elcuartopoder.com.mx\/nw\/wp-json\/wp\/v2\/posts\/104974","targetHints":{"allow":["GET"]}}],"collection":[{"href":"http:\/\/elcuartopoder.com.mx\/nw\/wp-json\/wp\/v2\/posts"}],"about":[{"href":"http:\/\/elcuartopoder.com.mx\/nw\/wp-json\/wp\/v2\/types\/post"}],"author":[{"embeddable":true,"href":"http:\/\/elcuartopoder.com.mx\/nw\/wp-json\/wp\/v2\/users\/2"}],"replies":[{"embeddable":true,"href":"http:\/\/elcuartopoder.com.mx\/nw\/wp-json\/wp\/v2\/comments?post=104974"}],"version-history":[{"count":1,"href":"http:\/\/elcuartopoder.com.mx\/nw\/wp-json\/wp\/v2\/posts\/104974\/revisions"}],"predecessor-version":[{"id":104976,"href":"http:\/\/elcuartopoder.com.mx\/nw\/wp-json\/wp\/v2\/posts\/104974\/revisions\/104976"}],"wp:featuredmedia":[{"embeddable":true,"href":"http:\/\/elcuartopoder.com.mx\/nw\/wp-json\/wp\/v2\/media\/104975"}],"wp:attachment":[{"href":"http:\/\/elcuartopoder.com.mx\/nw\/wp-json\/wp\/v2\/media?parent=104974"}],"wp:term":[{"taxonomy":"category","embeddable":true,"href":"http:\/\/elcuartopoder.com.mx\/nw\/wp-json\/wp\/v2\/categories?post=104974"},{"taxonomy":"post_tag","embeddable":true,"href":"http:\/\/elcuartopoder.com.mx\/nw\/wp-json\/wp\/v2\/tags?post=104974"}],"curies":[{"name":"wp","href":"https:\/\/api.w.org\/{rel}","templated":true}]}}