{"id":104977,"date":"2022-04-12T08:44:27","date_gmt":"2022-04-12T13:44:27","guid":{"rendered":"http:\/\/elcuartopoder.com.mx\/nw\/?p=104977"},"modified":"2022-04-12T08:44:31","modified_gmt":"2022-04-12T13:44:31","slug":"regresa-novak-djokovic-al-circuito-de-la-atp","status":"publish","type":"post","link":"http:\/\/elcuartopoder.com.mx\/nw\/entretenimiento\/deportes\/regresa-novak-djokovic-al-circuito-de-la-atp\/","title":{"rendered":"Regresa Novak Djokovic al circuito de la ATP"},"content":{"rendered":"\n<p class=\"wp-block-paragraph\">Despu\u00e9s de un campeonato disputado y tres partidos jugados (Dub\u00e1i),&nbsp;<strong>Novak Djokovic<\/strong>&nbsp;reaparece en el Masters 1000 de Montecarlo. En el inicio de temporada m\u00e1s complicado en su carrera, la postura del n\u00famero uno es contundente: \u201cHe esperado ansiosamente el momento\u201d, dijo el tenista.<\/p>\n\n\n\n<p class=\"wp-block-paragraph\">C\u00f3mo no hacerlo, en<strong>&nbsp;2021 Djokovic<\/strong>&nbsp;lo gan\u00f3 pr\u00e1cticamente todo. Tras una de las mejores campa\u00f1as en la historia, donde registr\u00f3 27 victorias consecutivas en Grand Slam, el serbio afronta un escenario contrastante. \u201cExtra\u00f1o la competici\u00f3n\u201d, reconoci\u00f3 el originario de Belgrado.<\/p>\n\n\n\n<p class=\"wp-block-paragraph\">En el \u00faltimo a\u00f1o, por decisi\u00f3n propia, Nole disput\u00f3 tres torneos en la categor\u00eda, donde sum\u00f3 un t\u00edtulo (Par\u00eds-Bercy), una final (Roma) y una tercera ronda (Montecarlo). Sin embargo, actualmente, ya no depende de s\u00ed mismo, sino de las medidas y protocolos en los diferentes pa\u00edses.<\/p>\n\n\n\n<p class=\"wp-block-paragraph\">Contra el espa\u00f1ol Alejandro Davidovich Fokina, el ganador de 20 Majors comienza su camino en el principado, donde busca recuperar sensaciones y ritmo de juego.&nbsp;<strong>Daniel Evans<\/strong>, Carlos Alcaraz (cuartos), Casper Ruud (semifinales) y Alexander Zverev (final) representan sus hipot\u00e9ticos rivales.<\/p>\n\n\n\n<p class=\"wp-block-paragraph\">\u201cMi intenci\u00f3n es jugar completa la temporada de arcilla: entiendo que probablemente no estar\u00e9 en mi mejor momento, especialmente al inicio de la semana. Estoy prob\u00e1ndome, construyendo mi juego, me tomar\u00e1 algunos partidos retomar el ritmo\u201d, asegur\u00f3 Novak Djokovic.<\/p>\n\n\n\n<p class=\"wp-block-paragraph\">Rafael Nadal, por su parte, determina la m\u00e1xima ausencia en el&nbsp;<strong>Montecarlo Rolex Masters<\/strong>, torneo que ha conquistado en 11 oportunidades. Una lesi\u00f3n (tras sumar triunfos en Melbourne, Australia y Acapulco) interrumpi\u00f3 la inercia positiva del jugador n\u00famero uno en la carrera a Tur\u00edn.<\/p>\n\n\n\n<p class=\"wp-block-paragraph\">Asimismo, el lunes por la ma\u00f1ana, se confirm\u00f3 su ausencia en el\u00a0<strong>Conde de God\u00f3<\/strong>\u00a0(Barcelona), donde ha conseguido 12 victorias en 16 participaciones. Seg\u00fan los tiempos de recuperaci\u00f3n estimados (sin contratiempos), Nadal reaparece en el circuito en Madrid, a partir del 26 de abril.\u00a0<\/p>\n\n\n\n<p class=\"wp-block-paragraph\">Fuente: heraldodemexico<\/p>\n","protected":false},"excerpt":{"rendered":"<p>Despu\u00e9s de un campeonato disputado y tres partidos jugados (Dub\u00e1i),&nbsp;Novak Djokovic&nbsp;reaparece en el Masters 1000 de Montecarlo. En el inicio de temporada m\u00e1s complicado en su carrera, la postura del n\u00famero uno es contundente: \u201cHe esperado ansiosamente el momento\u201d, dijo el tenista. C\u00f3mo no hacerlo, en&nbsp;2021 Djokovic&nbsp;lo gan\u00f3 pr\u00e1cticamente todo. Tras una de las mejores [&hellip;]<\/p>\n","protected":false},"author":2,"featured_media":104978,"comment_status":"open","ping_status":"open","sticky":false,"template":"","format":"standard","meta":{"footnotes":""},"categories":[7],"tags":[],"class_list":["post-104977","post","type-post","status-publish","format-standard","has-post-thumbnail","hentry","category-deportes"],"_links":{"self":[{"href":"http:\/\/elcuartopoder.com.mx\/nw\/wp-json\/wp\/v2\/posts\/104977","targetHints":{"allow":["GET"]}}],"collection":[{"href":"http:\/\/elcuartopoder.com.mx\/nw\/wp-json\/wp\/v2\/posts"}],"about":[{"href":"http:\/\/elcuartopoder.com.mx\/nw\/wp-json\/wp\/v2\/types\/post"}],"author":[{"embeddable":true,"href":"http:\/\/elcuartopoder.com.mx\/nw\/wp-json\/wp\/v2\/users\/2"}],"replies":[{"embeddable":true,"href":"http:\/\/elcuartopoder.com.mx\/nw\/wp-json\/wp\/v2\/comments?post=104977"}],"version-history":[{"count":1,"href":"http:\/\/elcuartopoder.com.mx\/nw\/wp-json\/wp\/v2\/posts\/104977\/revisions"}],"predecessor-version":[{"id":104979,"href":"http:\/\/elcuartopoder.com.mx\/nw\/wp-json\/wp\/v2\/posts\/104977\/revisions\/104979"}],"wp:featuredmedia":[{"embeddable":true,"href":"http:\/\/elcuartopoder.com.mx\/nw\/wp-json\/wp\/v2\/media\/104978"}],"wp:attachment":[{"href":"http:\/\/elcuartopoder.com.mx\/nw\/wp-json\/wp\/v2\/media?parent=104977"}],"wp:term":[{"taxonomy":"category","embeddable":true,"href":"http:\/\/elcuartopoder.com.mx\/nw\/wp-json\/wp\/v2\/categories?post=104977"},{"taxonomy":"post_tag","embeddable":true,"href":"http:\/\/elcuartopoder.com.mx\/nw\/wp-json\/wp\/v2\/tags?post=104977"}],"curies":[{"name":"wp","href":"https:\/\/api.w.org\/{rel}","templated":true}]}}