{"id":105001,"date":"2022-04-12T13:48:01","date_gmt":"2022-04-12T18:48:01","guid":{"rendered":"http:\/\/elcuartopoder.com.mx\/nw\/?p=105001"},"modified":"2022-04-12T14:05:29","modified_gmt":"2022-04-12T19:05:29","slug":"desaparece-madre-y-sus-tres-hijos-en-quintana-roo","status":"publish","type":"post","link":"http:\/\/elcuartopoder.com.mx\/nw\/destacadas\/desaparece-madre-y-sus-tres-hijos-en-quintana-roo\/","title":{"rendered":"Desaparece madre y sus tres hijos en Quintana Roo"},"content":{"rendered":"\n<p class=\"wp-block-paragraph\">La Fiscal\u00eda General de Justicia del Estado de Quintana Roo activ\u00f3 la Alerta Amber y el Protocolo Alba por la desaparici\u00f3n de una madre y sus tres hijos menores de edad.<\/p>\n\n\n\n<p class=\"wp-block-paragraph\">La familia fue vista por \u00faltima vez en Playa del Carmen, ubicada en Solidaridad, Quintana Roo el pasado 09 de abril de 2022.<\/p>\n\n\n\n<p class=\"wp-block-paragraph\">Los reportes indican que la familia es originaria de Santa Catarina, Nuevo Le\u00f3n.<\/p>\n\n\n\n<p class=\"wp-block-paragraph\">Ante esta desaparici\u00f3n, a trav\u00e9s de redes sociales se inici\u00f3 una campa\u00f1a para localizar a los menores Mar\u00eda Julia de 14 a\u00f1os, Miranda Paulina de 11 a\u00f1os y Julio Santiago de 17 meses que viajaban en compa\u00f1\u00eda de su madre, F\u00e1tima Ibarra V\u00e1zquez de 41 a\u00f1os de edad.<\/p>\n\n\n\n<p class=\"wp-block-paragraph\">De acuerdo con una publicaci\u00f3n realizada en redes sociales por Julio Aldape, padre de los menores, la madre pudo haberse llevado a los ni\u00f1os por un mal momento familiar, sin embargo, las autoridades de Quintana Roo a\u00fan no han confirmado los hechos.<\/p>\n\n\n\n<figure class=\"wp-block-embed is-type-rich is-provider-twitter wp-block-embed-twitter\"><div class=\"wp-block-embed__wrapper\">\n<blockquote class=\"twitter-tweet\" data-width=\"550\" data-dnt=\"true\"><p lang=\"es\" dir=\"ltr\"><a href=\"https:\/\/twitter.com\/hashtag\/AlertaAmberQRoo?src=hash&amp;ref_src=twsrc%5Etfw\">#AlertaAmberQRoo<\/a> Solicitamos su colaboraci\u00f3n para localizar a Julio Santiago Aldape Ibarra, visto por \u00faltima vez el 09 de abril de 2022, en el municipio de Solidaridad, Quintana Roo. Si tiene informaci\u00f3n sobre su paradero favor de comunicarse al 984 8730163. <a href=\"https:\/\/t.co\/YB8VtERGxk\">pic.twitter.com\/YB8VtERGxk<\/a><\/p>&mdash; Fiscal\u00eda General QR (@FGEQuintanaRoo) <a href=\"https:\/\/twitter.com\/FGEQuintanaRoo\/status\/1513174189674483712?ref_src=twsrc%5Etfw\">April 10, 2022<\/a><\/blockquote><script async src=\"https:\/\/platform.twitter.com\/widgets.js\" charset=\"utf-8\"><\/script>\n<\/div><figcaption>Fuente: XEU<\/figcaption><\/figure>\n","protected":false},"excerpt":{"rendered":"<p>La Fiscal\u00eda General de Justicia del Estado de Quintana Roo activ\u00f3 la Alerta Amber y el Protocolo Alba por la desaparici\u00f3n de una madre y sus tres hijos menores de edad. La familia fue vista por \u00faltima vez en Playa del Carmen, ubicada en Solidaridad, Quintana Roo el pasado 09 de abril de 2022. Los [&hellip;]<\/p>\n","protected":false},"author":2,"featured_media":105002,"comment_status":"open","ping_status":"open","sticky":false,"template":"","format":"standard","meta":{"footnotes":""},"categories":[59],"tags":[],"class_list":["post-105001","post","type-post","status-publish","format-standard","has-post-thumbnail","hentry","category-destacadas"],"_links":{"self":[{"href":"http:\/\/elcuartopoder.com.mx\/nw\/wp-json\/wp\/v2\/posts\/105001","targetHints":{"allow":["GET"]}}],"collection":[{"href":"http:\/\/elcuartopoder.com.mx\/nw\/wp-json\/wp\/v2\/posts"}],"about":[{"href":"http:\/\/elcuartopoder.com.mx\/nw\/wp-json\/wp\/v2\/types\/post"}],"author":[{"embeddable":true,"href":"http:\/\/elcuartopoder.com.mx\/nw\/wp-json\/wp\/v2\/users\/2"}],"replies":[{"embeddable":true,"href":"http:\/\/elcuartopoder.com.mx\/nw\/wp-json\/wp\/v2\/comments?post=105001"}],"version-history":[{"count":2,"href":"http:\/\/elcuartopoder.com.mx\/nw\/wp-json\/wp\/v2\/posts\/105001\/revisions"}],"predecessor-version":[{"id":105005,"href":"http:\/\/elcuartopoder.com.mx\/nw\/wp-json\/wp\/v2\/posts\/105001\/revisions\/105005"}],"wp:featuredmedia":[{"embeddable":true,"href":"http:\/\/elcuartopoder.com.mx\/nw\/wp-json\/wp\/v2\/media\/105002"}],"wp:attachment":[{"href":"http:\/\/elcuartopoder.com.mx\/nw\/wp-json\/wp\/v2\/media?parent=105001"}],"wp:term":[{"taxonomy":"category","embeddable":true,"href":"http:\/\/elcuartopoder.com.mx\/nw\/wp-json\/wp\/v2\/categories?post=105001"},{"taxonomy":"post_tag","embeddable":true,"href":"http:\/\/elcuartopoder.com.mx\/nw\/wp-json\/wp\/v2\/tags?post=105001"}],"curies":[{"name":"wp","href":"https:\/\/api.w.org\/{rel}","templated":true}]}}