{"id":105013,"date":"2022-04-12T23:01:06","date_gmt":"2022-04-13T04:01:06","guid":{"rendered":"http:\/\/elcuartopoder.com.mx\/nw\/?p=105013"},"modified":"2022-04-12T23:01:10","modified_gmt":"2022-04-13T04:01:10","slug":"optimo-para-qroo-es-que-el-70-por-ciento-de-su-poblacion-tengan-dosis-de-refuerzo-contra-covid-19-dice-gobernador","status":"publish","type":"post","link":"http:\/\/elcuartopoder.com.mx\/nw\/estatales\/optimo-para-qroo-es-que-el-70-por-ciento-de-su-poblacion-tengan-dosis-de-refuerzo-contra-covid-19-dice-gobernador\/","title":{"rendered":"Optimo para QRoo es que el 70 por ciento de su poblaci\u00f3n tengan dosis de refuerzo contra COVID-19, dice gobernador"},"content":{"rendered":"\n<p class=\"wp-block-paragraph\">*El gobernador Carlos Joaqu\u00edn exhort\u00f3 a todas y todos a no dejar pasar esta oportunidad con la estrategia de vacunaci\u00f3n abierta<br>*Adem\u00e1s de proteger la salud, representa un generador de confianza para los turistas y visitantes<\/p>\n\n\n\n<p class=\"wp-block-paragraph\">Cancun.- El gobernador Carlos Joaqu\u00edn exhort\u00f3 a todas y todos los quintanarroenses a participar en la estrategia de vacunaci\u00f3n abierta contra la covid-19, para el cuidado de la salud y alcanzar los promedios que se requieren para tener una cobertura total.<\/p>\n\n\n\n<p class=\"wp-block-paragraph\">El titular del Ejecutivo explic\u00f3 que Quintana Roo tiene un 52% de cobertura en tercera dosis, pero se requiere subir al 70% que es el promedio nacional; en segundas dosis se tiene m\u00e1s del 90% y en primeras dosis el 100%.<\/p>\n\n\n\n<p class=\"wp-block-paragraph\">Esta estrategia de vacunaci\u00f3n abierta inici\u00f3 este lunes en el estado y participan las instituciones del sector salud, como el IMSS, SSA, la Secretar\u00eda de Marina, para acercar a toda la poblaci\u00f3n las respectivas dosis que les corresponda, siempre y cuando sean mayores de 18 a\u00f1os de edad.<\/p>\n\n\n\n<p class=\"wp-block-paragraph\">Durante el programa Caminando Juntos, transmitido por el Sistema Quintanarroense de Comunicaci\u00f3n Social y las redes de la Coordinaci\u00f3n General de Comunicaci\u00f3n, el gobernador Carlos Joaqu\u00edn exhort\u00f3 a no dejar pasar esta oportunidad para seguir avanzando en la recuperaci\u00f3n econ\u00f3mica, que representa ingresos para los bolsillos de las familias.<\/p>\n\n\n\n<p class=\"wp-block-paragraph\">Presente en el programa, el titular de Turismo, Bernardo Cueto Riestra coment\u00f3 que el fortalecimiento de la conectividad de Chetumal con Guatemala por la v\u00eda a\u00e9rea es una excelente oportunidad para la diversificaci\u00f3n del producto tur\u00edstico del sur del estado.<\/p>\n\n\n\n<p class=\"wp-block-paragraph\">Destac\u00f3 que hay buena afluencia de turistas ahora que inicia la Semana Santa, con un 36% superior a lo que se registr\u00f3 el a\u00f1o pasado y hay excelentes proyecciones para lo que resta del a\u00f1o.<\/p>\n\n\n\n<p class=\"wp-block-paragraph\">Las medidas sanitarias que se aplican generan confianza entre los visitantes, por lo que se trabajar\u00e1 para que el esquema de vacunaci\u00f3n abierta llegue hasta los hoteles y restaurantes, de modo que los trabajadores puedan aplicarse las dosis que les hagan falta.<\/p>\n\n\n\n<p class=\"wp-block-paragraph\">Al respecto, el delegado del IMSS en el estado, Miguel Angel Van-Dick Puga explic\u00f3 que se llevar\u00e1n las dosis a la zona hotelera, a las obras en donde haya flujo de trabajadores, en centros comerciales, para darle a la gente f\u00e1cil acceso a la vacuna.<\/p>\n\n\n\n<p class=\"wp-block-paragraph\">En relaci\u00f3n con el control de los incendios y la atenci\u00f3n que se brinda al turista en esta temporada de vacaciones, el coordinador estatal de Protecci\u00f3n Civil Alfredo Su\u00e1rez, afirm\u00f3 que hay un trabajo coordinado entre los tres \u00f3rdenes de gobierno.<\/p>\n\n\n\n<p class=\"wp-block-paragraph\">En el caso de los incendios, hay un seguimiento en las acciones de prevenci\u00f3n y en la cultura del cuidado de la flora y la fauna, bellezas naturales del estado.<\/p>\n\n\n\n<p class=\"wp-block-paragraph\">Sobre la protecci\u00f3n a los turistas, se ha logrado avanzar en el boyado y delimitaci\u00f3n de \u00e1reas para nadadores en las playas, lo que no hab\u00eda anteriormente.<\/p>\n\n\n\n<p class=\"wp-block-paragraph\">El almirante Javier Abarca Garc\u00eda, comandante de la Quinta Regi\u00f3n Naval, destac\u00f3 que en la atenci\u00f3n del sargazo, hay una estrecha coordinaci\u00f3n entre los tres \u00f3rdenes de gobierno, la iniciativa privada, as\u00ed como la ciudadan\u00eda.<\/p>\n\n\n\n<p class=\"wp-block-paragraph\">Asimismo, declar\u00f3 que la SEMAR est\u00e1 ya participando en la estrategia de vacunaci\u00f3n abierta en la zona insular de Isla Mujeres y en Benito Ju\u00e1rez, en los puntos de atenci\u00f3n que instal\u00f3 para la atenci\u00f3n del turista en Semana Santa.<\/p>\n\n\n\n<p class=\"wp-block-paragraph\">Fuente: noticiaspedrocanche<\/p>\n","protected":false},"excerpt":{"rendered":"<p>*El gobernador Carlos Joaqu\u00edn exhort\u00f3 a todas y todos a no dejar pasar esta oportunidad con la estrategia de vacunaci\u00f3n abierta*Adem\u00e1s de proteger la salud, representa un generador de confianza para los turistas y visitantes Cancun.- El gobernador Carlos Joaqu\u00edn exhort\u00f3 a todas y todos los quintanarroenses a participar en la estrategia de vacunaci\u00f3n abierta [&hellip;]<\/p>\n","protected":false},"author":2,"featured_media":105014,"comment_status":"open","ping_status":"open","sticky":false,"template":"","format":"standard","meta":{"footnotes":""},"categories":[60],"tags":[],"class_list":["post-105013","post","type-post","status-publish","format-standard","has-post-thumbnail","hentry","category-estatales"],"_links":{"self":[{"href":"http:\/\/elcuartopoder.com.mx\/nw\/wp-json\/wp\/v2\/posts\/105013","targetHints":{"allow":["GET"]}}],"collection":[{"href":"http:\/\/elcuartopoder.com.mx\/nw\/wp-json\/wp\/v2\/posts"}],"about":[{"href":"http:\/\/elcuartopoder.com.mx\/nw\/wp-json\/wp\/v2\/types\/post"}],"author":[{"embeddable":true,"href":"http:\/\/elcuartopoder.com.mx\/nw\/wp-json\/wp\/v2\/users\/2"}],"replies":[{"embeddable":true,"href":"http:\/\/elcuartopoder.com.mx\/nw\/wp-json\/wp\/v2\/comments?post=105013"}],"version-history":[{"count":1,"href":"http:\/\/elcuartopoder.com.mx\/nw\/wp-json\/wp\/v2\/posts\/105013\/revisions"}],"predecessor-version":[{"id":105015,"href":"http:\/\/elcuartopoder.com.mx\/nw\/wp-json\/wp\/v2\/posts\/105013\/revisions\/105015"}],"wp:featuredmedia":[{"embeddable":true,"href":"http:\/\/elcuartopoder.com.mx\/nw\/wp-json\/wp\/v2\/media\/105014"}],"wp:attachment":[{"href":"http:\/\/elcuartopoder.com.mx\/nw\/wp-json\/wp\/v2\/media?parent=105013"}],"wp:term":[{"taxonomy":"category","embeddable":true,"href":"http:\/\/elcuartopoder.com.mx\/nw\/wp-json\/wp\/v2\/categories?post=105013"},{"taxonomy":"post_tag","embeddable":true,"href":"http:\/\/elcuartopoder.com.mx\/nw\/wp-json\/wp\/v2\/tags?post=105013"}],"curies":[{"name":"wp","href":"https:\/\/api.w.org\/{rel}","templated":true}]}}