{"id":105022,"date":"2022-04-13T09:56:39","date_gmt":"2022-04-13T14:56:39","guid":{"rendered":"http:\/\/elcuartopoder.com.mx\/nw\/?p=105022"},"modified":"2022-04-13T09:57:24","modified_gmt":"2022-04-13T14:57:24","slug":"el-jefe-del-ejercito-de-colombia-justifica-la-muerte-de-una-mujer-embarazada-y-un-menor-en-la-masacre-en-putumayo","status":"publish","type":"post","link":"http:\/\/elcuartopoder.com.mx\/nw\/internacionales\/el-jefe-del-ejercito-de-colombia-justifica-la-muerte-de-una-mujer-embarazada-y-un-menor-en-la-masacre-en-putumayo\/","title":{"rendered":"El jefe del Ej\u00e9rcito de Colombia justifica la muerte de una mujer embarazada y un menor en la masacre en Putumayo"},"content":{"rendered":"\n<p class=\"wp-block-paragraph\">\u201cNo es la primera operaci\u00f3n donde caen mujeres embarazadas y menores de edad combatientes\u201d. Las palabras del jefe del Ej\u00e9rcito de Colombia, el general Eduardo Zapateiro, sobre el operativo que termin\u00f3 en masacre en Putumayo entregadas a un medio local prometen caldear a\u00fan m\u00e1s el ambiente pol\u00edtico en el pa\u00eds. Despu\u00e9s de la pregunta del periodista de RCN Televisi\u00f3n que le se\u00f1ala la falta de precisi\u00f3n de la incursi\u00f3n militar que dej\u00f3 civiles muertos y, al recordarle que no se trata de blancos leg\u00edtimos, Zapateiro mira a la c\u00e1mara pronuncia la frase e insiste en que eran combatientes.<\/p>\n\n\n\n<p class=\"wp-block-paragraph\">La legitimidad del operativo militar, que dej\u00f3 11 muertos en la comunidad El Alto Remanso y la desconfianza en las fuerzas militares durante el Gobierno de Iv\u00e1n Duque han vuelto a estar en el centro de la pol\u00e9mica. Una mujer embarazada, un menor de 16 a\u00f1os y un gobernador ind\u00edgena est\u00e1n entre los fallecidos. Distintos sectores pol\u00edticos exigen estos d\u00edas la renuncia del ministro de Defensa, Diego Molano, que tendr\u00e1 que comparecer ante el Congreso de la Rep\u00fablica para dar explicaciones por el operativo.<\/p>\n\n\n\n<p class=\"wp-block-paragraph\">Los congresistas solicitaron un debate de moci\u00f3n de censura sobre Molano ante las numerosas dudas que ha generado un operativo que Duque present\u00f3 ante la opini\u00f3n p\u00fablica como un \u00e9xito contra las disidencias de las FARC.\u00a0Existen evidencias de manipulaci\u00f3n de los cad\u00e1veres por parte del Ej\u00e9rcito, a cuyas fotos ha tenido acceso este diario; se ha podido confirmar que al menos cuatro de los muertos eran civiles; se sabe que el operativo se llev\u00f3 a cabo en un bazar comunitario y hay denuncias de robo de dinero a la poblaci\u00f3n por parte de los militares. El debate se celebrar\u00e1 en dos semanas.<\/p>\n\n\n\n<p class=\"wp-block-paragraph\">Esta nueva tormenta pol\u00edtica le llega a Iv\u00e1n Duque mientras se encuentra en Nueva York para hablar en el Consejo de Seguridad de Naciones Unidas sobre sus acciones para implementar el\u00a0acuerdo de paz con la guerrilla firmado en 2016. Un proceso al que se opuso en su campa\u00f1a a la presidencia y cuya pol\u00edtica ha sido objeto de cr\u00edticas por el incesante asesinato de excombatientes\u00a0y el deterioro de la seguridad en el pa\u00eds. Sin embargo y a pesar del esc\u00e1ndalo de Putumayo, que ya lleva dos semanas, el presidente volvi\u00f3 a hacer una defensa f\u00e9rrea del operativo.<\/p>\n\n\n\n<p class=\"wp-block-paragraph\">\u201cEs importante tener claro que esa operaci\u00f3n ten\u00eda planificaci\u00f3n, ten\u00eda informaci\u00f3n de inteligencia, ten\u00eda informaci\u00f3n precisa sobre la presencia de cabecillas, miembros de c\u00e9lulas terroristas y narcotraficantes en ese lugar del territorio. Entonces se procedi\u00f3 con una informaci\u00f3n clara. Hubo un intercambio de disparos, hay miembros heridos de la fuerza p\u00fablica y se ha obrado con todos los protocolos\u201d, asegur\u00f3 Duque. El operativo buscaba capturar a Carlos Emilio Loaiza, alias&nbsp;<em>Bruno<\/em>, de los Comandos de la Frontera, un grupo de las disidencias de las FARC, pero no alcanz\u00f3 el objetivo.<\/p>\n\n\n\n<p class=\"wp-block-paragraph\">La incursi\u00f3n militar se produjo la ma\u00f1ana del 28 de marzo en la vereda El Alto Remanso, del municipio de Puerto Legu\u00edzamo, una zona inh\u00f3spita, apenas separada de Ecuador por un r\u00edo. Ese mismo d\u00eda, Duque celebr\u00f3 el hecho y dijo que hab\u00edan \u201cneutralizado a 11 integrantes de disidencias de las FARC\u201d y capturado \u201ca cuatro criminales\u201d. Sin embargo, varias organizaciones sociales han confirmado que entre los muertos hab\u00eda civiles y la Fiscal\u00eda desminti\u00f3 al Gobierno en relaci\u00f3n con la informaci\u00f3n de los capturados. El organismo investigador indic\u00f3 que nunca recibi\u00f3 actas que soportaran ning\u00fan procedimiento de captura. Esas cuatro personas, que hab\u00edan resultado heridas, fueron atendidas en cl\u00ednicas de Putumayo, recibieron el alta m\u00e9dica y est\u00e1n libres. Ni Duque ni Molano han rectificado esa informaci\u00f3n.<\/p>\n\n\n\n<p class=\"wp-block-paragraph\">En su mensaje, el presidente tampoco admite que alguno de los muertos fuera civil, como insiste la comunidad.\u00a0Entre los muertos est\u00e1 el gobernador ind\u00edgena del pueblo Kichwa, Pablo Panduro; Divier Hern\u00e1ndez y Ana Mar\u00eda Sarrias, con dos meses de embarazo, presidente de la Junta de Acci\u00f3n Comunal y su esposa; y Brayan Santiago Pama, un menor de 16 a\u00f1os. \u201cEsta fue una operaci\u00f3n enmarcada en los derechos humanos, en el Derecho Internacional Humanitario (DIH) y una operaci\u00f3n planeada y estaba acompa\u00f1ada por una inteligencia dominante\u201d, agreg\u00f3 el comandante del Ej\u00e9rcito.<\/p>\n\n\n\n<p class=\"wp-block-paragraph\">Despu\u00e9s de las informaciones de varios medios de comunicaci\u00f3n este fin de semana que mostraron las inconsistencias del operativo, el Ej\u00e9rcito ha filtrado informaci\u00f3n a medios afines al Gobierno insistiendo en que se trataba de miembros del grupo armado. EL PA\u00cdS entrevist\u00f3 a una decena de fuentes en Putumayo que afirman que al menos cuatro de los civiles eran conocidos por la comunidad y que en el bazar hab\u00eda al menos dos personas armadas. Tambi\u00e9n denunciaron que los militares se presentaron vestidos de negro, se identificaron como guerrilla y que los retuvieron durante varias horas en la cancha del poblado impidi\u00e9ndoles acceder a los cuerpos de sus parientes. En la zona hacen presencia dos grupos armados: los\u00a0Comandos de la Frontera y el frente primero Carolina Ram\u00edrez, dos alas opuestas de disidencias de las FARC, que surgieron despu\u00e9s del acuerdo de paz.<\/p>\n\n\n\n<p class=\"wp-block-paragraph\">El esc\u00e1ndalo ya atraviesa la campa\u00f1a a las elecciones presidenciales, cuya primera vuelta es el 29 de mayo. Todos los candidatos se pronunciaron acerca del operativo y uno de ellos, el conservador Enrique G\u00f3mez, sin posibilidades reales en la contienda, atac\u00f3 el trabajo de un grupo de periodistas que denunci\u00f3 la masacre. Gustavo Petro, primero en las encuestas, dijo que este hecho mancillaba el \u201chonor de la fuerza p\u00fablica\u201d. \u201cEl ministro de Defensa me llam\u00f3 embustero por criticar su crimen de guerra contra la poblaci\u00f3n de Putumayo\u201d, asegur\u00f3. La opci\u00f3n del centro, Sergio Fajardo, exigi\u00f3 esclarecimiento: \u201cUn Ej\u00e9rcito no puede asesinar civiles, robar y manipular cuerpos. Un Gobierno no puede presentar una acci\u00f3n desproporcionada y vil como un operativo exitoso. Un pa\u00eds no es viable si no corregimos y recuperamos la confianza en las instituciones\u201d.<\/p>\n\n\n\n<p class=\"wp-block-paragraph\">Mientras, Ingrid Betancourt record\u00f3 los falsos positivos, las ejecuciones extrajudiciales a manos de soldados que han dejado al menos\u00a06.402 civiles asesinados que en su d\u00eda fueron presentados como bajas en combate.\u00a0\u201cNo puede haber impunidad. El Gobierno tiene que hacer lo necesario para esclarecer. El Estado tiene que protegernos para recuperar la confianza y permitir la reconciliaci\u00f3n\u201c, pidi\u00f3. El candidato de la derecha, Federico Guti\u00e9rrez, tambi\u00e9n pidi\u00f3 \u201cinvestigar con urgencia\u201d el caso, aunque destac\u00f3 que las fuerzas armadas \u201ctienen y seguir\u00e1n teniendo como norte el respeto riguroso a los derechos humanos\u201d, algo que est\u00e1, precisamente, en el centro del debate a Molano.<\/p>\n\n\n\n<p class=\"wp-block-paragraph\">No es la primera vez que el ministro es llamado a dar explicaciones en el Congreso. Tampoco para el Gobierno de Iv\u00e1n Duque.\u00a0Sus tres ministros de Defensa han sido cuestionados por la legitimidad en operativos en los que han muerto menores de edad.\u00a0El primero de ellos fue Guillermo Botero, quien dimiti\u00f3 en la v\u00edspera de una moci\u00f3n de censura cuando se supo que no hab\u00eda informado de la muerte de ocho menores de edad durante un bombardeo en Guaviare. M\u00e1s adelante, el propio Molano tuvo que presentarse ante el Senado para responder por la muerte de un menor en un operativo contra disidencias de las FARC. En ese momento dijo que la discusi\u00f3n no era de legitimidad sino de \u201cc\u00f3mo las disidencias de las FARC siguen reclutando a estos j\u00f3venes y los convierten en m\u00e1quinas de guerra\u201d.<\/p>\n\n\n\n<p class=\"wp-block-paragraph\">Como el presidente y la c\u00fapula del Ej\u00e9rcito, Molano repite ahora el mantra de que la operaci\u00f3n fue leg\u00edtima. El Congreso, por su parte, exigir\u00e1 que explique c\u00f3mo en una incursi\u00f3n planeada desde hace cinco meses con inteligencia caen civiles y no consiguen capturar al objetivo.<\/p>\n\n\n\n<p class=\"wp-block-paragraph\">Fuente: elpa\u00eds<\/p>\n","protected":false},"excerpt":{"rendered":"<p>\u201cNo es la primera operaci\u00f3n donde caen mujeres embarazadas y menores de edad combatientes\u201d. Las palabras del jefe del Ej\u00e9rcito de Colombia, el general Eduardo Zapateiro, sobre el operativo que termin\u00f3 en masacre en Putumayo entregadas a un medio local prometen caldear a\u00fan m\u00e1s el ambiente pol\u00edtico en el pa\u00eds. Despu\u00e9s de la pregunta del [&hellip;]<\/p>\n","protected":false},"author":2,"featured_media":105023,"comment_status":"open","ping_status":"open","sticky":false,"template":"","format":"standard","meta":{"footnotes":""},"categories":[8],"tags":[],"class_list":["post-105022","post","type-post","status-publish","format-standard","has-post-thumbnail","hentry","category-internacionales"],"_links":{"self":[{"href":"http:\/\/elcuartopoder.com.mx\/nw\/wp-json\/wp\/v2\/posts\/105022","targetHints":{"allow":["GET"]}}],"collection":[{"href":"http:\/\/elcuartopoder.com.mx\/nw\/wp-json\/wp\/v2\/posts"}],"about":[{"href":"http:\/\/elcuartopoder.com.mx\/nw\/wp-json\/wp\/v2\/types\/post"}],"author":[{"embeddable":true,"href":"http:\/\/elcuartopoder.com.mx\/nw\/wp-json\/wp\/v2\/users\/2"}],"replies":[{"embeddable":true,"href":"http:\/\/elcuartopoder.com.mx\/nw\/wp-json\/wp\/v2\/comments?post=105022"}],"version-history":[{"count":2,"href":"http:\/\/elcuartopoder.com.mx\/nw\/wp-json\/wp\/v2\/posts\/105022\/revisions"}],"predecessor-version":[{"id":105025,"href":"http:\/\/elcuartopoder.com.mx\/nw\/wp-json\/wp\/v2\/posts\/105022\/revisions\/105025"}],"wp:featuredmedia":[{"embeddable":true,"href":"http:\/\/elcuartopoder.com.mx\/nw\/wp-json\/wp\/v2\/media\/105023"}],"wp:attachment":[{"href":"http:\/\/elcuartopoder.com.mx\/nw\/wp-json\/wp\/v2\/media?parent=105022"}],"wp:term":[{"taxonomy":"category","embeddable":true,"href":"http:\/\/elcuartopoder.com.mx\/nw\/wp-json\/wp\/v2\/categories?post=105022"},{"taxonomy":"post_tag","embeddable":true,"href":"http:\/\/elcuartopoder.com.mx\/nw\/wp-json\/wp\/v2\/tags?post=105022"}],"curies":[{"name":"wp","href":"https:\/\/api.w.org\/{rel}","templated":true}]}}