{"id":105045,"date":"2022-04-13T13:36:39","date_gmt":"2022-04-13T18:36:39","guid":{"rendered":"http:\/\/elcuartopoder.com.mx\/nw\/?p=105045"},"modified":"2022-04-13T13:36:41","modified_gmt":"2022-04-13T18:36:41","slug":"recoleccion-de-basura-en-zona-turistica-de-playa-del-carmen-sera-las-24-horas-en-vacaciones-lili-campos","status":"publish","type":"post","link":"http:\/\/elcuartopoder.com.mx\/nw\/municipales\/recoleccion-de-basura-en-zona-turistica-de-playa-del-carmen-sera-las-24-horas-en-vacaciones-lili-campos\/","title":{"rendered":"Recolecci\u00f3n de basura en zona tur\u00edstica de Playa del Carmen ser\u00e1 las 24 horas en vacaciones: Lili Campos"},"content":{"rendered":"\n<p class=\"wp-block-paragraph\">PLAYA DEL CARMEN, MX.- La recolecci\u00f3n de basura en la zona tur\u00edstica de Playa del Carmen ser\u00e1 las 24 horas, durante la presente temporada vacacional de Semana Santa, inform\u00f3 la Presidente municipal de Solidaridad, Lili Campos Miranda.<\/p>\n\n\n\n<p class=\"wp-block-paragraph\">La alcaldesa se\u00f1al\u00f3 que integrar\u00e1n m\u00e1s unidades recolectoras de basura, para evitar la acumulaci\u00f3n de los desechos s\u00f3lidos por la llegada de m\u00e1s turistas y visitantes.<\/p>\n\n\n\n<p class=\"wp-block-paragraph\">\u201cEn lo que refiere a servicios p\u00fablicos, he pedido implementar m\u00e1s unidades de ruta para poder fortalecer la zona, porque vamos a tener m\u00e1s turistas, m\u00e1s visitantes y obviamente va a haber m\u00e1s basura\u201d.<\/p>\n\n\n\n<p class=\"wp-block-paragraph\">\u201cLa intenci\u00f3n es estar listos y preparados para que la recolecta de basura en la zona tur\u00edstica sea 24 horas\u201d, a\u00f1adi\u00f3 la alcaldesa quien el lunes pasado<\/p>\n\n\n\n<p class=\"wp-block-paragraph\">dio el banderazo de inicio del operativo de Semana Santa en Solidaridad en el que adem\u00e1s de los cuerpos de emergencia tambi\u00e9n se sumar\u00e1n var\u00edas secretar\u00edas municipales para mantener los servicios p\u00fablicos en Solidaridad.<\/p>\n\n\n\n<p class=\"wp-block-paragraph\">Fuente: Noticaribe<\/p>\n","protected":false},"excerpt":{"rendered":"<p>PLAYA DEL CARMEN, MX.- La recolecci\u00f3n de basura en la zona tur\u00edstica de Playa del Carmen ser\u00e1 las 24 horas, durante la presente temporada vacacional de Semana Santa, inform\u00f3 la Presidente municipal de Solidaridad, Lili Campos Miranda. La alcaldesa se\u00f1al\u00f3 que integrar\u00e1n m\u00e1s unidades recolectoras de basura, para evitar la acumulaci\u00f3n de los desechos s\u00f3lidos [&hellip;]<\/p>\n","protected":false},"author":2,"featured_media":105046,"comment_status":"open","ping_status":"open","sticky":false,"template":"","format":"standard","meta":{"footnotes":""},"categories":[6],"tags":[],"class_list":["post-105045","post","type-post","status-publish","format-standard","has-post-thumbnail","hentry","category-municipales"],"_links":{"self":[{"href":"http:\/\/elcuartopoder.com.mx\/nw\/wp-json\/wp\/v2\/posts\/105045","targetHints":{"allow":["GET"]}}],"collection":[{"href":"http:\/\/elcuartopoder.com.mx\/nw\/wp-json\/wp\/v2\/posts"}],"about":[{"href":"http:\/\/elcuartopoder.com.mx\/nw\/wp-json\/wp\/v2\/types\/post"}],"author":[{"embeddable":true,"href":"http:\/\/elcuartopoder.com.mx\/nw\/wp-json\/wp\/v2\/users\/2"}],"replies":[{"embeddable":true,"href":"http:\/\/elcuartopoder.com.mx\/nw\/wp-json\/wp\/v2\/comments?post=105045"}],"version-history":[{"count":1,"href":"http:\/\/elcuartopoder.com.mx\/nw\/wp-json\/wp\/v2\/posts\/105045\/revisions"}],"predecessor-version":[{"id":105047,"href":"http:\/\/elcuartopoder.com.mx\/nw\/wp-json\/wp\/v2\/posts\/105045\/revisions\/105047"}],"wp:featuredmedia":[{"embeddable":true,"href":"http:\/\/elcuartopoder.com.mx\/nw\/wp-json\/wp\/v2\/media\/105046"}],"wp:attachment":[{"href":"http:\/\/elcuartopoder.com.mx\/nw\/wp-json\/wp\/v2\/media?parent=105045"}],"wp:term":[{"taxonomy":"category","embeddable":true,"href":"http:\/\/elcuartopoder.com.mx\/nw\/wp-json\/wp\/v2\/categories?post=105045"},{"taxonomy":"post_tag","embeddable":true,"href":"http:\/\/elcuartopoder.com.mx\/nw\/wp-json\/wp\/v2\/tags?post=105045"}],"curies":[{"name":"wp","href":"https:\/\/api.w.org\/{rel}","templated":true}]}}