{"id":105051,"date":"2022-04-13T13:44:39","date_gmt":"2022-04-13T18:44:39","guid":{"rendered":"http:\/\/elcuartopoder.com.mx\/nw\/?p=105051"},"modified":"2022-04-13T13:44:43","modified_gmt":"2022-04-13T18:44:43","slug":"este-sabado-llega-la-lluvia-de-estrellas-mas-esperada-del-ano","status":"publish","type":"post","link":"http:\/\/elcuartopoder.com.mx\/nw\/varios\/este-sabado-llega-la-lluvia-de-estrellas-mas-esperada-del-ano\/","title":{"rendered":"Este s\u00e1bado llega la lluvia de estrellas m\u00e1s esperada del a\u00f1o"},"content":{"rendered":"\n<p class=\"wp-block-paragraph\">Este s\u00e1bado 16 de abril se avistar\u00e1 una de las&nbsp;<strong>lluvias de estrellas m\u00e1s esperadas del a\u00f1o:<\/strong>&nbsp;las l\u00edridas.<\/p>\n\n\n\n<p class=\"wp-block-paragraph\">La lluvia de estrellas&nbsp;<strong>L\u00edridas&nbsp;<\/strong>ofrecer\u00e1n la aparici\u00f3n de hasta 20 meteoros en el momento en que alcancen su mayor magnitud, pues no son visibles s\u00f3lo por un d\u00eda, sino que viajan por el firmamento a lo largo de 10 d\u00edas, revel\u00f3 el&nbsp;<strong>doctor en astrof\u00edsica Jos\u00e9 Franco<\/strong>.<\/p>\n\n\n\n<p class=\"wp-block-paragraph\">El integrante del Instituto de Astronom\u00eda (IA) de la UNAM, explic\u00f3 que a lo largo del a\u00f1o ocurren diferentes lluvias de estrellas. Pero estos fen\u00f3menos no ocurren por si solos, sino que nuestro planeta interviene, por as\u00ed llamarlo, para que se efect\u00faen.<\/p>\n\n\n\n<p class=\"wp-block-paragraph\">Esto ocurre mientras la Tierra se encuentra rotando, momento en el que atraviesa una regi\u00f3n por la que pas\u00f3 un comenta. A su vez,&nbsp;<strong>cuando un cometa se acerca al Sol<\/strong>, se evaporan fragmentos de su cuerpo, que forman parte de su exterior, y dejan un remanente que es la \u00abcola de polvo\u00bb, pero adem\u00e1s, sueltan una estela de piedra. Por consiguiente, la trayectoria por la que pasa un cometa queda colmada de peque\u00f1as piedras que formaron parte del mismo.<\/p>\n\n\n\n<blockquote class=\"wp-block-quote is-layout-flow wp-block-quote-is-layout-flow\"><p>\u00abCuando nuestra Tierra atraviesa la trayectoria por donde pas\u00f3 el cometa, se encuentra con estas piedritas que, m\u00e1s tarde, ingresan a la atm\u00f3sfera de nuestro planeta. Ese justo momento es cuando la lluvia de estrellas es visible para los ojos de la o el espectador\u201d.<\/p><\/blockquote>\n\n\n\n<h2 class=\"wp-block-heading\">\u00bfDe d\u00f3nde provienen las L\u00edridas?<\/h2>\n\n\n\n<p class=\"wp-block-paragraph\">El cometa que da origen a las piedras de las L\u00edridas es \u00abC\/1861 G1 (Thatcher)\u00bb, localizado cerca de la estrella Vega, en la constelaci\u00f3n de la Lira (de ah\u00ed proviene su nombre), que pas\u00f3 cerca del Sol en 1861: hace 161 a\u00f1os.<\/p>\n\n\n\n<p class=\"wp-block-paragraph\">Su trayectoria -detall\u00f3 el doctor Franco- es bastante larga, pues le da vueltas al Sol cada 415 a\u00f1os, aproximadamente.<\/p>\n\n\n\n<p class=\"wp-block-paragraph\">Esto quiere decir que el cometa volver\u00e1 a visitar al gran astro hasta el a\u00f1o 2276.<\/p>\n\n\n\n<p class=\"wp-block-paragraph\">Cuando un cometa se acerca al Sol, la luz de este hace que el cometa se evapore: \u00abCalienta la superficie del cometa y evapora parte de su material\u00bb, convirti\u00e9ndolas en estas peque\u00f1as piedras, indic\u00f3.<\/p>\n\n\n\n<p class=\"wp-block-paragraph\">Las piedras tambi\u00e9n dan vuelta al Sol, de la misma manera en que lo hace la trayectoria del cometa. Posteriormente,&nbsp;<strong>durante el movimiento de rotaci\u00f3n de la Tierra<\/strong>, las piedras penetran a nuestro planeta, atra\u00eddas por la atm\u00f3sfera, por su gravedad.<\/p>\n\n\n\n<blockquote class=\"wp-block-quote is-layout-flow wp-block-quote-is-layout-flow\"><p>\u00abEntran a la atm\u00f3sfera de la Tierra muy r\u00e1pido, se calientan y se vuelven incandescentes, por la fricci\u00f3n. Por eso son llamadas estrellas fugaces\u00bb.<\/p><\/blockquote>\n\n\n\n<p class=\"wp-block-paragraph\">Es as\u00ed que el astrof\u00edsico explic\u00f3 que&nbsp;<strong>una lluvia de estrellas no es m\u00e1s que un c\u00famulo de peque\u00f1as piedras<\/strong>&nbsp;que entran casi simult\u00e1neamente a nuestra atm\u00f3sfera.<\/p>\n\n\n\n<h2 class=\"wp-block-heading\">\u00bfQu\u00e9 nos espera la noche de las L\u00edridas?<\/h2>\n\n\n\n<p class=\"wp-block-paragraph\">De acuerdo con el acad\u00e9mico de la UNAM, la velocidad con la que las piedras acceden a la Tierra es muy r\u00e1pida, a 160 mil kil\u00f3metros por hora, \u00abson rapid\u00edsimas\u00bb.<\/p>\n\n\n\n<p class=\"wp-block-paragraph\">Cada abril, la Tierra atravesar\u00e1 la zona en la que el cometa C\/1861 G1 dejo su rastro (las piedras de las L\u00edridas),&nbsp;<strong>este momento tiene lugar entre el 16 al 26 de abril<\/strong>.<\/p>\n\n\n\n<p class=\"wp-block-paragraph\">La constelaci\u00f3n m\u00e1s brillante de Lira, de donde presuntamente proviene este comenta, es la estrella Vega, una de las m\u00e1s cercanas a nuestro planeta, a 25 a\u00f1os luz aproximadamente, por eso luce brillante en el cielo nocturno.<\/p>\n\n\n\n<p class=\"wp-block-paragraph\">Esta lluvia de estrellas es importante para la zona en donde vivimos porque ocurre en una \u00e9poca del a\u00f1o en la que a\u00fan no hay lluvias, pues las precipitaciones y los d\u00edas nublados, en el verano y el oto\u00f1o, impiden que alcancemos a observarlas en el cielo.<\/p>\n\n\n\n<blockquote class=\"wp-block-quote is-layout-flow wp-block-quote-is-layout-flow\"><p>\u00abPara M\u00e9xico son relevantes, aunque la luz de la ciudad molesta mucho, por lo que hay que viajar a zonas alejadas de la metr\u00f3poli\u00bb.<\/p><\/blockquote>\n\n\n\n<p class=\"wp-block-paragraph\">A simple vista podr\u00e1n disfrutarse, el \u00fanico impedimento para que brillen en toda su magnitud ser\u00e1 la presencia de la Luna, por lo que el doctor sugiri\u00f3 evitar observar el evento astron\u00f3mico en direcci\u00f3n a la Luna.<\/p>\n\n\n\n<p class=\"wp-block-paragraph\">Mientras que la constelaci\u00f3n de la Lira se ubica en el norte (hacia la estrella polar), la ubicaci\u00f3n lunar se dirige al este. En este momento la fase lunar ser\u00e1 del 58,2%.<\/p>\n\n\n\n<p class=\"wp-block-paragraph\">Su frecuencia\u00a0<strong>ser\u00e1 de cinco a 20 meteoros por hora<\/strong>. El m\u00e1ximo de estas llegar\u00e1 entre el 22 al 23 de abril, cuando se avisten 20 piedras por horas.\u00a0<\/p>\n\n\n\n<p class=\"wp-block-paragraph\">Fuente: SIPSE<\/p>\n","protected":false},"excerpt":{"rendered":"<p>Este s\u00e1bado 16 de abril se avistar\u00e1 una de las&nbsp;lluvias de estrellas m\u00e1s esperadas del a\u00f1o:&nbsp;las l\u00edridas. La lluvia de estrellas&nbsp;L\u00edridas&nbsp;ofrecer\u00e1n la aparici\u00f3n de hasta 20 meteoros en el momento en que alcancen su mayor magnitud, pues no son visibles s\u00f3lo por un d\u00eda, sino que viajan por el firmamento a lo largo de 10 [&hellip;]<\/p>\n","protected":false},"author":2,"featured_media":105052,"comment_status":"open","ping_status":"open","sticky":false,"template":"","format":"standard","meta":{"footnotes":""},"categories":[64],"tags":[],"class_list":["post-105051","post","type-post","status-publish","format-standard","has-post-thumbnail","hentry","category-varios"],"_links":{"self":[{"href":"http:\/\/elcuartopoder.com.mx\/nw\/wp-json\/wp\/v2\/posts\/105051","targetHints":{"allow":["GET"]}}],"collection":[{"href":"http:\/\/elcuartopoder.com.mx\/nw\/wp-json\/wp\/v2\/posts"}],"about":[{"href":"http:\/\/elcuartopoder.com.mx\/nw\/wp-json\/wp\/v2\/types\/post"}],"author":[{"embeddable":true,"href":"http:\/\/elcuartopoder.com.mx\/nw\/wp-json\/wp\/v2\/users\/2"}],"replies":[{"embeddable":true,"href":"http:\/\/elcuartopoder.com.mx\/nw\/wp-json\/wp\/v2\/comments?post=105051"}],"version-history":[{"count":1,"href":"http:\/\/elcuartopoder.com.mx\/nw\/wp-json\/wp\/v2\/posts\/105051\/revisions"}],"predecessor-version":[{"id":105053,"href":"http:\/\/elcuartopoder.com.mx\/nw\/wp-json\/wp\/v2\/posts\/105051\/revisions\/105053"}],"wp:featuredmedia":[{"embeddable":true,"href":"http:\/\/elcuartopoder.com.mx\/nw\/wp-json\/wp\/v2\/media\/105052"}],"wp:attachment":[{"href":"http:\/\/elcuartopoder.com.mx\/nw\/wp-json\/wp\/v2\/media?parent=105051"}],"wp:term":[{"taxonomy":"category","embeddable":true,"href":"http:\/\/elcuartopoder.com.mx\/nw\/wp-json\/wp\/v2\/categories?post=105051"},{"taxonomy":"post_tag","embeddable":true,"href":"http:\/\/elcuartopoder.com.mx\/nw\/wp-json\/wp\/v2\/tags?post=105051"}],"curies":[{"name":"wp","href":"https:\/\/api.w.org\/{rel}","templated":true}]}}