{"id":106126,"date":"2022-05-13T15:01:40","date_gmt":"2022-05-13T20:01:40","guid":{"rendered":"http:\/\/elcuartopoder.com.mx\/nw\/?p=106126"},"modified":"2022-05-13T15:01:43","modified_gmt":"2022-05-13T20:01:43","slug":"al-menos-500-ninos-indigenas-muertos-en-internados-de-estados-unidos","status":"publish","type":"post","link":"http:\/\/elcuartopoder.com.mx\/nw\/internacionales\/al-menos-500-ninos-indigenas-muertos-en-internados-de-estados-unidos\/","title":{"rendered":"Al menos 500 ni\u00f1os ind\u00edgenas muertos en internados de Estados Unidos"},"content":{"rendered":"\n<p>Nueva York. La primera investigaci\u00f3n federal de escuelas-internados que durante 150 a\u00f1os operaron en Estados Unidos con el objetivo de anular la identidad cultural de miles de ni\u00f1os ind\u00edgenas -los cuales fueron arrancados de sus familias y comunidades- ha identificado en su etapa inicial m\u00e1s de 500 muertes de alumnos en esas instituciones.<\/p>\n\n\n\n<p>Seg\u00fan el informe emitido este mi\u00e9rcoles por el Departamento del Interior, se han identificado 408 escuelas que operaron en 37 estados y territorios entre 1819 a 1969. Las cifras iniciales de las muertes de alumnos son s\u00f3lo de 20 de estas instituciones.<\/p>\n\n\n\n<p>El Departamento del Interior que, entre sus funciones se encarga de relaciones con la poblaci\u00f3n ind\u00edgena de Estados Unidos y que administr\u00f3 el sistema de internados, inform\u00f3 que al continuar con su investigaci\u00f3n se espera que el n\u00famero de muertes estudiantiles identificadas podr\u00eda ascender hasta decenas de miles.<\/p>\n\n\n\n<p>Las pol\u00edticas federales de las escuelas-internados para ind\u00edgenas aplicadas durante siglo y medio ten\u00edan \u201cel doble objetivo de asimilaci\u00f3n cultural y despojo territorial de pueblos ind\u00edgenas a trav\u00e9s de la remoci\u00f3n y reubicaci\u00f3n forzada de sus hijos\u201d, report\u00f3 el Departamento del Interior al presentar el primer volumen de su investigaci\u00f3n.<\/p>\n\n\n\n<p>Las muertes de alumnos fueron resultado de abuso, enfermedades y accidentes, seg\u00fan el informe. Algunas de las escuelas fueron administradas directamente por el gobierno federal, y otras fueron operadas por organizaciones religiosas, cat\u00f3licas y protestantes, con financiamiento y supervisi\u00f3n federal.<\/p>\n\n\n\n<p>\u201cLas consecuencias de las pol\u00edticas federales de los internados para ind\u00edgenas -incluyendo el trauma intergeneracional causado por la separaci\u00f3n de familias y la erradicaci\u00f3n cultural infligida sobre generaciones de ni\u00f1os tan j\u00f3venes hasta de 4 a\u00f1os de edad- son desgarradoras e innegables\u201d, declar\u00f3 la secretaria del Interior Deb Haaland, ind\u00edgena pueblo de Laguna y primera persona ind\u00edgena en un gabinete presidencial en la historia del pa\u00eds, al presentar el informe.<\/p>\n\n\n\n<p>\u201cMuchos estadunidenses podr\u00edan alarmarse al enterarse de que Estados Unidos tambi\u00e9n tiene una historia de arrancar a ni\u00f1os nativos de sus familias en un esfuerzo para erradicar nuestra cultura y borrarnos como pueblo. Es una historia de la cual tenemos que aprender si nuestro pa\u00eds busca curarse de esta era tragedia\u201d, escribi\u00f3 Haaland en un art\u00edculo de opini\u00f3n publicado este mi\u00e9rcoles en el Washington Post, recordando que sus propios abuelos maternos y su bisabuelo fueron enviados a la fuerza a estos internados.<\/p>\n\n\n\n<p>Informa que durante m\u00e1s de un siglo, decenas de miles de ni\u00f1os fueron arrancados de sus comunidades y colocados en estos internados, y hay c\u00e1lculos de que para 1926, casi un 83 por ciento de ind\u00edgenas de edad escolar estaban en ese sistema. Muchos fueron castigados f\u00edsicamente si se atrev\u00edan a hablar en sus idiomas o practicar sus tradiciones. Un fundador de una de estas escuelas resumi\u00f3 la misi\u00f3n de este sistema como \u201cmata al ind\u00edgena, salva al hombre\u201d.<\/p>\n\n\n\n<p>La investigaci\u00f3n federal impulsada por Haaland es una respuesta al hecho de que nunca antes el gobierno ha rendido cuentas sobre este sistema para ni\u00f1os ind\u00edgenas, incluyendo las muertes de alumnos. Haaland tambi\u00e9n anunci\u00f3 que se iniciar\u00e1 una gira de funcionarios de su secretar\u00eda durante un a\u00f1o por el pa\u00eds para que ex estudiantes ind\u00edgenas de estos internados compartan sus memorias como parte de una colecci\u00f3n de historia oral permanente.<\/p>\n\n\n\n<p>Deborah Parker de la Coalicion Nacional de Saneamiento de los Internados Ind\u00edgenas Americanos, organizaci\u00f3n que ayud\u00f3 al Departamento del Interior en la identificaci\u00f3n de las escuelas, coment\u00f3 a la agencia Ap que elogia el trabajo inicial pero que se requiere m\u00e1s del gobierno. \u201cNuestros ni\u00f1os merecen ser regresados a cada familia. Estamos aqu\u00ed por hacerles justicia y no vamos a dejar de abogar por ello hasta que Estados Unidos rinda cuentas plenas por el genocidio cometido contra los ni\u00f1os nativos\u201d.<\/p>\n\n\n\n<p>Fuente: jornada<\/p>\n","protected":false},"excerpt":{"rendered":"<p>Nueva York. La primera investigaci\u00f3n federal de escuelas-internados que durante 150 a\u00f1os operaron en Estados Unidos con el objetivo de anular la identidad cultural de miles de ni\u00f1os ind\u00edgenas -los cuales fueron arrancados de sus familias y comunidades- ha identificado en su etapa inicial m\u00e1s de 500 muertes de alumnos en esas instituciones. Seg\u00fan el [&hellip;]<\/p>\n","protected":false},"author":2,"featured_media":106127,"comment_status":"open","ping_status":"open","sticky":false,"template":"","format":"standard","meta":{"footnotes":""},"categories":[8],"tags":[],"class_list":["post-106126","post","type-post","status-publish","format-standard","has-post-thumbnail","hentry","category-internacionales"],"_links":{"self":[{"href":"http:\/\/elcuartopoder.com.mx\/nw\/wp-json\/wp\/v2\/posts\/106126","targetHints":{"allow":["GET"]}}],"collection":[{"href":"http:\/\/elcuartopoder.com.mx\/nw\/wp-json\/wp\/v2\/posts"}],"about":[{"href":"http:\/\/elcuartopoder.com.mx\/nw\/wp-json\/wp\/v2\/types\/post"}],"author":[{"embeddable":true,"href":"http:\/\/elcuartopoder.com.mx\/nw\/wp-json\/wp\/v2\/users\/2"}],"replies":[{"embeddable":true,"href":"http:\/\/elcuartopoder.com.mx\/nw\/wp-json\/wp\/v2\/comments?post=106126"}],"version-history":[{"count":1,"href":"http:\/\/elcuartopoder.com.mx\/nw\/wp-json\/wp\/v2\/posts\/106126\/revisions"}],"predecessor-version":[{"id":106128,"href":"http:\/\/elcuartopoder.com.mx\/nw\/wp-json\/wp\/v2\/posts\/106126\/revisions\/106128"}],"wp:featuredmedia":[{"embeddable":true,"href":"http:\/\/elcuartopoder.com.mx\/nw\/wp-json\/wp\/v2\/media\/106127"}],"wp:attachment":[{"href":"http:\/\/elcuartopoder.com.mx\/nw\/wp-json\/wp\/v2\/media?parent=106126"}],"wp:term":[{"taxonomy":"category","embeddable":true,"href":"http:\/\/elcuartopoder.com.mx\/nw\/wp-json\/wp\/v2\/categories?post=106126"},{"taxonomy":"post_tag","embeddable":true,"href":"http:\/\/elcuartopoder.com.mx\/nw\/wp-json\/wp\/v2\/tags?post=106126"}],"curies":[{"name":"wp","href":"https:\/\/api.w.org\/{rel}","templated":true}]}}