{"id":106143,"date":"2022-05-14T09:06:13","date_gmt":"2022-05-14T14:06:13","guid":{"rendered":"http:\/\/elcuartopoder.com.mx\/nw\/?p=106143"},"modified":"2022-05-14T09:06:14","modified_gmt":"2022-05-14T14:06:14","slug":"lo-que-dijo-ana-guevara-del-retiro-de-paola-espinosa","status":"publish","type":"post","link":"http:\/\/elcuartopoder.com.mx\/nw\/entretenimiento\/deportes\/lo-que-dijo-ana-guevara-del-retiro-de-paola-espinosa\/","title":{"rendered":"Lo que dijo Ana Guevara del retiro de Paola Espinosa"},"content":{"rendered":"\n<p>Paola Espinosa anunci\u00f3 su retiro como clavadista, y dej\u00f3 en alguna de sus declaraciones el hecho de que ella ha vivido la peor gesti\u00f3n de la CONADE a cargo de Ana Guevara.<\/p>\n\n\n\n<p>Ante tal hecho, se cuestion\u00f3 el papel que hab\u00eda jugado Ana Gabriela Guevara, directora de la Comisi\u00f3n Nacional de Cultura F\u00edsica y Deporte (CONADE), en la decisi\u00f3n de Espinosa S\u00e1nchez para dejar de practicar el deporte que la llev\u00f3 a colgarse diferentes medallas.<\/p>\n\n\n\n<p>Durante el Festival Deportivo de Ecuestre realizado en Quer\u00e9taro, Ana Guevara habl\u00f3 con diversos medios sobre el retiro de Paola Espinosa y comparti\u00f3 la reacci\u00f3n que le gener\u00f3 la noticia. En primera instancia la funcionaria p\u00fablica evit\u00f3 caer en la pol\u00e9mica pues solo agradeci\u00f3 la trayectoria de la ex clavadista y los triunfos que le dej\u00f3 a la Federaci\u00f3n Mexicana de Nataci\u00f3n, principalmente en su disciplina.<\/p>\n\n\n\n<p>\u201cNo tengo nada que decir al respecto, solo como representante del gobierno de M\u00e9xico solo decirle felicidades, gracias por lo que hizo y lo que logr\u00f3\u201d.<\/p>\n\n\n\n<p>Por otra parte, en relaci\u00f3n al conflicto que protagonizaron ambas ex atletas previo a los Juegos Ol\u00edmpicos de Tokio 2020 y de todas las declaraciones que circularon -en las que Paola acus\u00f3 a la gesti\u00f3n de Ana Guevara de ser la responsable por no llevarla a competir en la m\u00e1xima justa deportiva- la directora de la CONADE se limit\u00f3 a decir: \u201cY en torno a sus dichos, no hay nada que decir\u201d.<\/p>\n\n\n\n<p>Fuente: XEU<\/p>\n","protected":false},"excerpt":{"rendered":"<p>Paola Espinosa anunci\u00f3 su retiro como clavadista, y dej\u00f3 en alguna de sus declaraciones el hecho de que ella ha vivido la peor gesti\u00f3n de la CONADE a cargo de Ana Guevara. Ante tal hecho, se cuestion\u00f3 el papel que hab\u00eda jugado Ana Gabriela Guevara, directora de la Comisi\u00f3n Nacional de Cultura F\u00edsica y Deporte [&hellip;]<\/p>\n","protected":false},"author":2,"featured_media":106144,"comment_status":"open","ping_status":"open","sticky":false,"template":"","format":"standard","meta":{"footnotes":""},"categories":[7],"tags":[],"class_list":["post-106143","post","type-post","status-publish","format-standard","has-post-thumbnail","hentry","category-deportes"],"_links":{"self":[{"href":"http:\/\/elcuartopoder.com.mx\/nw\/wp-json\/wp\/v2\/posts\/106143","targetHints":{"allow":["GET"]}}],"collection":[{"href":"http:\/\/elcuartopoder.com.mx\/nw\/wp-json\/wp\/v2\/posts"}],"about":[{"href":"http:\/\/elcuartopoder.com.mx\/nw\/wp-json\/wp\/v2\/types\/post"}],"author":[{"embeddable":true,"href":"http:\/\/elcuartopoder.com.mx\/nw\/wp-json\/wp\/v2\/users\/2"}],"replies":[{"embeddable":true,"href":"http:\/\/elcuartopoder.com.mx\/nw\/wp-json\/wp\/v2\/comments?post=106143"}],"version-history":[{"count":1,"href":"http:\/\/elcuartopoder.com.mx\/nw\/wp-json\/wp\/v2\/posts\/106143\/revisions"}],"predecessor-version":[{"id":106145,"href":"http:\/\/elcuartopoder.com.mx\/nw\/wp-json\/wp\/v2\/posts\/106143\/revisions\/106145"}],"wp:featuredmedia":[{"embeddable":true,"href":"http:\/\/elcuartopoder.com.mx\/nw\/wp-json\/wp\/v2\/media\/106144"}],"wp:attachment":[{"href":"http:\/\/elcuartopoder.com.mx\/nw\/wp-json\/wp\/v2\/media?parent=106143"}],"wp:term":[{"taxonomy":"category","embeddable":true,"href":"http:\/\/elcuartopoder.com.mx\/nw\/wp-json\/wp\/v2\/categories?post=106143"},{"taxonomy":"post_tag","embeddable":true,"href":"http:\/\/elcuartopoder.com.mx\/nw\/wp-json\/wp\/v2\/tags?post=106143"}],"curies":[{"name":"wp","href":"https:\/\/api.w.org\/{rel}","templated":true}]}}