{"id":106997,"date":"2022-06-09T11:57:33","date_gmt":"2022-06-09T16:57:33","guid":{"rendered":"http:\/\/elcuartopoder.com.mx\/nw\/?p=106997"},"modified":"2022-06-09T11:57:37","modified_gmt":"2022-06-09T16:57:37","slug":"la-casa-del-rey-pide-a-juan-carlos-i-que-no-viaje-a-espana-este-verano-segun-el-entorno-del-emerito","status":"publish","type":"post","link":"http:\/\/elcuartopoder.com.mx\/nw\/internacionales\/la-casa-del-rey-pide-a-juan-carlos-i-que-no-viaje-a-espana-este-verano-segun-el-entorno-del-emerito\/","title":{"rendered":"La Casa del Rey pide a Juan Carlos I que no viaje a Espa\u00f1a este verano, seg\u00fan el entorno del em\u00e9rito"},"content":{"rendered":"\n<p>El rey em\u00e9rito Juan Carlos I viaj\u00f3 en avi\u00f3n privado, de Vigo a Madrid, el pasado lunes 23 de mayo, para reencontrarse tras casi dos a\u00f1os de ausencia del pa\u00eds con su hijo, el rey Felipe VI, y mantener una reuni\u00f3n bilateral en La Zarzuela. Fue ese d\u00eda, a solas, en una cita mucho m\u00e1s corta de lo que se inform\u00f3, cuando el hijo y jefe del Estado le comunic\u00f3 a su padre que no podr\u00eda volver a Sanxenxo (Pontevedra) para participar este pr\u00f3ximo fin de semana de junio en la regata de la copa del mundo de la clase 6mR de vela de la que es vigente campe\u00f3n. Personas del entorno del rey em\u00e9rito que estuvieron esos d\u00edas en Sanxenxo y han viajado a Abu Dabi en varias ocasiones aseguran que Felipe VI explic\u00f3 a su padre: \u201cEl show que se mont\u00f3 no se puede volver a repetir\u201d. Las mismas fuentes aseguran que se ha trasladado a Juan Carlos I que no deber\u00eda venir a Espa\u00f1a este verano.<\/p>\n\n\n\n<p>Desde la Casa del Rey se ha rechazado en esta ocasi\u00f3n facilitar ninguna informaci\u00f3n al respecto de este viaje frustrado de Juan Carlos I, que sit\u00faan en su \u00e1mbito libre de decisiones personales. Fuentes oficiales remarcan que el rey em\u00e9rito ya anticip\u00f3, en la carta que le envi\u00f3 al rey Felipe VI el 5 de marzo pasado, que estaba considerando mantener su residencia \u201cpermanente y estable en Abu Dabi\u201d aunque con la idea de retornar con frecuencia a Espa\u00f1a para visitar a la familia y amigos, pero en lugares de residencia privados.<\/p>\n\n\n\n<p>La presencia de Juan Carlos I aquel lunes 23 de mayo en el Palacio de La Zarzuela, su residencia oficial durante 57 a\u00f1os, se alarg\u00f3 casi 11 horas. Pero la cita a solas con su hijo fue mucho m\u00e1s corta: apenas 60 minutos, seg\u00fan fuentes cercanas al rey em\u00e9rito, que estuvieron con \u00e9l en Sanxenxo durante la regata del campeonato nacional de la clase 6m, que se desarroll\u00f3 en la r\u00eda de Pontevedra entre el 19 y el 22 de mayo. Fue durante esa charla de despacho cuando Felipe VI coment\u00f3 a Juan Carlos I que \u201cel show que se mont\u00f3 no se puede volver a repetir\u201d, seg\u00fan las mismas fuentes. Y de esa frase coligen que el m\u00e1ximo responsable de la Casa del Rey le comunic\u00f3 as\u00ed que ser\u00eda \u201caconsejable y preferible\u201d que no hubiera m\u00e1s viajes en la misma l\u00ednea en los pr\u00f3ximos meses.<\/p>\n\n\n\n<p>La experiencia, que habr\u00eda funcionado a modo de prueba, no result\u00f3 del agrado para el Gobierno ni tampoco para la actual Casa del Rey. Miembros del Ejecutivo llegaron a criticar su negativa a dar explicaciones y a pedir disculpas por la conducta que tuvo en los \u00faltimos a\u00f1os al manejar dinero en el extranjero a espaldas de Hacienda. Juan Carlos I s\u00ed pudo celebrar el 23 de mayo una comida en La Zarzuela con los Reyes y varios miembros de su familia, incluida su esposa, la reina Sof\u00eda, que estaba en la sala, pero apartada porque se hab\u00eda contagiado de covid. Tambi\u00e9n dedic\u00f3 otras horas de esa jornada a revisar papeles y pertenencias personales. En el comunicado que facilit\u00f3 entonces la Casa del Rey solo se afirm\u00f3 que don Juan Carlos y su hijo mantuvieron una conversaci\u00f3n \u201camplia\u201d sobre \u201ccuestiones familiares y distintos acontecimientos y sus consecuencias en la sociedad espa\u00f1ola\u201d desde que decidi\u00f3 irse a Abu Dabi, sin dar m\u00e1s detalles.<\/p>\n\n\n\n<p>El rey em\u00e9rito envi\u00f3 finalmente en la ma\u00f1ana de este martes un mensaje de WhatsApp, a trav\u00e9s del personal que le atiende en Abu Dabi, a su amigo y presidente del Real Club Na\u00fatico de Sanxenxo, Pedro Campos, en el que le indicaba que \u201cpor razones privadas y de \u00edndole personal\u201d no podr\u00e1 acudir a la copa del mundo de la clase 6mR de vela que comienza este viernes en la localidad gallega y que se prolongar\u00e1 hasta el 18 de junio. En Sanxenxo est\u00e1 ya todo listo para esa prueba, en la que tomar\u00e1n parte casi medio centenar de barcos de esa modalidad de varios pa\u00edses. Pedro Campos, un laureado regatista que es el patr\u00f3n del barco Brib\u00f3n que suele patronear el rey em\u00e9rito, fue el que alberg\u00f3 en su casa privada en una parroquia (una demarcaci\u00f3n menor al municipio) de Sanxenxo a Juan Carlos I durante los cuatro d\u00edas que pernoct\u00f3 all\u00ed. El em\u00e9rito no habl\u00f3 este martes directamente con Campos, con el que lleva varios d\u00edas sin mantener contacto.<\/p>\n\n\n\n<p>Fuentes cercanas al rey em\u00e9rito se\u00f1alan que Juan Carlos I quer\u00eda participar en esa regata porque es el vigente campe\u00f3n para defender el t\u00edtulo que obtuvo en Finlandia en 2019, como expres\u00f3 durante su estancia en Sanxenxo, y donde ya avanz\u00f3 que lo ten\u00eda todo preparado para acudir. Las mismas fuentes a\u00f1aden que fue el rey Felipe VI el que le indic\u00f3 en persona que ese deseo no deb\u00eda cumplirse ante la descontrolada repercusi\u00f3n social y medi\u00e1tica que hab\u00eda acaparado su estancia en mayo y le dej\u00f3 claro \u201cel mensaje\u201d de que \u201cno se ver\u00eda con buenos ojos\u201d otra visita similar. Personal a cargo del rey em\u00e9rito en Abu Dabi ha reiterado en los \u00faltimos d\u00edas a la jefatura de la Casa del Rey el inter\u00e9s de Juan Carlos I por presentarse este pr\u00f3ximo fin de semana en la competici\u00f3n de vela y se le repiti\u00f3 la respuesta de que \u201clas razones\u201d que Felipe VI le hab\u00eda adelantado segu\u00edan vigentes. Personas cercanas al rey em\u00e9rito, que estuvieron con \u00e9l en mayo en Sanxenxo y han viajado a Abu Dabi varias veces en los 21 meses que lleva residiendo all\u00ed, agregan que desde la Casa del Rey se le hizo llegar que no deber\u00eda volver a Espa\u00f1a durante este verano y que el asunto se podr\u00eda abordar de nuevo a partir de septiembre.<\/p>\n\n\n\n<p>Fuente: elpa\u00eds<\/p>\n","protected":false},"excerpt":{"rendered":"<p>El rey em\u00e9rito Juan Carlos I viaj\u00f3 en avi\u00f3n privado, de Vigo a Madrid, el pasado lunes 23 de mayo, para reencontrarse tras casi dos a\u00f1os de ausencia del pa\u00eds con su hijo, el rey Felipe VI, y mantener una reuni\u00f3n bilateral en La Zarzuela. Fue ese d\u00eda, a solas, en una cita mucho m\u00e1s [&hellip;]<\/p>\n","protected":false},"author":2,"featured_media":106998,"comment_status":"open","ping_status":"open","sticky":false,"template":"","format":"standard","meta":{"footnotes":""},"categories":[8],"tags":[],"class_list":["post-106997","post","type-post","status-publish","format-standard","has-post-thumbnail","hentry","category-internacionales"],"_links":{"self":[{"href":"http:\/\/elcuartopoder.com.mx\/nw\/wp-json\/wp\/v2\/posts\/106997","targetHints":{"allow":["GET"]}}],"collection":[{"href":"http:\/\/elcuartopoder.com.mx\/nw\/wp-json\/wp\/v2\/posts"}],"about":[{"href":"http:\/\/elcuartopoder.com.mx\/nw\/wp-json\/wp\/v2\/types\/post"}],"author":[{"embeddable":true,"href":"http:\/\/elcuartopoder.com.mx\/nw\/wp-json\/wp\/v2\/users\/2"}],"replies":[{"embeddable":true,"href":"http:\/\/elcuartopoder.com.mx\/nw\/wp-json\/wp\/v2\/comments?post=106997"}],"version-history":[{"count":1,"href":"http:\/\/elcuartopoder.com.mx\/nw\/wp-json\/wp\/v2\/posts\/106997\/revisions"}],"predecessor-version":[{"id":106999,"href":"http:\/\/elcuartopoder.com.mx\/nw\/wp-json\/wp\/v2\/posts\/106997\/revisions\/106999"}],"wp:featuredmedia":[{"embeddable":true,"href":"http:\/\/elcuartopoder.com.mx\/nw\/wp-json\/wp\/v2\/media\/106998"}],"wp:attachment":[{"href":"http:\/\/elcuartopoder.com.mx\/nw\/wp-json\/wp\/v2\/media?parent=106997"}],"wp:term":[{"taxonomy":"category","embeddable":true,"href":"http:\/\/elcuartopoder.com.mx\/nw\/wp-json\/wp\/v2\/categories?post=106997"},{"taxonomy":"post_tag","embeddable":true,"href":"http:\/\/elcuartopoder.com.mx\/nw\/wp-json\/wp\/v2\/tags?post=106997"}],"curies":[{"name":"wp","href":"https:\/\/api.w.org\/{rel}","templated":true}]}}