{"id":107018,"date":"2022-06-10T11:32:32","date_gmt":"2022-06-10T16:32:32","guid":{"rendered":"http:\/\/elcuartopoder.com.mx\/nw\/?p=107018"},"modified":"2022-06-10T11:32:36","modified_gmt":"2022-06-10T16:32:36","slug":"agrava-pandemia-condiciones-de-juzgados-y-tribunales","status":"publish","type":"post","link":"http:\/\/elcuartopoder.com.mx\/nw\/opinion\/agrava-pandemia-condiciones-de-juzgados-y-tribunales\/","title":{"rendered":"Agrava pandemia condiciones de juzgados y tribunales"},"content":{"rendered":"\n<p>Para los que calcul\u00e1bamos que la pandemia depurar\u00eda muchas de las pr\u00e1cticas obsoletas en nuestros sistemas de justicia y que heredar\u00edamos nuevas formas de relacionarnos con jueces y tribunales, debemos reconocer que nos equivocamos. De hecho, buena parte de los rezagos que se produjeron en estos dos a\u00f1os siguen pasando factura, y el trato herm\u00e9tico que asumieron algunos \u00f3rganos judiciales sigue vigente.<\/p>\n\n\n\n<p>Uno de los avances que se dieron en el periodo como respuesta a la emergencia fue la implantaci\u00f3n de sistemas digitales para la presentaci\u00f3n y gesti\u00f3n de diversos tipos de procedimientos. Si bien en aquel momento, como \u00fanica alternativa fueron empleados de manera generalizada, con el regreso de las \u2018ventanillas presenciales\u2019 su uso ha declinado sensiblemente a favor de las viejas pr\u00e1cticas. Parte de la problem\u00e1tica obedece a las constantes fallas de las plataformas y los nulos beneficios que aportan a sus usuarios. Adem\u00e1s, los abogados nos seguimos resistiendo a los cambios.<\/p>\n\n\n\n<p>El asunto no pasa \u00fanicamente por un viraje que en forma indispensable se reclama hacia mejores tecnolog\u00edas, sino por la necesaria revisi\u00f3n del colapso que los sistemas de administraci\u00f3n de justicia en el pa\u00eds enfrentan. La problem\u00e1tica va desde c\u00f3digos y leyes que exigen formalismos gravosos y onerosos, hasta las negativas cotidianas de los jueces a admitir demandas bajo argumentos inconfesables. En la construcci\u00f3n de la paradoja, basta considerar que una demanda rechazada indebidamente debe agotar todo un procedimiento de apelaci\u00f3n que exige muchas horas adicionales de magistrados y personal, ante lo que habr\u00eda requerido un solo acuerdo admisorio de 15 minutos.<\/p>\n\n\n\n<p>La inclusi\u00f3n de opciones de juicios orales en diversas instancias civiles y mercantiles no ha contribuido a acortar tiempos, y en matera penal es claro su desfase con relaci\u00f3n a fiscal\u00edas, jueces y abogados. La inercia de la historia parece seguir pesando demasiado frente a la v\u00e1lida intenci\u00f3n de aligerar los procesos y estimular las soluciones por v\u00eda de la pragm\u00e1tica reparaci\u00f3n de da\u00f1os.<\/p>\n\n\n\n<p>A la larga lista de carencias hay que agregar las p\u00e9simas condiciones laborales del personal, que van desde sueldos claramente bajos para el nivel de responsabilidad que entra\u00f1an, hasta la urgente necesidad de mejorar las instalaciones. S\u00f3lo en la Ciudad de M\u00e9xico, en esto tiempos, los empleados pasan la mayor parte de su jornada laboral en temperaturas superiores a los 35 grados. Todos estos factores se traducen en bajo rendimiento y constantes paros de los trabajadores en reclamo leg\u00edtimo por mejores condiciones de trabajo.<\/p>\n\n\n\n<p>En esta grave par\u00e1lisis, hay un atisbo de avance en el empleo generalizado de la mediaci\u00f3n, que tom\u00f3 nuevos espacios en la pandemia y que, si bien no puede aplicarse en todos los casos, con mediadores capacitados puede desahogar la carga en tribunales y abrir paso a los casos que lo requieran.<\/p>\n\n\n\n<p>Todos entendemos que existen graves carencias sociales que podr\u00edan requerir inversiones urgentes, pero es tambi\u00e9n evidente que recursos cuantiosos est\u00e1n siendo dirigidos a programas y obras de cuestionable beneficio. La administraci\u00f3n de justicia es el factor de mayor relevancia en la construcci\u00f3n del Estado de derecho, y no podemos regatear la relevancia de contar con condiciones m\u00ednimas de dignidad y eficacia para honrar el derecho humano de acceso a la justicia.<\/p>\n\n\n\n<p>Fuente: elfinanciero<\/p>\n","protected":false},"excerpt":{"rendered":"<p>Para los que calcul\u00e1bamos que la pandemia depurar\u00eda muchas de las pr\u00e1cticas obsoletas en nuestros sistemas de justicia y que heredar\u00edamos nuevas formas de relacionarnos con jueces y tribunales, debemos reconocer que nos equivocamos. De hecho, buena parte de los rezagos que se produjeron en estos dos a\u00f1os siguen pasando factura, y el trato herm\u00e9tico [&hellip;]<\/p>\n","protected":false},"author":2,"featured_media":107019,"comment_status":"open","ping_status":"open","sticky":false,"template":"","format":"standard","meta":{"footnotes":""},"categories":[62],"tags":[],"class_list":["post-107018","post","type-post","status-publish","format-standard","has-post-thumbnail","hentry","category-opinion"],"_links":{"self":[{"href":"http:\/\/elcuartopoder.com.mx\/nw\/wp-json\/wp\/v2\/posts\/107018","targetHints":{"allow":["GET"]}}],"collection":[{"href":"http:\/\/elcuartopoder.com.mx\/nw\/wp-json\/wp\/v2\/posts"}],"about":[{"href":"http:\/\/elcuartopoder.com.mx\/nw\/wp-json\/wp\/v2\/types\/post"}],"author":[{"embeddable":true,"href":"http:\/\/elcuartopoder.com.mx\/nw\/wp-json\/wp\/v2\/users\/2"}],"replies":[{"embeddable":true,"href":"http:\/\/elcuartopoder.com.mx\/nw\/wp-json\/wp\/v2\/comments?post=107018"}],"version-history":[{"count":1,"href":"http:\/\/elcuartopoder.com.mx\/nw\/wp-json\/wp\/v2\/posts\/107018\/revisions"}],"predecessor-version":[{"id":107020,"href":"http:\/\/elcuartopoder.com.mx\/nw\/wp-json\/wp\/v2\/posts\/107018\/revisions\/107020"}],"wp:featuredmedia":[{"embeddable":true,"href":"http:\/\/elcuartopoder.com.mx\/nw\/wp-json\/wp\/v2\/media\/107019"}],"wp:attachment":[{"href":"http:\/\/elcuartopoder.com.mx\/nw\/wp-json\/wp\/v2\/media?parent=107018"}],"wp:term":[{"taxonomy":"category","embeddable":true,"href":"http:\/\/elcuartopoder.com.mx\/nw\/wp-json\/wp\/v2\/categories?post=107018"},{"taxonomy":"post_tag","embeddable":true,"href":"http:\/\/elcuartopoder.com.mx\/nw\/wp-json\/wp\/v2\/tags?post=107018"}],"curies":[{"name":"wp","href":"https:\/\/api.w.org\/{rel}","templated":true}]}}