{"id":107128,"date":"2022-06-12T19:00:19","date_gmt":"2022-06-13T00:00:19","guid":{"rendered":"http:\/\/elcuartopoder.com.mx\/nw\/?p=107128"},"modified":"2022-06-12T19:00:21","modified_gmt":"2022-06-13T00:00:21","slug":"acude-mara-lezama-a-encuentro-de-unidad-de-morena-nacional","status":"publish","type":"post","link":"http:\/\/elcuartopoder.com.mx\/nw\/destacadas\/acude-mara-lezama-a-encuentro-de-unidad-de-morena-nacional\/","title":{"rendered":"ACUDE MARA LEZAMA A ENCUENTRO DE UNIDAD DE MORENA NACIONAL"},"content":{"rendered":"\n<p>La virtual gobernadora electa de Quintana Roo, Mara Lezama, particip\u00f3 junto a gobernadores electos y en funciones en el evento, denominado \u201cUnidad y movilizaci\u00f3n para que siga la transformaci\u00f3n\u201d, en Toluca, Estado de M\u00e9xico, en el que destac\u00f3 que el movimiento de la 4T derrot\u00f3 el pasado domingo en Quintana Roo a los cacicazgos y la mafia del poder.<\/p>\n\n\n\n<p>Horas antes de recibir su constancia que la acredita como gobernadora electa, particip\u00f3 en el acto convocado por la dirigencia nacional y en el que afirm\u00f3 que el coraz\u00f3n de la Cuarta Transformaci\u00f3n son las mujeres.<\/p>\n\n\n\n<p>Mara Lezama estuvo en compa\u00f1\u00eda del dirigente nacional,<br>Mario Delgado Carrillo; el Secretario de Gobernaci\u00f3n, Ad\u00e1n Augusto L\u00f3pez; el Secretario de Relaciones Exteriores, Marcelo Ebrard; la gobernadora de la Ciudad de M\u00e9xico, Claudia Sheinbaum, entre otros.<\/p>\n\n\n\n<p>Celebr\u00f3 los resultados obtenidos en Quintana Roo \u00abno solo ganamos, arrasamos, MORENA obtuvo el 56.40 % de las preferencias electorales, con m\u00e1s de 40 puntos de diferencia con el segundo lugar, un triunfo arrollador que ha sido gracias al respaldo del pueblo\u00bb.<\/p>\n\n\n\n<p>\u00a0Afirm\u00f3 que el pasado domingo, esa vieja pol\u00edtica se top\u00f3 con este movimiento, que significa un cambio verdadero, profundo e hist\u00f3rico en la vida p\u00fablica de M\u00e9xico. \u00abLes volvimos a ganar como lo haremos aqu\u00ed en el Estado de M\u00e9xico el a\u00f1o que viene y en 2024 en todo el pa\u00eds\u00bb.<br>\u00a0<br>\u00abEl 5 de junio por la noche las y los ciudadanos nos dieron, fundamentalmente un mandato, el mandato de instaurar la Cuarta Transformaci\u00f3n\u00bb, precis\u00f3.<\/p>\n\n\n\n<figure class=\"wp-block-image size-large\"><img loading=\"lazy\" decoding=\"async\" width=\"1024\" height=\"684\" src=\"http:\/\/elcuartopoder.com.mx\/nw\/wp-content\/uploads\/2022\/06\/cf8716f2-7d7f-4c7b-9b0d-e287c623851b-1048x700-1-1024x684.jpg\" alt=\"\" class=\"wp-image-107129\" srcset=\"http:\/\/elcuartopoder.com.mx\/nw\/wp-content\/uploads\/2022\/06\/cf8716f2-7d7f-4c7b-9b0d-e287c623851b-1048x700-1-1024x684.jpg 1024w, http:\/\/elcuartopoder.com.mx\/nw\/wp-content\/uploads\/2022\/06\/cf8716f2-7d7f-4c7b-9b0d-e287c623851b-1048x700-1-300x200.jpg 300w, http:\/\/elcuartopoder.com.mx\/nw\/wp-content\/uploads\/2022\/06\/cf8716f2-7d7f-4c7b-9b0d-e287c623851b-1048x700-1-768x513.jpg 768w, http:\/\/elcuartopoder.com.mx\/nw\/wp-content\/uploads\/2022\/06\/cf8716f2-7d7f-4c7b-9b0d-e287c623851b-1048x700-1-696x465.jpg 696w, http:\/\/elcuartopoder.com.mx\/nw\/wp-content\/uploads\/2022\/06\/cf8716f2-7d7f-4c7b-9b0d-e287c623851b-1048x700-1.jpg 1048w\" sizes=\"auto, (max-width: 1024px) 100vw, 1024px\" \/><\/figure>\n","protected":false},"excerpt":{"rendered":"<p>La virtual gobernadora electa de Quintana Roo, Mara Lezama, particip\u00f3 junto a gobernadores electos y en funciones en el evento, denominado \u201cUnidad y movilizaci\u00f3n para que siga la transformaci\u00f3n\u201d, en Toluca, Estado de M\u00e9xico, en el que destac\u00f3 que el movimiento de la 4T derrot\u00f3 el pasado domingo en Quintana Roo a los cacicazgos y [&hellip;]<\/p>\n","protected":false},"author":2,"featured_media":107130,"comment_status":"open","ping_status":"open","sticky":false,"template":"","format":"standard","meta":{"footnotes":""},"categories":[59],"tags":[],"class_list":["post-107128","post","type-post","status-publish","format-standard","has-post-thumbnail","hentry","category-destacadas"],"_links":{"self":[{"href":"http:\/\/elcuartopoder.com.mx\/nw\/wp-json\/wp\/v2\/posts\/107128","targetHints":{"allow":["GET"]}}],"collection":[{"href":"http:\/\/elcuartopoder.com.mx\/nw\/wp-json\/wp\/v2\/posts"}],"about":[{"href":"http:\/\/elcuartopoder.com.mx\/nw\/wp-json\/wp\/v2\/types\/post"}],"author":[{"embeddable":true,"href":"http:\/\/elcuartopoder.com.mx\/nw\/wp-json\/wp\/v2\/users\/2"}],"replies":[{"embeddable":true,"href":"http:\/\/elcuartopoder.com.mx\/nw\/wp-json\/wp\/v2\/comments?post=107128"}],"version-history":[{"count":1,"href":"http:\/\/elcuartopoder.com.mx\/nw\/wp-json\/wp\/v2\/posts\/107128\/revisions"}],"predecessor-version":[{"id":107131,"href":"http:\/\/elcuartopoder.com.mx\/nw\/wp-json\/wp\/v2\/posts\/107128\/revisions\/107131"}],"wp:featuredmedia":[{"embeddable":true,"href":"http:\/\/elcuartopoder.com.mx\/nw\/wp-json\/wp\/v2\/media\/107130"}],"wp:attachment":[{"href":"http:\/\/elcuartopoder.com.mx\/nw\/wp-json\/wp\/v2\/media?parent=107128"}],"wp:term":[{"taxonomy":"category","embeddable":true,"href":"http:\/\/elcuartopoder.com.mx\/nw\/wp-json\/wp\/v2\/categories?post=107128"},{"taxonomy":"post_tag","embeddable":true,"href":"http:\/\/elcuartopoder.com.mx\/nw\/wp-json\/wp\/v2\/tags?post=107128"}],"curies":[{"name":"wp","href":"https:\/\/api.w.org\/{rel}","templated":true}]}}