{"id":107415,"date":"2022-06-19T13:45:55","date_gmt":"2022-06-19T18:45:55","guid":{"rendered":"http:\/\/elcuartopoder.com.mx\/nw\/?p=107415"},"modified":"2022-06-19T13:45:57","modified_gmt":"2022-06-19T18:45:57","slug":"mi-expareja-me-niega-ver-a-mis-hijos-durante-el-verano-que-hago","status":"publish","type":"post","link":"http:\/\/elcuartopoder.com.mx\/nw\/opinion\/mi-expareja-me-niega-ver-a-mis-hijos-durante-el-verano-que-hago\/","title":{"rendered":"Mi expareja me niega ver a mis hijos durante el verano, \u00bfqu\u00e9 hago?"},"content":{"rendered":"\n<p>Muchas familias se encuentran ya en la cuenta atr\u00e1s para las vacaciones escolares de los hijos, lo que para los progenitores que ambos trabaja supone normalmente un quebradero de cabeza sobre c\u00f3mo atender a los menores mientras ellos est\u00e1n en la oficina. M\u00e1s complicado se presenta a\u00fan el panorama para aquellas parejas que tras el divorcio, no se ponen de acuerdo en c\u00f3mo repartirse a los ni\u00f1os durante el periodo estival.<\/p>\n\n\n\n<p>\u00bfQu\u00e9 pasa cuando uno de los padres se niega a que los hijos en com\u00fan disfruten de este tiempo libre en casa del otro progenitor? Priorizando siempre la felicidad de los menores, F\u00e1tima Galisteo, abogada matrimonialista del despacho Galisteo Abogados (Madrid), explica c\u00f3mo actuar ante un desencuentro con tu expareja o qu\u00e9 hacer si tu hijo no quiere pasar las vacaciones contigo.<\/p>\n\n\n\n<p><strong>\u00bfMi expareja me puede impedir ver a mis hijos en verano?<\/strong><\/p>\n\n\n\n<p>Las relaciones con los hijos y el r\u00e9gimen de visitas deben estar previstos en el convenio regulador del divorcio o de las relaciones paterno o maternofiliales si no hab\u00eda matrimonio, o en la Sentencia si no hubo acuerdo. Normalmente se establecen dos periodos en las vacaciones de verano, el primero desde el inicio del mes de julio hasta el 31 y el segundo, del 1 de agosto a final de mes. Seg\u00fan Galisteo Abogados, \u00ablos hijos pasar\u00e1n uno con el padre y otro con la madre, altern\u00e1ndolos cada a\u00f1o. El progenitor, madre o padre, que tenga la custodia de los hijos no puede negarse a que pasen con el otro el periodo de vacaciones que le corresponde\u00bb.<\/p>\n\n\n\n<p><strong>\u00bfPuede mi expareja llevarse a mis hijos de viaje sin mi permiso?<\/strong><\/p>\n\n\n\n<p>Habr\u00eda que distinguir si se trata de un viaje dentro de Espa\u00f1a o a otro pa\u00eds. F\u00e1tima Galisteo confirma que \u00abdentro de Espa\u00f1a y durante el periodo que le corresponda estar con los hijos el padre o madre pueden llevarse a los hijos de viaje\u00bb. Sin embargo, la abogada apunta que \u00abpara salir de Espa\u00f1a es preceptivo el consentimiento de ambos progenitores\u00bb. Este permiso se podr\u00eda entender otorgado cuando los hijos tienen pasaporte en vigor, pues para su emisi\u00f3n se precisa la presencia y el consentimiento de ambos.<\/p>\n\n\n\n<p><strong>\u00bfC\u00f3mo nos dividimos las vacaciones si a\u00fan no tenemos sentencia que lo regule?<\/strong><\/p>\n\n\n\n<p>La Sentencia o el Decreto que aprueba el Convenio suponen el comienzo legal del r\u00e9gimen regulador de las relaciones paterno o maternofiliales, pero ello no impide que los padres pongan en pr\u00e1ctica sus acuerdos antes de que aquellas se produzcan. Desde el despacho de abogados afirman que, \u00ablo que viene siendo habitual es establecer periodos iguales en las vacaciones de Navidad y Semana Santa y un mes cada uno durante el verano (julio y agosto), alternando los periodos cada a\u00f1o\u00bb. De esta manera, quien disfruta el primer periodo un a\u00f1o, le corresponde el segundo periodo al siguiente y quien disfrute un a\u00f1o el mes de julio, al a\u00f1o siguiente le corresponder\u00e1 agosto.<\/p>\n\n\n\n<p><strong>\u00bfQu\u00e9 hacemos si la sentencia no es clara con los repartos en vacaciones?<\/strong><\/p>\n\n\n\n<p>Lo m\u00e1s conveniente es que los padres se pongan de acuerdo conciliando sus obligaciones con las necesidades de los hijos, que deben respetarse en todo momento, pero si no hay acuerdo, desde Galisteo Abogados sugieren \u00abacudir al juez para pedir una aclaraci\u00f3n de la Sentencia\u00bb.<\/p>\n\n\n\n<p><strong>Mi expareja ha incumplido el r\u00e9gimen de visitas, \u00bfpuedo hacer algo?<\/strong><\/p>\n\n\n\n<p>Si el padre o la madre incumplen el r\u00e9gimen de visitas establecido, la abogada confirma que \u00abno habr\u00e1 m\u00e1s remedio que acudir al Juez para la ejecuci\u00f3n de lo pactado en Convenio o dispuesto por Sentencia, o para pedir incluso la modificaci\u00f3n del r\u00e9gimen de custodia si se vulneran reiteradamente los derechos de los ni\u00f1os\u00bb.<\/p>\n\n\n\n<p>Sin embargo, hay que tener en cuenta que \u00abdurante el verano y dem\u00e1s periodos vacacionales el r\u00e9gimen de visitas peri\u00f3dico o semanal queda suspendido para no romper la continuidad de las estancias de los ni\u00f1os con el progenitor que le corresponda\u00bb, aclaran desde el despacho de abogados.<\/p>\n\n\n\n<p><strong>Mi hija menor de edad no quiere venir, \u00bfpuedo obligarla?<\/strong><\/p>\n\n\n\n<p>Las medidas siempre tienen como objetivo el inter\u00e9s de los hijos, pero ello no significa que los padres deban someterse a sus caprichos. Por esta raz\u00f3n, Galisteo declara que \u00ablos hijos no pueden negarse a ir con su padre o madre, pero si lo hacen es muy conveniente averiguar las causas de ello, solicitando si es preciso el auxilio judicial con la intervenci\u00f3n del Equipo Psico-social adscrito a los Juzgados, para que puedan adoptarse las medidas necesarias para corregir las eventuales irregularidades que motivan su negativa\u00bb.<\/p>\n\n\n\n<p>Fuente: ABC<\/p>\n","protected":false},"excerpt":{"rendered":"<p>Muchas familias se encuentran ya en la cuenta atr\u00e1s para las vacaciones escolares de los hijos, lo que para los progenitores que ambos trabaja supone normalmente un quebradero de cabeza sobre c\u00f3mo atender a los menores mientras ellos est\u00e1n en la oficina. M\u00e1s complicado se presenta a\u00fan el panorama para aquellas parejas que tras el [&hellip;]<\/p>\n","protected":false},"author":2,"featured_media":107416,"comment_status":"open","ping_status":"open","sticky":false,"template":"","format":"standard","meta":{"footnotes":""},"categories":[62],"tags":[],"class_list":["post-107415","post","type-post","status-publish","format-standard","has-post-thumbnail","hentry","category-opinion"],"_links":{"self":[{"href":"http:\/\/elcuartopoder.com.mx\/nw\/wp-json\/wp\/v2\/posts\/107415","targetHints":{"allow":["GET"]}}],"collection":[{"href":"http:\/\/elcuartopoder.com.mx\/nw\/wp-json\/wp\/v2\/posts"}],"about":[{"href":"http:\/\/elcuartopoder.com.mx\/nw\/wp-json\/wp\/v2\/types\/post"}],"author":[{"embeddable":true,"href":"http:\/\/elcuartopoder.com.mx\/nw\/wp-json\/wp\/v2\/users\/2"}],"replies":[{"embeddable":true,"href":"http:\/\/elcuartopoder.com.mx\/nw\/wp-json\/wp\/v2\/comments?post=107415"}],"version-history":[{"count":1,"href":"http:\/\/elcuartopoder.com.mx\/nw\/wp-json\/wp\/v2\/posts\/107415\/revisions"}],"predecessor-version":[{"id":107417,"href":"http:\/\/elcuartopoder.com.mx\/nw\/wp-json\/wp\/v2\/posts\/107415\/revisions\/107417"}],"wp:featuredmedia":[{"embeddable":true,"href":"http:\/\/elcuartopoder.com.mx\/nw\/wp-json\/wp\/v2\/media\/107416"}],"wp:attachment":[{"href":"http:\/\/elcuartopoder.com.mx\/nw\/wp-json\/wp\/v2\/media?parent=107415"}],"wp:term":[{"taxonomy":"category","embeddable":true,"href":"http:\/\/elcuartopoder.com.mx\/nw\/wp-json\/wp\/v2\/categories?post=107415"},{"taxonomy":"post_tag","embeddable":true,"href":"http:\/\/elcuartopoder.com.mx\/nw\/wp-json\/wp\/v2\/tags?post=107415"}],"curies":[{"name":"wp","href":"https:\/\/api.w.org\/{rel}","templated":true}]}}