{"id":107422,"date":"2022-06-20T09:55:08","date_gmt":"2022-06-20T14:55:08","guid":{"rendered":"http:\/\/elcuartopoder.com.mx\/nw\/?p=107422"},"modified":"2022-06-20T09:55:11","modified_gmt":"2022-06-20T14:55:11","slug":"ahora-es-cuando-disminuye-tu-pago-de-luz-con-estos-tips-de-la-profeco","status":"publish","type":"post","link":"http:\/\/elcuartopoder.com.mx\/nw\/economia\/ahora-es-cuando-disminuye-tu-pago-de-luz-con-estos-tips-de-la-profeco\/","title":{"rendered":"\u00a1Ahora es cuando! Disminuye tu pago de luz con estos tips de la Profeco"},"content":{"rendered":"\n<p>Para muchas personas,<strong>\u00a0cada bimestre surgen dudas\u00a0<\/strong>al momento de\u00a0<strong>revisar el recibo de la luz\u00a0<\/strong>que te extiende la <strong>Comisi\u00f3n Federal de Electricidad<\/strong>\u00a0(CFE). \u00bfPor qu\u00e9 lleg\u00f3 tanto? \u00bfHoy lleg\u00f3 de menos? , son las preguntas que uno se hace. Para esto<strong>\u00a0ya hay una soluci\u00f3n<\/strong>.<\/p>\n\n\n\n<p>La&nbsp;<strong>Procuradur\u00eda Federal del Consumidor<\/strong>&nbsp;(Profeco), a trav\u00e9s de la<em><strong>Revista del Consumidor<\/strong><\/em>, emiti\u00f3 una serie de&nbsp;<strong>recomendaciones&nbsp;<\/strong>que&nbsp;<strong>te ayudar\u00e1n lograr una disminuci\u00f3n en tu pago de luz<\/strong>, ya que la propia CFE toma en cuenta diversos factores para el pago de dicho servicio.<\/p>\n\n\n\n<p>Con el inicio de la actual administraci\u00f3n,&nbsp;<strong>las tarifas a la luz tuvieron una modificaci\u00f3n<\/strong>, pues el pago se define por medio de una f\u00f3rmula que considera la inflaci\u00f3n del a\u00f1o anterior, por lo que a finales del 2022 se debe pagar un siete por ciento m\u00e1s comparado con 2021.<\/p>\n\n\n\n<h2 class=\"wp-block-heading\">\u00bfC\u00f3mo disminuir el pago de la luz?<\/h2>\n\n\n\n<p>Seg\u00fan la CFE,<strong>&nbsp;el consumo de energ\u00eda dom\u00e9stica se clasifica en tres niveles<\/strong>: b\u00e1sico, intermedio y excedente. A cada clasificaci\u00f3n le corresponde cierta cuota de acuerdo con la tarifa de la localidad. De eso depende tambi\u00e9n los h\u00e1bitos de consumo y las condiciones climatol\u00f3gicas..<\/p>\n\n\n\n<p><strong>\u00bfQu\u00e9 se considera en su cobro?<\/strong>&nbsp;El&nbsp;<strong>consumo de luz var\u00eda de un hogar a otro<\/strong>, ya que depende de tres elementos relacionados con el confort y estilo de vida como son la cantidad de focos, electrodom\u00e9sticos y aparatos electr\u00f3nicos que se tienen en casa, as\u00ed como el tiempo que permanezcan encendidos.<\/p>\n\n\n\n<h2 class=\"wp-block-heading\">Recomendaciones<\/h2>\n\n\n\n<ul class=\"wp-block-list\"><li><strong>Establece horarios de trabajo y de comida.<\/strong>&nbsp;De esta manera evitar\u00e1s abrir el refrigerador constantemente. El uso de este electrodom\u00e9stico genera un mayor consumo de energ\u00eda.<\/li><li><strong>Aprovecha la luz natural.<\/strong>&nbsp;En casa ubica un lugar de trabajo con luz natural y con todas las herramientas necesarias. Conecta \u00fanicamente lo que vayas a utilizar.<\/li><li><strong>Desconecta tus electrodom\u00e9sticos despu\u00e9s de usarlos.<\/strong>&nbsp;Hazte el h\u00e1bito de desconectar cualquier aparato que no est\u00e9s utilizando o cuando lo hayas terminado de usar.<\/li><li><strong>Evita aparatos alternos.<\/strong>&nbsp;Procura no trabajar con televisores encendidos o equipos de audio alternos como radios, est\u00e9reo o reproductores digitales. Puedes optimizar el consumo de energ\u00eda usando el software de tu computadora.<\/li><li><strong>Evita focos hal\u00f3genos.<\/strong>&nbsp;Este tipo de focos consumen m\u00e1s energ\u00eda. Aprovecha al m\u00e1ximo la luz natural, y si requieres iluminaci\u00f3n especial, lo ideal es combinar la luz natural con l\u00e1mparas fluorescentes.<\/li><li><strong>Deja conectado solo lo necesario.<\/strong>&nbsp;Es recomendable solo dejar conectados los equipos de c\u00f3mputo de escritorio. Si cuentas con una laptop, con\u00e9ctala solo para su carga y descon\u00e9ctala cuando est\u00e9 completa.<\/li><li><strong>Optimiza el uso de tu lavadora.<\/strong>&nbsp;Evita usar ropa que requiere ciclos de lavado especiales y trata de utilizar un solo cambio de ropa al d\u00eda, y de materiales f\u00e1ciles de lavar. Ahorra energ\u00eda con programas de lavado en fr\u00edo y con carga llena.<\/li><li><strong>Seca tu ropa al sol.<\/strong>&nbsp;Si cuentas con secadora, util\u00edzala \u00fanicamente cuando el clima no sea favorable.<\/li><\/ul>\n\n\n\n<p>Fuente: elfinanciero<\/p>\n","protected":false},"excerpt":{"rendered":"<p>Para muchas personas,\u00a0cada bimestre surgen dudas\u00a0al momento de\u00a0revisar el recibo de la luz\u00a0que te extiende la Comisi\u00f3n Federal de Electricidad\u00a0(CFE). \u00bfPor qu\u00e9 lleg\u00f3 tanto? \u00bfHoy lleg\u00f3 de menos? , son las preguntas que uno se hace. Para esto\u00a0ya hay una soluci\u00f3n. La&nbsp;Procuradur\u00eda Federal del Consumidor&nbsp;(Profeco), a trav\u00e9s de laRevista del Consumidor, emiti\u00f3 una serie de&nbsp;recomendaciones&nbsp;que&nbsp;te [&hellip;]<\/p>\n","protected":false},"author":2,"featured_media":107423,"comment_status":"open","ping_status":"open","sticky":false,"template":"","format":"standard","meta":{"footnotes":""},"categories":[1],"tags":[],"class_list":["post-107422","post","type-post","status-publish","format-standard","has-post-thumbnail","hentry","category-economia"],"_links":{"self":[{"href":"http:\/\/elcuartopoder.com.mx\/nw\/wp-json\/wp\/v2\/posts\/107422","targetHints":{"allow":["GET"]}}],"collection":[{"href":"http:\/\/elcuartopoder.com.mx\/nw\/wp-json\/wp\/v2\/posts"}],"about":[{"href":"http:\/\/elcuartopoder.com.mx\/nw\/wp-json\/wp\/v2\/types\/post"}],"author":[{"embeddable":true,"href":"http:\/\/elcuartopoder.com.mx\/nw\/wp-json\/wp\/v2\/users\/2"}],"replies":[{"embeddable":true,"href":"http:\/\/elcuartopoder.com.mx\/nw\/wp-json\/wp\/v2\/comments?post=107422"}],"version-history":[{"count":1,"href":"http:\/\/elcuartopoder.com.mx\/nw\/wp-json\/wp\/v2\/posts\/107422\/revisions"}],"predecessor-version":[{"id":107424,"href":"http:\/\/elcuartopoder.com.mx\/nw\/wp-json\/wp\/v2\/posts\/107422\/revisions\/107424"}],"wp:featuredmedia":[{"embeddable":true,"href":"http:\/\/elcuartopoder.com.mx\/nw\/wp-json\/wp\/v2\/media\/107423"}],"wp:attachment":[{"href":"http:\/\/elcuartopoder.com.mx\/nw\/wp-json\/wp\/v2\/media?parent=107422"}],"wp:term":[{"taxonomy":"category","embeddable":true,"href":"http:\/\/elcuartopoder.com.mx\/nw\/wp-json\/wp\/v2\/categories?post=107422"},{"taxonomy":"post_tag","embeddable":true,"href":"http:\/\/elcuartopoder.com.mx\/nw\/wp-json\/wp\/v2\/tags?post=107422"}],"curies":[{"name":"wp","href":"https:\/\/api.w.org\/{rel}","templated":true}]}}