{"id":109069,"date":"2022-08-12T14:11:48","date_gmt":"2022-08-12T19:11:48","guid":{"rendered":"http:\/\/elcuartopoder.com.mx\/nw\/?p=109069"},"modified":"2022-08-12T14:11:52","modified_gmt":"2022-08-12T19:11:52","slug":"onu-pide-a-amlo-mantener-naturaleza-civil-de-la-guardia-nacional","status":"publish","type":"post","link":"http:\/\/elcuartopoder.com.mx\/nw\/politica\/onu-pide-a-amlo-mantener-naturaleza-civil-de-la-guardia-nacional\/","title":{"rendered":"ONU pide a AMLO mantener \u00abnaturaleza civil\u00bb de la Guardia Nacional"},"content":{"rendered":"\n<p>La Organizaci\u00f3n las Naciones Unbidas (ONU), a trav\u00e9s de la oficina el Alto Comisionado pidi\u00f3 al presidente Andr\u00e9s Manuel L\u00f3pez Obrador que la Guardia Nacional siga siendo una corporaci\u00f3n de orden civil.<\/p>\n\n\n\n<p>El organismo inst\u00f3 a \u201cque la naturaleza civil de la Guardia Nacional y de la seguridad p\u00fablica, consagrada constitucionalmente, sea mantenida\u201d.<\/p>\n\n\n\n<p>En un mensaje publicado en sus redes sociales, la oficina reiter\u00f3 que Michelle Bachelet, alta comisionada de la ONU ha expresado en diferentes ocasiones que el uso del Ej\u00e9rcito y la Marina en materia de seguridad p\u00fablica debe ser un \u00faltimo recurso, de car\u00e1cter temporal y fiscalizado por \u00f3rganos civiles.<\/p>\n\n\n\n<p>\u201cLa Alta comisionada y diferentes mecanismos de derechos humanos han insistido en el fortalecimiento de las instituciones civiles en M\u00e9xico, en asegurar el car\u00e1cter civil de las corporaciones de seguridad y en que el uso de las Fuerzas Armadas en tareas de seguridad es excepcional\u201d.<\/p>\n\n\n\n<p>Asimismo, la ONU-DH reiter\u00f3 su advertencia respecto&nbsp;a que el uso de las fuerzas armadas en funciones civiles puede da\u00f1ar a las dem\u00e1s organizaciones civiles.<\/p>\n\n\n\n<p>Fuente: Proceso<\/p>\n","protected":false},"excerpt":{"rendered":"<p>La Organizaci\u00f3n las Naciones Unbidas (ONU), a trav\u00e9s de la oficina el Alto Comisionado pidi\u00f3 al presidente Andr\u00e9s Manuel L\u00f3pez Obrador que la Guardia Nacional siga siendo una corporaci\u00f3n de orden civil. El organismo inst\u00f3 a \u201cque la naturaleza civil de la Guardia Nacional y de la seguridad p\u00fablica, consagrada constitucionalmente, sea mantenida\u201d. En un [&hellip;]<\/p>\n","protected":false},"author":2,"featured_media":109070,"comment_status":"open","ping_status":"open","sticky":false,"template":"","format":"standard","meta":{"footnotes":""},"categories":[61],"tags":[],"class_list":["post-109069","post","type-post","status-publish","format-standard","has-post-thumbnail","hentry","category-politica"],"_links":{"self":[{"href":"http:\/\/elcuartopoder.com.mx\/nw\/wp-json\/wp\/v2\/posts\/109069","targetHints":{"allow":["GET"]}}],"collection":[{"href":"http:\/\/elcuartopoder.com.mx\/nw\/wp-json\/wp\/v2\/posts"}],"about":[{"href":"http:\/\/elcuartopoder.com.mx\/nw\/wp-json\/wp\/v2\/types\/post"}],"author":[{"embeddable":true,"href":"http:\/\/elcuartopoder.com.mx\/nw\/wp-json\/wp\/v2\/users\/2"}],"replies":[{"embeddable":true,"href":"http:\/\/elcuartopoder.com.mx\/nw\/wp-json\/wp\/v2\/comments?post=109069"}],"version-history":[{"count":1,"href":"http:\/\/elcuartopoder.com.mx\/nw\/wp-json\/wp\/v2\/posts\/109069\/revisions"}],"predecessor-version":[{"id":109071,"href":"http:\/\/elcuartopoder.com.mx\/nw\/wp-json\/wp\/v2\/posts\/109069\/revisions\/109071"}],"wp:featuredmedia":[{"embeddable":true,"href":"http:\/\/elcuartopoder.com.mx\/nw\/wp-json\/wp\/v2\/media\/109070"}],"wp:attachment":[{"href":"http:\/\/elcuartopoder.com.mx\/nw\/wp-json\/wp\/v2\/media?parent=109069"}],"wp:term":[{"taxonomy":"category","embeddable":true,"href":"http:\/\/elcuartopoder.com.mx\/nw\/wp-json\/wp\/v2\/categories?post=109069"},{"taxonomy":"post_tag","embeddable":true,"href":"http:\/\/elcuartopoder.com.mx\/nw\/wp-json\/wp\/v2\/tags?post=109069"}],"curies":[{"name":"wp","href":"https:\/\/api.w.org\/{rel}","templated":true}]}}