{"id":109075,"date":"2022-08-12T14:17:26","date_gmt":"2022-08-12T19:17:26","guid":{"rendered":"http:\/\/elcuartopoder.com.mx\/nw\/?p=109075"},"modified":"2022-08-12T14:17:28","modified_gmt":"2022-08-12T19:17:28","slug":"fiscalia-de-peru-acusa-al-presidente-pedro-castillo-de-ser-jefe-de-organizacion-criminal","status":"publish","type":"post","link":"http:\/\/elcuartopoder.com.mx\/nw\/internacionales\/fiscalia-de-peru-acusa-al-presidente-pedro-castillo-de-ser-jefe-de-organizacion-criminal\/","title":{"rendered":"Fiscal\u00eda de Per\u00fa acusa al presidente Pedro Castillo de ser jefe de organizaci\u00f3n criminal"},"content":{"rendered":"\n<p>El Ministerio P\u00fablico ha identificado que el presidente izquierdista Pedro Castillo ser\u00eda el jefe de una nueva organizaci\u00f3n criminal que habr\u00eda direccionado obras p\u00fablicas en su ciudad natal Cajamarca desde el a\u00f1o pasado. En la trama de corrupci\u00f3n, adem\u00e1s, est\u00e1n incluidos un ministro de su gesti\u00f3n, un alcalde y los hermanos de su esposa, Lilia Paredes.<\/p>\n\n\n\n<p>En julio, el programa dominical \u00abCuarto Poder\u00bb difundi\u00f3 un video de Yenifer Paredes, cu\u00f1ada de Castillo, ofreciendo obras de saneamiento en una comunidad de Chad\u00edn, distrito de Cajamarca, en septiembre de 2021. En el material audiovisual, ella estaba acompa\u00f1ada de los empresarios Hugo y Anggi Espino, quienes realizaron los proyectos. Por esta raz\u00f3n, la fiscal\u00eda abri\u00f3 una pesquisa contra estas personas por el presunto delito de tr\u00e1fico de influencias.<\/p>\n\n\n\n<p>El presidente de Per\u00fa, Pedro Castillo, a su llegada al Ministerio P\u00fablico para brindar sus declaraciones el martes 3 de agosto. El mandatario decidi\u00f3 guardar silencio frente a las preguntas de la fiscal de la Naci\u00f3n, seg\u00fan las palabras de su abogado, Benji Espinoza.<\/p>\n\n\n\n<p>La investigaci\u00f3n de los fiscales tambi\u00e9n incluy\u00f3 a Jos\u00e9 Nenil Medina, alcalde del distrito cajamarquino de Angu\u00eda; Walter y David Paredes Navarro, hermanos de la primera dama; y el ministro de Transportes, Geiner Alvarado. Estas personas, seg\u00fan el Ministerio P\u00fablico, formaron parte de una red criminal cuyo cabecilla ser\u00eda el presidente Castillo.<\/p>\n\n\n\n<p>El Poder Judicial autoriz\u00f3 a un grupo de fiscales y de la polic\u00eda peruana a detener por 10 d\u00edas a todos los involucrados, salvo Castillo y su ministro Alvarado por tener inmunidad presidencial y ministerial. En la tarde del mi\u00e9rcoles, Yenifer Paredes, la cu\u00f1ada del presidente, reci\u00e9n se entreg\u00f3 a la justicia tras no haber sido encontrada por las autoridades en Palacio de Gobierno y en su casa de Cajamarca.<\/p>\n\n\n\n<p>\u00abHoy Palacio de Gobierno y la Casa presidencial una vez m\u00e1s han sido violentados con un allanamiento ilegal avalado por un juez, coincidentemente cuando se est\u00e1 solicitando el pedido de mi inhabilitaci\u00f3n por cinco a\u00f1os para arrebatarle al pueblo peruano su leg\u00edtimo Gobierno\u00bb, asegur\u00f3 Castillo durante una actividad p\u00fablica en la sede presidencial.<\/p>\n\n\n\n<p>\u00abTodos los peruanos somos testigos de la continua puesta en marcha de un plan medi\u00e1tico que apunta a tomar el poder de manera ilegal e inconstitucional\u00bb, agreg\u00f3.<\/p>\n\n\n\n<p>La fiscal\u00eda indaga a Castillo por los ascensos irregulares en las Fuerzas Armadas y la Polic\u00eda Nacional en noviembre del a\u00f1o pasado. Tambi\u00e9n por un presunto favorecimiento a una empresa para lograr un contrato con la petrolera del Estado peruano y por el supuesto plagio en su tesis de maestr\u00eda. Otra investigaci\u00f3n en curso alude a la licitaci\u00f3n de un puente en la selva del pa\u00eds.<\/p>\n\n\n\n<p>M\u00e1s recientemente, la fiscal\u00eda investiga por un \u00abpresunto encubrimiento\u00bb para no atrapar a los pr\u00f3fugos de su gobierno, entre ellos a Bruno Pacheco, quien fue secretario personal de Castillo.<\/p>\n\n\n\n<p>Por otro lado, en el Congreso se present\u00f3 este lunes un informe que recomienda inhabilitar y procesar pol\u00edtica y penalmente a Castillo, alegando que incurri\u00f3 en traici\u00f3n a la patria al considerar un posible referendo popular sobre otorgar una salida al mar a Bolivia.<\/p>\n\n\n\n<p>Inestabilidad pol\u00edtica<\/p>\n\n\n\n<p>El viernes pasado, el presidente decidi\u00f3 nombrar a seis nuevos ministros y mantuvo al primer ministro An\u00edbal Torres, quien a mitad de semana hab\u00eda presentado su renuncia.<\/p>\n\n\n\n<p>Los cambios principales se produjeron en las carteras de Econom\u00eda y Relaciones Exteriores. El nuevo ministro de Econom\u00eda es Kurt Burneo, quien ocup\u00f3 cargos como viceministro de Hacienda, ministro de la Producci\u00f3n durante el gobierno de Ollanta Humala y director del Banco Central de Reserva de Per\u00fa y del Banco Interamericano de Desarrollo en Washington.<\/p>\n\n\n\n<p>Por su parte, Castillo design\u00f3 al internacionalista Miguel Rodr\u00edguez Mackay, quien fue parte de la campa\u00f1a de desinformaci\u00f3n que aseguraba que hubo fraude en las \u00faltimas elecciones generales en diversas columnas de opini\u00f3n publicadas en el diario Correo, como nuevo canciller.<\/p>\n\n\n\n<p>Rodr\u00edguez Mackay, contrario al Acuerdo de Escaz\u00fa sobre el acceso a la informaci\u00f3n, ha reemplazado al jurista y exmagistrado del Tribunal Constitucional C\u00e9sar Landa, quien en 2021 fue el candidato de Per\u00fa a ser juez de la Corte Interamericana de Derechos Humanos.<\/p>\n\n\n\n<p>Asimismo, los embajadores Manuel Rodr\u00edguez Cuadros y Harold Forsyth renunciaron a sus cargos como representantes permanentes del Per\u00fa ante las Naciones Unidas y la Organizaci\u00f3n de los Estados Americanos (OEA), respectivamente.<\/p>\n\n\n\n<p>En su cuenta de Twitter, Harold Forsyth se\u00f1al\u00f3 que su decisi\u00f3n se debe a \u00abdiscrepancias con algunas decisiones recientes\u00bb.<\/p>\n\n\n\n<p>Recientes encuestas del Instituto de Estudios Peruanos y Datum Internacional publicaron que la gesti\u00f3n de Castillo, acorralado por la justicia y la inestabilidad pol\u00edtica, tiene una desaprobaci\u00f3n que supera el 70%.<\/p>\n\n\n\n<p>Fuente: XEU<\/p>\n","protected":false},"excerpt":{"rendered":"<p>El Ministerio P\u00fablico ha identificado que el presidente izquierdista Pedro Castillo ser\u00eda el jefe de una nueva organizaci\u00f3n criminal que habr\u00eda direccionado obras p\u00fablicas en su ciudad natal Cajamarca desde el a\u00f1o pasado. En la trama de corrupci\u00f3n, adem\u00e1s, est\u00e1n incluidos un ministro de su gesti\u00f3n, un alcalde y los hermanos de su esposa, Lilia [&hellip;]<\/p>\n","protected":false},"author":2,"featured_media":109076,"comment_status":"open","ping_status":"open","sticky":false,"template":"","format":"standard","meta":{"footnotes":""},"categories":[8],"tags":[],"class_list":["post-109075","post","type-post","status-publish","format-standard","has-post-thumbnail","hentry","category-internacionales"],"_links":{"self":[{"href":"http:\/\/elcuartopoder.com.mx\/nw\/wp-json\/wp\/v2\/posts\/109075","targetHints":{"allow":["GET"]}}],"collection":[{"href":"http:\/\/elcuartopoder.com.mx\/nw\/wp-json\/wp\/v2\/posts"}],"about":[{"href":"http:\/\/elcuartopoder.com.mx\/nw\/wp-json\/wp\/v2\/types\/post"}],"author":[{"embeddable":true,"href":"http:\/\/elcuartopoder.com.mx\/nw\/wp-json\/wp\/v2\/users\/2"}],"replies":[{"embeddable":true,"href":"http:\/\/elcuartopoder.com.mx\/nw\/wp-json\/wp\/v2\/comments?post=109075"}],"version-history":[{"count":1,"href":"http:\/\/elcuartopoder.com.mx\/nw\/wp-json\/wp\/v2\/posts\/109075\/revisions"}],"predecessor-version":[{"id":109077,"href":"http:\/\/elcuartopoder.com.mx\/nw\/wp-json\/wp\/v2\/posts\/109075\/revisions\/109077"}],"wp:featuredmedia":[{"embeddable":true,"href":"http:\/\/elcuartopoder.com.mx\/nw\/wp-json\/wp\/v2\/media\/109076"}],"wp:attachment":[{"href":"http:\/\/elcuartopoder.com.mx\/nw\/wp-json\/wp\/v2\/media?parent=109075"}],"wp:term":[{"taxonomy":"category","embeddable":true,"href":"http:\/\/elcuartopoder.com.mx\/nw\/wp-json\/wp\/v2\/categories?post=109075"},{"taxonomy":"post_tag","embeddable":true,"href":"http:\/\/elcuartopoder.com.mx\/nw\/wp-json\/wp\/v2\/tags?post=109075"}],"curies":[{"name":"wp","href":"https:\/\/api.w.org\/{rel}","templated":true}]}}