{"id":109079,"date":"2022-08-12T20:27:09","date_gmt":"2022-08-13T01:27:09","guid":{"rendered":"http:\/\/elcuartopoder.com.mx\/nw\/?p=109079"},"modified":"2022-08-12T20:27:13","modified_gmt":"2022-08-13T01:27:13","slug":"checo-perez-revela-su-futuro-al-finalizar-contrato-con-red-bull","status":"publish","type":"post","link":"http:\/\/elcuartopoder.com.mx\/nw\/entretenimiento\/deportes\/checo-perez-revela-su-futuro-al-finalizar-contrato-con-red-bull\/","title":{"rendered":"\u00abCheco\u00bb P\u00e9rez revela su futuro al finalizar contrato con Red Bull"},"content":{"rendered":"\n<p><strong>Sergio \u00abCheco\u00bb P\u00e9rez<\/strong>&nbsp;ya dio indicios de lo que podr\u00eda ser su futuro, una vez que finalice su contrato con Red Bull.<\/p>\n\n\n\n<p>Durante una entrevista para el diario de Alemania, Bild, el piloto mexicano dio a conocer que no se ve retirado de la F\u00f3rmula 1.<\/p>\n\n\n\n<blockquote class=\"wp-block-quote is-layout-flow wp-block-quote-is-layout-flow\"><p>\u00abTengo contrato hasta 2024, pero no me imagino que terminar\u00e9 mi carrera entonces. Soy demasiado joven y todav\u00eda me divierto demasiado, incluso si el deporte exige mucho tiempo. Pero as\u00ed es la F\u00f3rmula 1, ser\u00e1 tu vida, y no puedes dejar eso atr\u00e1s\u00bb, declar\u00f3 para el diario alem\u00e1n.<\/p><\/blockquote>\n\n\n\n<p>De igual manera, Checo P\u00e9rez revel\u00f3 que debe adaptarse a su carro con los cambios que se le han realizado.<\/p>\n\n\n\n<blockquote class=\"wp-block-quote is-layout-flow wp-block-quote-is-layout-flow\"><p>\u00abHemos desarrollado a\u00fan m\u00e1s el coche y ya no se adapta al 100 por ciento a mi estilo de conducci\u00f3n. Tengo que adaptarme porque actualmente se adapta mejor a Max (Verstappen)\u00bb.<\/p><p>\u00abSi todo est\u00e1 bien y conduzco perfectamente, puedo vencer a cualquiera en la F\u00f3rmula 1\u00bb, asegur\u00f3&nbsp;el piloto de 32 a\u00f1os.<\/p><\/blockquote>\n\n\n\n<h2 class=\"wp-block-heading\">Checo lanza reto a Verstappen: \u00abPuedo terminar delante de \u00e9l\u00bb<\/h2>\n\n\n\n<p>Pese a que marcha tercero en el campeonato mundial de pilotos en la F\u00f3rmula Uno, Sergio P\u00e9rez no considera que est\u00e9n completamente enterradas sus posibilidades de lograr el t\u00edtulo de manera individual.<\/p>\n\n\n\n<p>Es cierto, \u00abCheco\u00bb cumple el rol de \u00abescudero\u00bb del neerland\u00e9s Max Verstappen, pero eso no significa que no sue\u00f1e con&nbsp;<strong>proclamarse monarca<\/strong>&nbsp;de la m\u00e1xima categor\u00eda\u2026 Y que est\u00e9 convencido de que puede lograrlo.<\/p>\n\n\n\n<p>Con nueve carreras por disputar, el mexicano conf\u00eda en sus posibilidades, pero est\u00e1 perfectamente consciente de que la clave es terminar delante de Verstappen en el mayor n\u00famero de pruebas posible.<\/p>\n\n\n\n<p>En declaraciones realizadas al medio de comunicaci\u00f3n alem\u00e1n \u00abSport Bild\u00bb, P\u00e9rez asegura que puede ser campe\u00f3n, si \u00e9l y su monoplaza est\u00e1n en buenas condiciones.<\/p>\n\n\n\n<p>\u00abPor eso, la pregunta no es si puedo vencerlo en un fin de semana, sino en cu\u00e1ntas carreras puedo terminar por delante de \u00e9l (Verstappen)\u00bb, asegur\u00f3.<\/p>\n\n\n\n<p>Despu\u00e9s de 13 pruebas en la temporada 2022, Verstappen es l\u00edder del campeonato con 258 puntos, por 178 de Charles Leclerc (Ferrari) y 173 de P\u00e9rez.<\/p>\n\n\n\n<p>Entre las nueve pruebas que restan, destaca el Gran Premio de M\u00e9xico, a efectuarse el 31 de octubre. La F\u00f3rmula Uno regresar\u00e1 de su periodo vacacional veraniego el 28 de agosto, en B\u00e9lgica.<\/p>\n\n\n\n<p>Fuente: SIPSE<\/p>\n","protected":false},"excerpt":{"rendered":"<p>Sergio \u00abCheco\u00bb P\u00e9rez&nbsp;ya dio indicios de lo que podr\u00eda ser su futuro, una vez que finalice su contrato con Red Bull. Durante una entrevista para el diario de Alemania, Bild, el piloto mexicano dio a conocer que no se ve retirado de la F\u00f3rmula 1. \u00abTengo contrato hasta 2024, pero no me imagino que terminar\u00e9 [&hellip;]<\/p>\n","protected":false},"author":2,"featured_media":109080,"comment_status":"open","ping_status":"open","sticky":false,"template":"","format":"standard","meta":{"footnotes":""},"categories":[7],"tags":[],"class_list":["post-109079","post","type-post","status-publish","format-standard","has-post-thumbnail","hentry","category-deportes"],"_links":{"self":[{"href":"http:\/\/elcuartopoder.com.mx\/nw\/wp-json\/wp\/v2\/posts\/109079","targetHints":{"allow":["GET"]}}],"collection":[{"href":"http:\/\/elcuartopoder.com.mx\/nw\/wp-json\/wp\/v2\/posts"}],"about":[{"href":"http:\/\/elcuartopoder.com.mx\/nw\/wp-json\/wp\/v2\/types\/post"}],"author":[{"embeddable":true,"href":"http:\/\/elcuartopoder.com.mx\/nw\/wp-json\/wp\/v2\/users\/2"}],"replies":[{"embeddable":true,"href":"http:\/\/elcuartopoder.com.mx\/nw\/wp-json\/wp\/v2\/comments?post=109079"}],"version-history":[{"count":1,"href":"http:\/\/elcuartopoder.com.mx\/nw\/wp-json\/wp\/v2\/posts\/109079\/revisions"}],"predecessor-version":[{"id":109081,"href":"http:\/\/elcuartopoder.com.mx\/nw\/wp-json\/wp\/v2\/posts\/109079\/revisions\/109081"}],"wp:featuredmedia":[{"embeddable":true,"href":"http:\/\/elcuartopoder.com.mx\/nw\/wp-json\/wp\/v2\/media\/109080"}],"wp:attachment":[{"href":"http:\/\/elcuartopoder.com.mx\/nw\/wp-json\/wp\/v2\/media?parent=109079"}],"wp:term":[{"taxonomy":"category","embeddable":true,"href":"http:\/\/elcuartopoder.com.mx\/nw\/wp-json\/wp\/v2\/categories?post=109079"},{"taxonomy":"post_tag","embeddable":true,"href":"http:\/\/elcuartopoder.com.mx\/nw\/wp-json\/wp\/v2\/tags?post=109079"}],"curies":[{"name":"wp","href":"https:\/\/api.w.org\/{rel}","templated":true}]}}