{"id":109082,"date":"2022-08-12T20:29:12","date_gmt":"2022-08-13T01:29:12","guid":{"rendered":"http:\/\/elcuartopoder.com.mx\/nw\/?p=109082"},"modified":"2022-08-12T20:29:16","modified_gmt":"2022-08-13T01:29:16","slug":"apellido-paterno-ya-no-sera-preponderante-en-mexico-senado","status":"publish","type":"post","link":"http:\/\/elcuartopoder.com.mx\/nw\/varios\/apellido-paterno-ya-no-sera-preponderante-en-mexico-senado\/","title":{"rendered":"Apellido paterno ya no ser\u00e1 preponderante en M\u00e9xico: Senado"},"content":{"rendered":"\n<p>Las Comisiones de Justicia y de Estudios Legislativos del Senado aprobaron por mayor\u00eda y la abstenci\u00f3n de Dami\u00e1n Zepeda, reformas al C\u00f3digo Civil Federal, para que los apellidos de un reci\u00e9n nacido&nbsp;<strong>se pongan en el orden que ambos progenitores acuerden ante el registro civil<\/strong>, como ya se establece en estados como&nbsp;<strong>Quintana Roo y la Ciudad de M\u00e9xico<\/strong>.<\/p>\n\n\n\n<p>Con ello&nbsp;<strong>ya no ser\u00eda el apellido paterno el que tenga prevalencia<\/strong>&nbsp;ya que el apellido materno puede ser el que d\u00e9 identidad al menor y el resto de sus hermanas o hermanos.<\/p>\n\n\n\n<p>La reforma cambia&nbsp;<strong>el art\u00edculo 58 del C\u00f3digo Civil Federal<\/strong>&nbsp;sobre el acta de nacimiento para que al momento del registro de los menores los padres puedan decidir el orden de los apellidos.<\/p>\n\n\n\n<p>El presidente de la Comisi\u00f3n de Justicia, Rafael Espino, destac\u00f3 que el tema de fondo es<\/p>\n\n\n\n<blockquote class=\"wp-block-quote is-layout-flow wp-block-quote-is-layout-flow\"><p>\u201creivindicar el tema del g\u00e9nero y que vale lo mismo el apellido paterno que el materno\u201d.<\/p><\/blockquote>\n\n\n\n<p>Sin embargo, ante eventuales conflictos en las oficinas del registro civil, los senadores indicaron que con estas modificaciones,&nbsp;<strong>que ser\u00e1n sometidas ante el Pleno<\/strong>&nbsp;y a la presentaci\u00f3n reservas, no se debe considerar que implicar\u00e1n una regulaci\u00f3n marco para todas las entidades.<\/p>\n\n\n\n<p>Se insiste que la imposici\u00f3n del apellido paterno responde a un trasfondo hist\u00f3rico, en el cual la concepci\u00f3n del hombre como jefe y portador del apellido de la familia, relega a las mujeres al papel de simples integrantes, lo que niega las funciones que realizan.<\/p>\n\n\n\n<p>Dami\u00e1n Zepeda, senador del PAN, argument\u00f3 que esta reforma podr\u00eda abrir un problema innecesario, porque tiene implicaciones para toda la familia y no brinda soluciones en caso de que haya alg\u00fan desacuerdo.<\/p>\n\n\n\n<h2 class=\"wp-block-heading\">\u00bfQu\u00e9 dice el C\u00f3digo Civil Federal en su Art\u00edculo 58?<\/h2>\n\n\n\n<p>El acta de nacimiento se levantar\u00e1 con asistencia de dos testigos. Contendr\u00e1 el d\u00eda, la hora y el lugar del nacimiento, el sexo del presentado, el nombre y apellidos que le correspondan; asimismo, la raz\u00f3n de si se ha presentado vivo o muerto; la impresi\u00f3n digital del presentado. Si \u00e9ste se presenta como hijo de padres desconocidos, el Juez del Registro Civil le pondr\u00e1 el nombre y apellidos, haci\u00e9ndose constar esta circunstancia en el acta.<\/p>\n\n\n\n<p>Si el nacimiento ocurriere en un establecimiento de reclusi\u00f3n, el Juez del Registro Civil deber\u00e1 asentar como domicilio del nacido, el Distrito Federal.<\/p>\n\n\n\n<p>En los casos de los art\u00edculo 60 y 77 de este C\u00f3digo el Juez pondr\u00e1 el apellido paterno de los progenitores o los dos apellidos del que lo reconozca.<\/p>\n\n\n\n<p>En todos los casos que se requiera, el juez del Registro Civil est\u00e1 obligado a registrar en el acta de nacimiento el nombre solicitado, con estricto apego a las formas orales, funcionales y simb\u00f3licas de comunicaci\u00f3n pertenecientes a las lenguas ind\u00edgenas.<\/p>\n\n\n\n<p>Fuente: SIPSE<\/p>\n","protected":false},"excerpt":{"rendered":"<p>Las Comisiones de Justicia y de Estudios Legislativos del Senado aprobaron por mayor\u00eda y la abstenci\u00f3n de Dami\u00e1n Zepeda, reformas al C\u00f3digo Civil Federal, para que los apellidos de un reci\u00e9n nacido&nbsp;se pongan en el orden que ambos progenitores acuerden ante el registro civil, como ya se establece en estados como&nbsp;Quintana Roo y la Ciudad [&hellip;]<\/p>\n","protected":false},"author":2,"featured_media":109083,"comment_status":"open","ping_status":"open","sticky":false,"template":"","format":"standard","meta":{"footnotes":""},"categories":[64],"tags":[],"class_list":["post-109082","post","type-post","status-publish","format-standard","has-post-thumbnail","hentry","category-varios"],"_links":{"self":[{"href":"http:\/\/elcuartopoder.com.mx\/nw\/wp-json\/wp\/v2\/posts\/109082","targetHints":{"allow":["GET"]}}],"collection":[{"href":"http:\/\/elcuartopoder.com.mx\/nw\/wp-json\/wp\/v2\/posts"}],"about":[{"href":"http:\/\/elcuartopoder.com.mx\/nw\/wp-json\/wp\/v2\/types\/post"}],"author":[{"embeddable":true,"href":"http:\/\/elcuartopoder.com.mx\/nw\/wp-json\/wp\/v2\/users\/2"}],"replies":[{"embeddable":true,"href":"http:\/\/elcuartopoder.com.mx\/nw\/wp-json\/wp\/v2\/comments?post=109082"}],"version-history":[{"count":1,"href":"http:\/\/elcuartopoder.com.mx\/nw\/wp-json\/wp\/v2\/posts\/109082\/revisions"}],"predecessor-version":[{"id":109084,"href":"http:\/\/elcuartopoder.com.mx\/nw\/wp-json\/wp\/v2\/posts\/109082\/revisions\/109084"}],"wp:featuredmedia":[{"embeddable":true,"href":"http:\/\/elcuartopoder.com.mx\/nw\/wp-json\/wp\/v2\/media\/109083"}],"wp:attachment":[{"href":"http:\/\/elcuartopoder.com.mx\/nw\/wp-json\/wp\/v2\/media?parent=109082"}],"wp:term":[{"taxonomy":"category","embeddable":true,"href":"http:\/\/elcuartopoder.com.mx\/nw\/wp-json\/wp\/v2\/categories?post=109082"},{"taxonomy":"post_tag","embeddable":true,"href":"http:\/\/elcuartopoder.com.mx\/nw\/wp-json\/wp\/v2\/tags?post=109082"}],"curies":[{"name":"wp","href":"https:\/\/api.w.org\/{rel}","templated":true}]}}