{"id":109221,"date":"2022-08-16T21:03:44","date_gmt":"2022-08-17T02:03:44","guid":{"rendered":"http:\/\/elcuartopoder.com.mx\/nw\/?p=109221"},"modified":"2022-08-16T21:03:48","modified_gmt":"2022-08-17T02:03:48","slug":"la-degradacion-humana-causada-por-la-tecnologia-ha-sobrepasado-algunos-limites-importantes","status":"publish","type":"post","link":"http:\/\/elcuartopoder.com.mx\/nw\/destacadas\/la-degradacion-humana-causada-por-la-tecnologia-ha-sobrepasado-algunos-limites-importantes\/","title":{"rendered":"\u00abLa degradaci\u00f3n humana causada por la tecnolog\u00eda ha sobrepasado algunos l\u00edmites importantes\u00bb"},"content":{"rendered":"\n<p class=\"wp-block-paragraph\"><strong>De tanto discutir sobre cu\u00e1ndo la tecnolog\u00eda iba a sobrepasar nuestras capacidades, perdimos de vista que las m\u00e1quinas se estaban enfocando en conocer nuestras debilidades.<\/strong><\/p>\n\n\n\n<p class=\"wp-block-paragraph\">Es la base que sustenta un concepto que est\u00e1 resonando en Silicon Valley y que se conoce como&nbsp;<em><strong>human downgradin<\/strong><\/em><em><strong>g<\/strong><\/em><em><strong>,<\/strong><\/em><strong>&nbsp;\u00abdegradaci\u00f3n humana\u00bb<\/strong>&nbsp;en espa\u00f1ol.<\/p>\n\n\n\n<p class=\"wp-block-paragraph\">Fue acu\u00f1ado por el cient\u00edfico inform\u00e1tico&nbsp;<strong>Tristan Harris<\/strong>&nbsp;y su socio&nbsp;<strong>Randima (Randy) Fernando<\/strong>, cofundadores del Center for Humane Technology (CHT, Centro para la Tecnolog\u00eda Humana), una organizaci\u00f3n sin \u00e1nimo de lucro cuya misi\u00f3n es \u00abrevertir la degradaci\u00f3n humana\u00bb y \u00abrealinear la tecnolog\u00eda con nuestra humanidad\u00bb.<\/p>\n\n\n\n<p class=\"wp-block-paragraph\">En el reciente documental de Netflix&nbsp;<em>The Social Dilemma<\/em>&nbsp;(\u00abEl dilema de las redes sociales\u00bb) Harris y Fernando exponen esta cuesti\u00f3n, estrechamente ligada a la llamada \u00abeconom\u00eda de la atenci\u00f3n\u00bb, o c\u00f3mo las empresas monetizan nuestra atenci\u00f3n a trav\u00e9s de las redes sociales y otras tecnolog\u00edas digitales.<\/p>\n\n\n\n<p class=\"wp-block-paragraph\">Fernando, director ejecutivo del CHT, cree que la tecnolog\u00eda deber\u00eda ser \u00abm\u00e1s humana\u00bb. En esta entrevista con BBC Mundo explica por qu\u00e9.<\/p>\n\n\n\n<p class=\"wp-block-paragraph\">Fuente: BBC<\/p>\n","protected":false},"excerpt":{"rendered":"<p>De tanto discutir sobre cu\u00e1ndo la tecnolog\u00eda iba a sobrepasar nuestras capacidades, perdimos de vista que las m\u00e1quinas se estaban enfocando en conocer nuestras debilidades. Es la base que sustenta un concepto que est\u00e1 resonando en Silicon Valley y que se conoce como&nbsp;human downgrading,&nbsp;\u00abdegradaci\u00f3n humana\u00bb&nbsp;en espa\u00f1ol. Fue acu\u00f1ado por el cient\u00edfico inform\u00e1tico&nbsp;Tristan Harris&nbsp;y su socio&nbsp;Randima [&hellip;]<\/p>\n","protected":false},"author":2,"featured_media":109222,"comment_status":"open","ping_status":"open","sticky":false,"template":"","format":"standard","meta":{"footnotes":""},"categories":[59],"tags":[],"class_list":["post-109221","post","type-post","status-publish","format-standard","has-post-thumbnail","hentry","category-destacadas"],"_links":{"self":[{"href":"http:\/\/elcuartopoder.com.mx\/nw\/wp-json\/wp\/v2\/posts\/109221","targetHints":{"allow":["GET"]}}],"collection":[{"href":"http:\/\/elcuartopoder.com.mx\/nw\/wp-json\/wp\/v2\/posts"}],"about":[{"href":"http:\/\/elcuartopoder.com.mx\/nw\/wp-json\/wp\/v2\/types\/post"}],"author":[{"embeddable":true,"href":"http:\/\/elcuartopoder.com.mx\/nw\/wp-json\/wp\/v2\/users\/2"}],"replies":[{"embeddable":true,"href":"http:\/\/elcuartopoder.com.mx\/nw\/wp-json\/wp\/v2\/comments?post=109221"}],"version-history":[{"count":1,"href":"http:\/\/elcuartopoder.com.mx\/nw\/wp-json\/wp\/v2\/posts\/109221\/revisions"}],"predecessor-version":[{"id":109223,"href":"http:\/\/elcuartopoder.com.mx\/nw\/wp-json\/wp\/v2\/posts\/109221\/revisions\/109223"}],"wp:featuredmedia":[{"embeddable":true,"href":"http:\/\/elcuartopoder.com.mx\/nw\/wp-json\/wp\/v2\/media\/109222"}],"wp:attachment":[{"href":"http:\/\/elcuartopoder.com.mx\/nw\/wp-json\/wp\/v2\/media?parent=109221"}],"wp:term":[{"taxonomy":"category","embeddable":true,"href":"http:\/\/elcuartopoder.com.mx\/nw\/wp-json\/wp\/v2\/categories?post=109221"},{"taxonomy":"post_tag","embeddable":true,"href":"http:\/\/elcuartopoder.com.mx\/nw\/wp-json\/wp\/v2\/tags?post=109221"}],"curies":[{"name":"wp","href":"https:\/\/api.w.org\/{rel}","templated":true}]}}