{"id":109298,"date":"2022-08-18T20:45:38","date_gmt":"2022-08-19T01:45:38","guid":{"rendered":"http:\/\/elcuartopoder.com.mx\/nw\/?p=109298"},"modified":"2022-08-18T20:45:42","modified_gmt":"2022-08-19T01:45:42","slug":"ley-de-cunas-vacias-de-que-va-esta-reforma-en-mexico","status":"publish","type":"post","link":"http:\/\/elcuartopoder.com.mx\/nw\/varios\/ley-de-cunas-vacias-de-que-va-esta-reforma-en-mexico\/","title":{"rendered":"Ley de Cunas Vac\u00edas: \u00bfde qu\u00e9 va esta reforma en M\u00e9xico?"},"content":{"rendered":"\n<p>En M\u00e9xico fue presentada la<strong>&nbsp;Ley de Cunas Vac\u00edas<\/strong>, un paquete de reformas a diversas leyes con la cual se busca&nbsp;<strong>dar apoyo a madres y padres que viven duelo<\/strong>&nbsp;por la muerte de sus beb\u00e9s.<\/p>\n\n\n\n<p>Te contamos todo lo que sabemos al respecto.<\/p>\n\n\n\n<p>La&nbsp;<strong>Ley de Cunas Vac\u00edas M\u00e9xico<\/strong>, como es conocida, contempla modificaciones a la Ley General de Salud, a la Ley Federal del Trabajo y a la Ley Federal de los Trabajadores al Servicio del Estado.<\/p>\n\n\n\n<p>Las modificaciones se basan en seis pilares:<\/p>\n\n\n\n<ul class=\"wp-block-list\"><li><strong>Atenci\u00f3n integral:&nbsp;<\/strong>Se pide que autoridades sanitarias garanticen el trato digno a las mujeres y sus familias, desde el bienestar f\u00edsico, psicol\u00f3gico y emocional, ante la muerte gestacional y perinatal.<\/li><li><strong>Trato digno:<\/strong>&nbsp;Las autoridades deben capacitar al personal m\u00e9dico, as\u00ed como a quienes est\u00e9n en contacto con mujeres y sus familias, para abordar la situaci\u00f3n de manera correcta, humana y sensible, respetando la dignidad de las personas.<\/li><li><strong>Acompa\u00f1amiento:&nbsp;<\/strong>Las mujeres tendr\u00e1n derecho a ser acompa\u00f1adas en todo momento por personas de su confianza y elecci\u00f3n.<\/li><li><strong>Permiso laboral, d\u00edas de duelo:&nbsp;<\/strong>Se pide otorgar cinco d\u00edas labores con goce de sueldo a madres y padres trabajadores por la muerte (fetal o perinatal) de sus hijas e hijos.<\/li><li><strong>Permiso por maternidad:<\/strong>&nbsp;Adem\u00e1s, se pide que sean respetados los d\u00edas de maternidad que corresponden a la madre.<\/li><\/ul>\n\n\n\n<p>(La asociaci\u00f3n Mi Apoyo recuerda que incluso cuando hay una cuna vac\u00eda, las madres viven&nbsp;<strong>el parto y el postparto<\/strong>&nbsp;de igual manera y requieren reposo).<\/p>\n\n\n\n<ul class=\"wp-block-list\"><li><strong>Lactancia y donaci\u00f3n<\/strong>: Se pide que las autoridades brinden informaci\u00f3n completa, clara y detallada a las mujeres sobre inhibici\u00f3n f\u00edsica y farmacol\u00f3gica de lactancia; as\u00ed como la informaci\u00f3n correspondiente a la donaci\u00f3n de leche materna.<\/li><\/ul>\n\n\n\n<p>Organizaciones como Mi Apoyo (de Marion Arrioja), La Mam\u00e1 de Mat\u00edass, Padres del Cielo y La Casa del Coraz\u00f3n han expresado el apoyo a esta serie de reformas. En junio pasado, festejaron el conversatorio sobre muerte gestacional y perinatal en el Senado de la Rep\u00fablica.<\/p>\n\n\n\n<p>La Ley de Cunas Vac\u00edas, impulsada por activistas y organizaciones, fue presentada al Senado de la Rep\u00fablica el pasado 11 de agosto, por el senador Ricardo Monreal.<\/p>\n\n\n\n<p>Datos del Inegi muestran que durante 2020 hubo 22 mil 637 muertes fetales: 82.9 por ciento ocurrieron antes del embarazo y 15.6 por ciento durante el parto. Tambi\u00e9n hubo 1.5 por ciento de muertes fetales sin especificaci\u00f3n de causa, indica el informe publicado el 30 de agosto de 2021.<\/p>\n\n\n\n<p>En su blog, Ricardo Monreal expuso que esta ley no ser\u00eda posible sin el trabajo que durante a\u00f1os han realizado organizaciones y activistas, a quienes tambi\u00e9n se debe el conversatorio en el Senado: \u201cEl duelo silencioso: derechos por muertes fetal y perinatal\u201d.<\/p>\n\n\n\n<p>\u201cLo m\u00e1s impactante de ese ejercicio fue, sin duda, conocer de viva voz c\u00f3mo, bajo el argumento de que \u2018no hay beb\u00e9\u2019, la falta de protocolos, registros y pol\u00edticas integrales de atenci\u00f3n, sumada a la estigmatizaci\u00f3n de quienes pierden a sus hijas e hijos en estas fases, son el caldo de cultivo de terribles&nbsp;<strong>vejaciones a la dignidad humana y a la violaci\u00f3n sistem\u00e1tica de derechos humano<\/strong>s\u201d, apunt\u00f3 el senador.<\/p>\n\n\n\n<p>Las organizaciones que piden respetar la dignidad de las mujeres y los hombres que viven este duelo han se\u00f1alado<strong>\u00a0malos tratos del personal m\u00e9dico e incluso la falta de respeto a los cuerpos de las y los beb\u00e9s fallecidos<\/strong>, que en ocasiones han sido entregados a sus familias \u201cen bolsas utilizadas para la basura op} en s\u00e1badas con sangre\u201d, relata Monreal en su blog.<\/p>\n\n\n\n<p>Fuente: elfinanciero<\/p>\n","protected":false},"excerpt":{"rendered":"<p>En M\u00e9xico fue presentada la&nbsp;Ley de Cunas Vac\u00edas, un paquete de reformas a diversas leyes con la cual se busca&nbsp;dar apoyo a madres y padres que viven duelo&nbsp;por la muerte de sus beb\u00e9s. Te contamos todo lo que sabemos al respecto. La&nbsp;Ley de Cunas Vac\u00edas M\u00e9xico, como es conocida, contempla modificaciones a la Ley General [&hellip;]<\/p>\n","protected":false},"author":2,"featured_media":109299,"comment_status":"open","ping_status":"open","sticky":false,"template":"","format":"standard","meta":{"footnotes":""},"categories":[64],"tags":[],"class_list":["post-109298","post","type-post","status-publish","format-standard","has-post-thumbnail","hentry","category-varios"],"_links":{"self":[{"href":"http:\/\/elcuartopoder.com.mx\/nw\/wp-json\/wp\/v2\/posts\/109298","targetHints":{"allow":["GET"]}}],"collection":[{"href":"http:\/\/elcuartopoder.com.mx\/nw\/wp-json\/wp\/v2\/posts"}],"about":[{"href":"http:\/\/elcuartopoder.com.mx\/nw\/wp-json\/wp\/v2\/types\/post"}],"author":[{"embeddable":true,"href":"http:\/\/elcuartopoder.com.mx\/nw\/wp-json\/wp\/v2\/users\/2"}],"replies":[{"embeddable":true,"href":"http:\/\/elcuartopoder.com.mx\/nw\/wp-json\/wp\/v2\/comments?post=109298"}],"version-history":[{"count":1,"href":"http:\/\/elcuartopoder.com.mx\/nw\/wp-json\/wp\/v2\/posts\/109298\/revisions"}],"predecessor-version":[{"id":109300,"href":"http:\/\/elcuartopoder.com.mx\/nw\/wp-json\/wp\/v2\/posts\/109298\/revisions\/109300"}],"wp:featuredmedia":[{"embeddable":true,"href":"http:\/\/elcuartopoder.com.mx\/nw\/wp-json\/wp\/v2\/media\/109299"}],"wp:attachment":[{"href":"http:\/\/elcuartopoder.com.mx\/nw\/wp-json\/wp\/v2\/media?parent=109298"}],"wp:term":[{"taxonomy":"category","embeddable":true,"href":"http:\/\/elcuartopoder.com.mx\/nw\/wp-json\/wp\/v2\/categories?post=109298"},{"taxonomy":"post_tag","embeddable":true,"href":"http:\/\/elcuartopoder.com.mx\/nw\/wp-json\/wp\/v2\/tags?post=109298"}],"curies":[{"name":"wp","href":"https:\/\/api.w.org\/{rel}","templated":true}]}}