{"id":109311,"date":"2022-08-19T11:56:40","date_gmt":"2022-08-19T16:56:40","guid":{"rendered":"http:\/\/elcuartopoder.com.mx\/nw\/?p=109311"},"modified":"2022-08-19T11:56:43","modified_gmt":"2022-08-19T16:56:43","slug":"palermo-ortiz-causa-baja-de-pumas","status":"publish","type":"post","link":"http:\/\/elcuartopoder.com.mx\/nw\/entretenimiento\/deportes\/palermo-ortiz-causa-baja-de-pumas\/","title":{"rendered":"&#8216;Palermo&#8217; Ortiz causa baja de Pumas"},"content":{"rendered":"\n<p>Los Pumas UNAM han sufrido la baja del futbolista Arturo Ortiz, pues present\u00f3 una lesi\u00f3n que lo mantendr\u00e1 alejado de las canchas por los pr\u00f3ximos d\u00edas.<\/p>\n\n\n\n<p>Por medio de un comunicado, el cuadro universitario se\u00f1al\u00f3 que Ortiz sufre una lesi\u00f3n muscular en el muslo anterior izquierdo, por lo que estar\u00e1 fuera por un periodo de 10 d\u00edas, dependiendo la evoluci\u00f3n.&nbsp;<\/p>\n\n\n\n<p>De esta manera, el &#8216;Palermo&#8217; se perder\u00e1 los duelos ante Atl\u00e9tico de San Luis, Santos Laguna y Tigres UANL.<\/p>\n\n\n\n<p>En lo que va del torneo Apertura 2022, el jugador de 29 a\u00f1os ha disputado un total de 3 partidos, acumulando 270 minutos.<\/p>\n\n\n\n<figure class=\"wp-block-embed is-type-rich is-provider-twitter wp-block-embed-twitter\"><div class=\"wp-block-embed__wrapper\">\n<blockquote class=\"twitter-tweet\" data-width=\"550\" data-dnt=\"true\"><p lang=\"es\" dir=\"ltr\">Parte m\u00e9dico del primer equipo varonil. <a href=\"https:\/\/twitter.com\/hashtag\/SoyDePumas?src=hash&amp;ref_src=twsrc%5Etfw\">#SoyDePumas<\/a> <a href=\"https:\/\/t.co\/QjqPONVOSz\">pic.twitter.com\/QjqPONVOSz<\/a><\/p>&mdash; PUMAS (@PumasMX) <a href=\"https:\/\/twitter.com\/PumasMX\/status\/1560346583924867072?ref_src=twsrc%5Etfw\">August 18, 2022<\/a><\/blockquote><script async src=\"https:\/\/platform.twitter.com\/widgets.js\" charset=\"utf-8\"><\/script>\n<\/div><\/figure>\n\n\n\n<p>Fuente: XEU<\/p>\n","protected":false},"excerpt":{"rendered":"<p>Los Pumas UNAM han sufrido la baja del futbolista Arturo Ortiz, pues present\u00f3 una lesi\u00f3n que lo mantendr\u00e1 alejado de las canchas por los pr\u00f3ximos d\u00edas. Por medio de un comunicado, el cuadro universitario se\u00f1al\u00f3 que Ortiz sufre una lesi\u00f3n muscular en el muslo anterior izquierdo, por lo que estar\u00e1 fuera por un periodo de [&hellip;]<\/p>\n","protected":false},"author":2,"featured_media":109312,"comment_status":"open","ping_status":"open","sticky":false,"template":"","format":"standard","meta":{"footnotes":""},"categories":[7],"tags":[],"class_list":["post-109311","post","type-post","status-publish","format-standard","has-post-thumbnail","hentry","category-deportes"],"_links":{"self":[{"href":"http:\/\/elcuartopoder.com.mx\/nw\/wp-json\/wp\/v2\/posts\/109311","targetHints":{"allow":["GET"]}}],"collection":[{"href":"http:\/\/elcuartopoder.com.mx\/nw\/wp-json\/wp\/v2\/posts"}],"about":[{"href":"http:\/\/elcuartopoder.com.mx\/nw\/wp-json\/wp\/v2\/types\/post"}],"author":[{"embeddable":true,"href":"http:\/\/elcuartopoder.com.mx\/nw\/wp-json\/wp\/v2\/users\/2"}],"replies":[{"embeddable":true,"href":"http:\/\/elcuartopoder.com.mx\/nw\/wp-json\/wp\/v2\/comments?post=109311"}],"version-history":[{"count":1,"href":"http:\/\/elcuartopoder.com.mx\/nw\/wp-json\/wp\/v2\/posts\/109311\/revisions"}],"predecessor-version":[{"id":109313,"href":"http:\/\/elcuartopoder.com.mx\/nw\/wp-json\/wp\/v2\/posts\/109311\/revisions\/109313"}],"wp:featuredmedia":[{"embeddable":true,"href":"http:\/\/elcuartopoder.com.mx\/nw\/wp-json\/wp\/v2\/media\/109312"}],"wp:attachment":[{"href":"http:\/\/elcuartopoder.com.mx\/nw\/wp-json\/wp\/v2\/media?parent=109311"}],"wp:term":[{"taxonomy":"category","embeddable":true,"href":"http:\/\/elcuartopoder.com.mx\/nw\/wp-json\/wp\/v2\/categories?post=109311"},{"taxonomy":"post_tag","embeddable":true,"href":"http:\/\/elcuartopoder.com.mx\/nw\/wp-json\/wp\/v2\/tags?post=109311"}],"curies":[{"name":"wp","href":"https:\/\/api.w.org\/{rel}","templated":true}]}}