{"id":109318,"date":"2022-08-19T15:52:48","date_gmt":"2022-08-19T20:52:48","guid":{"rendered":"http:\/\/elcuartopoder.com.mx\/nw\/?p=109318"},"modified":"2022-08-19T15:52:49","modified_gmt":"2022-08-19T20:52:49","slug":"fiscalia-tiene-38-denuncias-por-posible-dano-patrimonial-a-segalmex-por-hasta-9-mil-500-mdp","status":"publish","type":"post","link":"http:\/\/elcuartopoder.com.mx\/nw\/nacionales\/fiscalia-tiene-38-denuncias-por-posible-dano-patrimonial-a-segalmex-por-hasta-9-mil-500-mdp\/","title":{"rendered":"Fiscal\u00eda tiene 38 denuncias por posible da\u00f1o patrimonial a Segalmex por hasta 9 mil 500 mdp"},"content":{"rendered":"\n<p>La Fiscal\u00eda General de la Rep\u00fablica (<strong>FGR<\/strong>) tiene en su poder\u00a0<strong>38 denuncias<\/strong>\u00a0por presuntas irregularidades y un posible da\u00f1o patrimonial a\u00a0<strong>Segalmex\u00a0<\/strong>por hasta<strong>\u00a09 mil 500 millones de pesos<\/strong>, inform\u00f3 Roberto Salcedo Aquino, titular de la Secretar\u00eda de la Funci\u00f3n P\u00fablica (<strong>SFP<\/strong>).<\/p>\n\n\n\n<p>Durante la conferencia de prensa matutina, el funcionario se\u00f1al\u00f3 que la SFP y la Auditoria Superior de la Federaci\u00f3n (<strong>ASF<\/strong>) han realizado&nbsp;<strong>m\u00e1s de 100 actos de auditor\u00eda<\/strong>&nbsp;entre&nbsp;<strong>2019<\/strong>&nbsp;y&nbsp;<strong>finales de 2021<\/strong>&nbsp;a Segalmex, en las que se encontr\u00f3:<\/p>\n\n\n\n<ul class=\"wp-block-list\"><li>84 actos de fiscalizaci\u00f3n de la SFP con montos observados por<strong>&nbsp;6 mil 52 millones de pesos<\/strong><\/li><li>22 pliegos de observaciones de la ASF por un monto de&nbsp;<strong>3 mil 465 millones de pesos<\/strong><\/li><\/ul>\n\n\n\n<p>En suma, las irregularidades ascender\u00edan a<strong>&nbsp;9 mil 517 millones de pesos&nbsp;<\/strong>tanto en Segalmex, Liconsa y Diconsa.<\/p>\n\n\n\n<p>\u201cCuando se habla en&nbsp;<strong>fiscalizaci\u00f3n de montos<\/strong>&nbsp;observados debe entenderse lo que<strong>&nbsp;no est\u00e1 observado en el expediente<\/strong>, y \u00e9sto&nbsp;<strong>no es necesariamente sin\u00f3nimo de da\u00f1o patrimonial<\/strong>, sino de aclaraciones, por eso todos estos montos se encuentran en proceso de aclaraci\u00f3n, documentaci\u00f3n, y en su caso de recuperaci\u00f3n\u201d, aclar\u00f3 Salcedo Aquino.<\/p>\n\n\n\n<p>Estas presuntas irregularidades concluyeron en&nbsp;<strong>38 denuncias&nbsp;<\/strong>presentadas ante la&nbsp;<strong>FGR<\/strong>&nbsp;por la Procuradur\u00eda Fiscal de la Federaci\u00f3n, la UIF y la SFP por la presunta comisi\u00f3n de delitos que podr\u00edan haber ocasionado un&nbsp;<strong>da\u00f1o patrimonial a Segalmex, Liconsa y Diconsa<\/strong>.<\/p>\n\n\n\n<p>Las denuncias est\u00e1n en etapa de investigaci\u00f3n con miras a su judicializaci\u00f3n.<\/p>\n\n\n\n<p>Asimismo, el secretario se\u00f1alo que principalmente las denuncias son por el delito por el&nbsp;<strong>uso il\u00edcito de atribuciones y facultades&nbsp;<\/strong>y las carpetas de investigaci\u00f3n se est\u00e1n integrando bajo la \u00f3ptica de&nbsp;<strong>delincuencia organizada<\/strong>.<\/p>\n\n\n\n<p>En este contexto, el funcionario se\u00f1al\u00f3 que estas auditor\u00edas se realizaron tras m\u00faltiples&nbsp;<strong>denuncias&nbsp;<\/strong>y del&nbsp;<strong>deterioro&nbsp;<\/strong>en la rendici\u00f3n de cuentas en&nbsp;<strong>Liconsa&nbsp;<\/strong>y&nbsp;<strong>Diconsa<\/strong>, por lo que se cre\u00f3 un grupo de trabajo para&nbsp;<strong>investigar&nbsp;<\/strong>los&nbsp;<strong>presuntos actos corrupci\u00f3n&nbsp;<\/strong>de servidores p\u00fablicos en Segalmex.<\/p>\n\n\n\n<p>Tras las pesquisas, se observ\u00f3 que se \u201c<strong>incrementaron las inconsistencias en el registro de operaciones<\/strong>\u201d.<\/p>\n\n\n\n<p>Esto ocasion\u00f3 que&nbsp;<strong>Liconsa&nbsp;<\/strong>pasar\u00e1 de \u2018<strong>Dict\u00e1menes con Opiniones Limpias<\/strong>\u2019 en 2019 a \u2018<strong>Dict\u00e1menes con Abstenci\u00f3n de Opini\u00f3n<\/strong>\u2019 en 2021.<\/p>\n\n\n\n<p>En el caso de\u00a0<strong>Diconsa\u00a0<\/strong>se pas\u00f3 de \u2018<strong>Opini\u00f3n con salvedad<\/strong>\u2019 en 2019 a \u2018<strong>Dict\u00e1menes con Abstenci\u00f3n de Opini\u00f3n<\/strong>\u2019 en 2021.<\/p>\n\n\n\n<p>Fuente: Nacional<\/p>\n","protected":false},"excerpt":{"rendered":"<p>La Fiscal\u00eda General de la Rep\u00fablica (FGR) tiene en su poder\u00a038 denuncias\u00a0por presuntas irregularidades y un posible da\u00f1o patrimonial a\u00a0Segalmex\u00a0por hasta\u00a09 mil 500 millones de pesos, inform\u00f3 Roberto Salcedo Aquino, titular de la Secretar\u00eda de la Funci\u00f3n P\u00fablica (SFP). Durante la conferencia de prensa matutina, el funcionario se\u00f1al\u00f3 que la SFP y la Auditoria Superior [&hellip;]<\/p>\n","protected":false},"author":2,"featured_media":109319,"comment_status":"open","ping_status":"open","sticky":false,"template":"","format":"standard","meta":{"footnotes":""},"categories":[55],"tags":[],"class_list":["post-109318","post","type-post","status-publish","format-standard","has-post-thumbnail","hentry","category-nacionales"],"_links":{"self":[{"href":"http:\/\/elcuartopoder.com.mx\/nw\/wp-json\/wp\/v2\/posts\/109318","targetHints":{"allow":["GET"]}}],"collection":[{"href":"http:\/\/elcuartopoder.com.mx\/nw\/wp-json\/wp\/v2\/posts"}],"about":[{"href":"http:\/\/elcuartopoder.com.mx\/nw\/wp-json\/wp\/v2\/types\/post"}],"author":[{"embeddable":true,"href":"http:\/\/elcuartopoder.com.mx\/nw\/wp-json\/wp\/v2\/users\/2"}],"replies":[{"embeddable":true,"href":"http:\/\/elcuartopoder.com.mx\/nw\/wp-json\/wp\/v2\/comments?post=109318"}],"version-history":[{"count":1,"href":"http:\/\/elcuartopoder.com.mx\/nw\/wp-json\/wp\/v2\/posts\/109318\/revisions"}],"predecessor-version":[{"id":109320,"href":"http:\/\/elcuartopoder.com.mx\/nw\/wp-json\/wp\/v2\/posts\/109318\/revisions\/109320"}],"wp:featuredmedia":[{"embeddable":true,"href":"http:\/\/elcuartopoder.com.mx\/nw\/wp-json\/wp\/v2\/media\/109319"}],"wp:attachment":[{"href":"http:\/\/elcuartopoder.com.mx\/nw\/wp-json\/wp\/v2\/media?parent=109318"}],"wp:term":[{"taxonomy":"category","embeddable":true,"href":"http:\/\/elcuartopoder.com.mx\/nw\/wp-json\/wp\/v2\/categories?post=109318"},{"taxonomy":"post_tag","embeddable":true,"href":"http:\/\/elcuartopoder.com.mx\/nw\/wp-json\/wp\/v2\/tags?post=109318"}],"curies":[{"name":"wp","href":"https:\/\/api.w.org\/{rel}","templated":true}]}}