{"id":110069,"date":"2022-09-14T09:40:25","date_gmt":"2022-09-14T14:40:25","guid":{"rendered":"http:\/\/elcuartopoder.com.mx\/nw\/?p=110069"},"modified":"2022-09-14T09:40:30","modified_gmt":"2022-09-14T14:40:30","slug":"les-pido-que-me-dejen-morir-jorge-falcon-firma-su-carta-de-voluntad-anticipada","status":"publish","type":"post","link":"http:\/\/elcuartopoder.com.mx\/nw\/entretenimiento\/espectaculos\/les-pido-que-me-dejen-morir-jorge-falcon-firma-su-carta-de-voluntad-anticipada\/","title":{"rendered":"\u00abLes pido que me dejen morir\u00bb: Jorge Falc\u00f3n firma su carta de voluntad anticipada"},"content":{"rendered":"\n<p class=\"wp-block-paragraph\">Este martes 13 de septiembre, el reconocido comediante,&nbsp;<strong>Jorge Falc\u00f3n<\/strong>&nbsp;se convirti\u00f3 en tema de conversaci\u00f3n en el mundo de la far\u00e1ndula despu\u00e9s de conceder una entrevista en la que habl\u00f3 que tiene firmada su carta de voluntad anticipada, lo cual alert\u00f3 sobre su estado de salud.<\/p>\n\n\n\n<p class=\"wp-block-paragraph\">Hace unos meses, frente a las c\u00e1maras de televisi\u00f3n, el&nbsp;<a href=\"https:\/\/heraldodemexico.com.mx\/espectaculos\/2022\/9\/13\/aleida-nunez-presume-sus-curvas-en-ajustado-vestido-naranja-439193.html\">famoso sorprendi\u00f3 a todos sus seguidores<\/a>&nbsp;al confirmar su retiro de los escenarios ya que no quer\u00eda dejar una mala imagen y aparecer arriba de los escenarios \u00abcon un tanque de ox\u00edgeno\u00bb.&nbsp;<\/p>\n\n\n\n<figure class=\"wp-block-image\"><img decoding=\"async\" src=\"https:\/\/heraldodemexico.com.mx\/u\/fotografias\/m\/2021\/11\/5\/f768x1-441237_441364_5050.jpg\" alt=\"\"\/><figcaption>Foto: Especial<\/figcaption><\/figure>\n\n\n\n<h2 class=\"wp-block-heading\">Jorge Falc\u00f3n firm\u00f3 su voluntad anticipada<\/h2>\n\n\n\n<p class=\"wp-block-paragraph\">En un reciente encuentro con los medios de comunicaci\u00f3n,&nbsp;<strong>Jo Jo Jorge Falc\u00f3n<\/strong>, como es conocido popularmente en la industria del entretenimiento, se sincer\u00f3 ante todos al decir que desde hace varios a\u00f1os tom\u00f3 la decisi\u00f3n de firmar su carta de voluntad.&nbsp;<\/p>\n\n\n\n<p class=\"wp-block-paragraph\">De acuerdo con el programa de espect\u00e1culos Chisme No Like, el comediante tom\u00f3 la valiente decisi\u00f3n de firmar su carta de voluntad desde hace ocho a\u00f1os, pues no quiere que lo mantengan vivo por medios artificiales.&nbsp;<\/p>\n\n\n\n<blockquote class=\"wp-block-quote is-layout-flow wp-block-quote-is-layout-flow\"><p>\u00abTengo firmada mi carta, si me llego a enfermar de algo les pido que me dejen morir\u00bb, sentenci\u00f3.&nbsp;<\/p><\/blockquote>\n\n\n\n<p class=\"wp-block-paragraph\">En este sentido, la estrella de televisi\u00f3n dijo que hace unos d\u00edas vivi\u00f3 una situaci\u00f3n que nunca hab\u00eda vivido, pues se sinti\u00f3 en otra dimensi\u00f3n, como si se le hubiera subido el \u00abmuerto\u00bb. Fiel a su estilo, provoc\u00f3 las risas de los reporteros al contar su an\u00e9cdota.&nbsp;<\/p>\n\n\n\n<figure class=\"wp-block-image\"><img decoding=\"async\" src=\"https:\/\/heraldodemexico.com.mx\/u\/fotografias\/m\/2022\/9\/13\/f768x1-576091_576218_0.jpg\" alt=\"\"\/><figcaption>Foto: Especial<\/figcaption><\/figure>\n\n\n\n<h2 class=\"wp-block-heading\">Jorge Falc\u00f3n y su legado en televisi\u00f3n&nbsp;<\/h2>\n\n\n\n<p class=\"wp-block-paragraph\">Desde hace unos a\u00f1os,&nbsp;<strong>Jorge Falc\u00f3n<\/strong>&nbsp;se ha consagrado como uno de los comediantes m\u00e1s importantes en todo M\u00e9xico gracias al excelente trabajo que realiz\u00f3 en un sin fin de proyectos de Televisa. Adem\u00e1s, fue invitado recurrente en distintas transmisiones.<\/p>\n\n\n\n<p class=\"wp-block-paragraph\">Adem\u00e1s de brillar en la pantalla chica, el comediante brill\u00f3 en los distintos shows que ofrece en los teatros m\u00e1s importantes en el pa\u00eds.\u00a0<\/p>\n\n\n\n<p class=\"wp-block-paragraph\">Fuente: heraldodemexico<\/p>\n","protected":false},"excerpt":{"rendered":"<p>Este martes 13 de septiembre, el reconocido comediante,&nbsp;Jorge Falc\u00f3n&nbsp;se convirti\u00f3 en tema de conversaci\u00f3n en el mundo de la far\u00e1ndula despu\u00e9s de conceder una entrevista en la que habl\u00f3 que tiene firmada su carta de voluntad anticipada, lo cual alert\u00f3 sobre su estado de salud. Hace unos meses, frente a las c\u00e1maras de televisi\u00f3n, el&nbsp;famoso [&hellip;]<\/p>\n","protected":false},"author":2,"featured_media":110070,"comment_status":"open","ping_status":"open","sticky":false,"template":"","format":"standard","meta":{"footnotes":""},"categories":[11],"tags":[],"class_list":["post-110069","post","type-post","status-publish","format-standard","has-post-thumbnail","hentry","category-espectaculos"],"_links":{"self":[{"href":"http:\/\/elcuartopoder.com.mx\/nw\/wp-json\/wp\/v2\/posts\/110069","targetHints":{"allow":["GET"]}}],"collection":[{"href":"http:\/\/elcuartopoder.com.mx\/nw\/wp-json\/wp\/v2\/posts"}],"about":[{"href":"http:\/\/elcuartopoder.com.mx\/nw\/wp-json\/wp\/v2\/types\/post"}],"author":[{"embeddable":true,"href":"http:\/\/elcuartopoder.com.mx\/nw\/wp-json\/wp\/v2\/users\/2"}],"replies":[{"embeddable":true,"href":"http:\/\/elcuartopoder.com.mx\/nw\/wp-json\/wp\/v2\/comments?post=110069"}],"version-history":[{"count":1,"href":"http:\/\/elcuartopoder.com.mx\/nw\/wp-json\/wp\/v2\/posts\/110069\/revisions"}],"predecessor-version":[{"id":110071,"href":"http:\/\/elcuartopoder.com.mx\/nw\/wp-json\/wp\/v2\/posts\/110069\/revisions\/110071"}],"wp:featuredmedia":[{"embeddable":true,"href":"http:\/\/elcuartopoder.com.mx\/nw\/wp-json\/wp\/v2\/media\/110070"}],"wp:attachment":[{"href":"http:\/\/elcuartopoder.com.mx\/nw\/wp-json\/wp\/v2\/media?parent=110069"}],"wp:term":[{"taxonomy":"category","embeddable":true,"href":"http:\/\/elcuartopoder.com.mx\/nw\/wp-json\/wp\/v2\/categories?post=110069"},{"taxonomy":"post_tag","embeddable":true,"href":"http:\/\/elcuartopoder.com.mx\/nw\/wp-json\/wp\/v2\/tags?post=110069"}],"curies":[{"name":"wp","href":"https:\/\/api.w.org\/{rel}","templated":true}]}}