{"id":110078,"date":"2022-09-14T10:29:23","date_gmt":"2022-09-14T15:29:23","guid":{"rendered":"http:\/\/elcuartopoder.com.mx\/nw\/?p=110078"},"modified":"2022-09-14T10:29:26","modified_gmt":"2022-09-14T15:29:26","slug":"estos-son-los-sintomas-que-alertan-del-cancer-de-colon-hazles-caso","status":"publish","type":"post","link":"http:\/\/elcuartopoder.com.mx\/nw\/entretenimiento\/salud\/estos-son-los-sintomas-que-alertan-del-cancer-de-colon-hazles-caso\/","title":{"rendered":"Estos son los s\u00edntomas que alertan del c\u00e1ncer de colon: hazles caso"},"content":{"rendered":"\n<p class=\"wp-block-paragraph\">El c\u00e1ncer colorrectal es uno de los m\u00e1s frecuentes y mort\u00edferos que existen y se ha convertido ya en la segunda causa de muerte por c\u00e1ncer, tan solo detr\u00e1s del que surge en los pulmones. Esta enfermedad, que acab\u00f3 con la vida de m\u00e1s de 900.000 personas a nivel mundial en el a\u00f1o 2020, incluye tanto el c\u00e1ncer de recto como el de colon, aunque este segundo es mucho m\u00e1s habitual.<\/p>\n\n\n\n<p class=\"wp-block-paragraph\">Detectar a tiempo un\u00a0<strong>c\u00e1ncer de colon<\/strong>\u00a0puede ser la clave para evitar que este se extienda inevitablemente. As\u00ed, es importante tener en cuenta que existen se\u00f1ales que pueden alertar de un posible\u00a0<strong>tumor en el aparato digestivo<\/strong>. Cambios en las deposiciones, alteraciones en tu cuerpo o dolores extra\u00f1os son algunos de los s\u00edntomas que podr\u00eda manifestar una persona que sufre esta enfermedad.<\/p>\n\n\n\n<h3 class=\"wp-block-heading\">Se\u00f1ales que alertan de un posible c\u00e1ncer de colon<\/h3>\n\n\n\n<p class=\"wp-block-paragraph\">Existen tres principales se\u00f1ales que pueden indicar la presencia de un tumor en el colon. La primera de ellas, y la m\u00e1s clara, es un&nbsp;<strong>cambio notable en tus deposiciones&nbsp;<\/strong>habituales. La&nbsp;<strong>aparici\u00f3n de sangre en las heces<\/strong>&nbsp;\u2012puede proceder de la inflamaci\u00f3n de vasos sangu\u00edneos (hemorroides) o estar causada por un c\u00e1ncer colorrectal\u2012 o&nbsp;<strong>cambios en el color<\/strong>&nbsp;de estas, ya sean m\u00e1s brillantes o m\u00e1s oscuras que de costumbre, pueden ser los s\u00edntomas m\u00e1s evidentes de que existe un problema en el tracto intestinal.<\/p>\n\n\n\n<p class=\"wp-block-paragraph\">Adem\u00e1s, la forma de estas, duras o l\u00edquidas casi de manera constante, tambi\u00e9n pueden suponer una complicaci\u00f3n. Ante este problema, hacerse un chequeo m\u00e9dico puede ser la mejor opci\u00f3n para confirmar o descartar un posible c\u00e1ncer.<\/p>\n\n\n\n<p class=\"wp-block-paragraph\">Experimentar dolor o&nbsp;<strong>hinchaz\u00f3n en la parte baja del abdomen<\/strong>&nbsp;cuando la tripa se siente llena despu\u00e9s de haber comido es otro de los s\u00edntomas que puede alertar sobre un posible c\u00e1ncer de colon.<\/p>\n\n\n\n<p class=\"wp-block-paragraph\">Por \u00faltimo,&nbsp;<strong>sentir el intestino lleno<\/strong>&nbsp;a pesar de haber pasado por el ba\u00f1o previamente, notar una p\u00e9rdida de peso repentina o sentirse mucho m\u00e1s cansado o mareado de lo habitual son se\u00f1ales a tener en cuenta ante un posible tumor.<\/p>\n\n\n\n<p class=\"wp-block-paragraph\">Mantener alguno de estos s\u00edntomas durante un periodo de tiempo continuado, superior a tres semanas, puede ser un s\u00edntoma de alerta, por lo que es importante acudir a una revisi\u00f3n m\u00e9dica con un especialista para descartar complicaciones.<\/p>\n\n\n\n<p class=\"wp-block-paragraph\">Aunque las causas del c\u00e1ncer de colon no se conocen, s\u00ed que existen factores de riesgo que est\u00e1n asociados a la formaci\u00f3n de este tipo de tumores, especialmente entre los mayores de 50 a\u00f1os. La mayor\u00eda est\u00e1n relacionados con una\u00a0<strong>alimentaci\u00f3n poco saludable<\/strong>, sobrepeso,\u00a0<strong>h\u00e1bitos de vida sedentaria<\/strong>, adicci\u00f3n al\u00a0<strong>tabaco<\/strong>\u00a0o el consumo de demasiado\u00a0<strong>alcohol<\/strong>.<\/p>\n\n\n\n<p class=\"wp-block-paragraph\">Fuente: ABC<\/p>\n","protected":false},"excerpt":{"rendered":"<p>El c\u00e1ncer colorrectal es uno de los m\u00e1s frecuentes y mort\u00edferos que existen y se ha convertido ya en la segunda causa de muerte por c\u00e1ncer, tan solo detr\u00e1s del que surge en los pulmones. Esta enfermedad, que acab\u00f3 con la vida de m\u00e1s de 900.000 personas a nivel mundial en el a\u00f1o 2020, incluye [&hellip;]<\/p>\n","protected":false},"author":2,"featured_media":110079,"comment_status":"open","ping_status":"open","sticky":false,"template":"","format":"standard","meta":{"footnotes":""},"categories":[56],"tags":[],"class_list":["post-110078","post","type-post","status-publish","format-standard","has-post-thumbnail","hentry","category-salud"],"_links":{"self":[{"href":"http:\/\/elcuartopoder.com.mx\/nw\/wp-json\/wp\/v2\/posts\/110078","targetHints":{"allow":["GET"]}}],"collection":[{"href":"http:\/\/elcuartopoder.com.mx\/nw\/wp-json\/wp\/v2\/posts"}],"about":[{"href":"http:\/\/elcuartopoder.com.mx\/nw\/wp-json\/wp\/v2\/types\/post"}],"author":[{"embeddable":true,"href":"http:\/\/elcuartopoder.com.mx\/nw\/wp-json\/wp\/v2\/users\/2"}],"replies":[{"embeddable":true,"href":"http:\/\/elcuartopoder.com.mx\/nw\/wp-json\/wp\/v2\/comments?post=110078"}],"version-history":[{"count":1,"href":"http:\/\/elcuartopoder.com.mx\/nw\/wp-json\/wp\/v2\/posts\/110078\/revisions"}],"predecessor-version":[{"id":110080,"href":"http:\/\/elcuartopoder.com.mx\/nw\/wp-json\/wp\/v2\/posts\/110078\/revisions\/110080"}],"wp:featuredmedia":[{"embeddable":true,"href":"http:\/\/elcuartopoder.com.mx\/nw\/wp-json\/wp\/v2\/media\/110079"}],"wp:attachment":[{"href":"http:\/\/elcuartopoder.com.mx\/nw\/wp-json\/wp\/v2\/media?parent=110078"}],"wp:term":[{"taxonomy":"category","embeddable":true,"href":"http:\/\/elcuartopoder.com.mx\/nw\/wp-json\/wp\/v2\/categories?post=110078"},{"taxonomy":"post_tag","embeddable":true,"href":"http:\/\/elcuartopoder.com.mx\/nw\/wp-json\/wp\/v2\/tags?post=110078"}],"curies":[{"name":"wp","href":"https:\/\/api.w.org\/{rel}","templated":true}]}}