{"id":110138,"date":"2022-09-16T13:29:59","date_gmt":"2022-09-16T18:29:59","guid":{"rendered":"http:\/\/elcuartopoder.com.mx\/nw\/?p=110138"},"modified":"2022-09-16T13:30:04","modified_gmt":"2022-09-16T18:30:04","slug":"zona-de-baja-presion-y-onda-tropical-acompanan-a-fiona-en-el-atlantico","status":"publish","type":"post","link":"http:\/\/elcuartopoder.com.mx\/nw\/estatales\/zona-de-baja-presion-y-onda-tropical-acompanan-a-fiona-en-el-atlantico\/","title":{"rendered":"Zona de baja presi\u00f3n y onda tropical acompa\u00f1an a \u201cFiona\u201d en el Atl\u00e1ntico"},"content":{"rendered":"\n<p class=\"wp-block-paragraph\">Este viernes 16 de septiembre, la Coordinaci\u00f3n Estatal de Protecci\u00f3n Civil (Coeproc) inform\u00f3 sobre la presencia de dos zonas de baja presi\u00f3n que&nbsp;<strong>acompa\u00f1an la tormenta tropical \u201cFiona\u201d<\/strong>, en el oc\u00e9ano Atl\u00e1ntico.<\/p>\n\n\n\n<p class=\"wp-block-paragraph\">La Coeproc informa que, con base en el Centro Nacional de Huracanes de Miami, Florida, Estados Unidos (NOAA) y difundida por el Servicio Meteorol\u00f3gico Nacional (SMN), sobre el seguimiento de \u201cFiona\u201d, localizada en las coordenadas; 15.7 grados latitud Norte y 58.1 grados longitud Oeste, aproximadamente a 425 kil\u00f3metros al este del Arco de las Islas de las Antillas Menores, mantiene unos vientos m\u00e1ximos sostenidos cerca del centro de 85 kph, y rachas mayores, presenta movimiento al Oeste (260 Grados) a raz\u00f3n de 24 kph.<\/p>\n\n\n\n<h2 class=\"wp-block-heading\">Detectan dos zonas de baja presi\u00f3n<\/h2>\n\n\n\n<p class=\"wp-block-paragraph\">La primera formaci\u00f3n hidrometeorol\u00f3gica es un remanente de una zona frontal localizada en el oc\u00e9ano Atl\u00e1ntico y al oeste de la Isla de Bermuda, se espera que esta baja presi\u00f3n se mueva al Este o al Este sureste, mantiene una\u00a0<strong>probabilidad baja de 10%<\/strong>\u00a0en las pr\u00f3ximas 48 horas y de\u00a0<strong>10% en los pr\u00f3ximos cinco d\u00edas<\/strong>.<\/p>\n\n\n\n<p class=\"wp-block-paragraph\">En el Atl\u00e1ntico Central se ubica la segunda onda tropical podr\u00eda tener un desarrollo lento a principios de la pr\u00f3xima semana mientras se mueva hacia el noroeste al norte del Atl\u00e1ntico Central.<\/p>\n\n\n\n<p class=\"wp-block-paragraph\">El fen\u00f3meno mantiene\u00a0 una probabilidad de desarrollo baja del 0% en las pr\u00f3ximas 48 horas y de\u00a0<strong>20% en los pr\u00f3ximos cinco d\u00edas<\/strong>, por su distancia y trayectoria pronosticada\u00a0<strong>no representan ning\u00fan riesgo para el estado de Quintana Roo<\/strong>, se mantiene en vigilancia su evoluci\u00f3n.<\/p>\n\n\n\n<p class=\"wp-block-paragraph\">Fuente: SIPSE<\/p>\n","protected":false},"excerpt":{"rendered":"<p>Este viernes 16 de septiembre, la Coordinaci\u00f3n Estatal de Protecci\u00f3n Civil (Coeproc) inform\u00f3 sobre la presencia de dos zonas de baja presi\u00f3n que&nbsp;acompa\u00f1an la tormenta tropical \u201cFiona\u201d, en el oc\u00e9ano Atl\u00e1ntico. La Coeproc informa que, con base en el Centro Nacional de Huracanes de Miami, Florida, Estados Unidos (NOAA) y difundida por el Servicio Meteorol\u00f3gico [&hellip;]<\/p>\n","protected":false},"author":2,"featured_media":110139,"comment_status":"open","ping_status":"open","sticky":false,"template":"","format":"standard","meta":{"footnotes":""},"categories":[60],"tags":[],"class_list":["post-110138","post","type-post","status-publish","format-standard","has-post-thumbnail","hentry","category-estatales"],"_links":{"self":[{"href":"http:\/\/elcuartopoder.com.mx\/nw\/wp-json\/wp\/v2\/posts\/110138","targetHints":{"allow":["GET"]}}],"collection":[{"href":"http:\/\/elcuartopoder.com.mx\/nw\/wp-json\/wp\/v2\/posts"}],"about":[{"href":"http:\/\/elcuartopoder.com.mx\/nw\/wp-json\/wp\/v2\/types\/post"}],"author":[{"embeddable":true,"href":"http:\/\/elcuartopoder.com.mx\/nw\/wp-json\/wp\/v2\/users\/2"}],"replies":[{"embeddable":true,"href":"http:\/\/elcuartopoder.com.mx\/nw\/wp-json\/wp\/v2\/comments?post=110138"}],"version-history":[{"count":1,"href":"http:\/\/elcuartopoder.com.mx\/nw\/wp-json\/wp\/v2\/posts\/110138\/revisions"}],"predecessor-version":[{"id":110140,"href":"http:\/\/elcuartopoder.com.mx\/nw\/wp-json\/wp\/v2\/posts\/110138\/revisions\/110140"}],"wp:featuredmedia":[{"embeddable":true,"href":"http:\/\/elcuartopoder.com.mx\/nw\/wp-json\/wp\/v2\/media\/110139"}],"wp:attachment":[{"href":"http:\/\/elcuartopoder.com.mx\/nw\/wp-json\/wp\/v2\/media?parent=110138"}],"wp:term":[{"taxonomy":"category","embeddable":true,"href":"http:\/\/elcuartopoder.com.mx\/nw\/wp-json\/wp\/v2\/categories?post=110138"},{"taxonomy":"post_tag","embeddable":true,"href":"http:\/\/elcuartopoder.com.mx\/nw\/wp-json\/wp\/v2\/tags?post=110138"}],"curies":[{"name":"wp","href":"https:\/\/api.w.org\/{rel}","templated":true}]}}