{"id":110141,"date":"2022-09-16T13:32:25","date_gmt":"2022-09-16T18:32:25","guid":{"rendered":"http:\/\/elcuartopoder.com.mx\/nw\/?p=110141"},"modified":"2022-09-16T13:32:29","modified_gmt":"2022-09-16T18:32:29","slug":"la-desunion","status":"publish","type":"post","link":"http:\/\/elcuartopoder.com.mx\/nw\/nacionales\/la-desunion\/","title":{"rendered":"La desuni\u00f3n"},"content":{"rendered":"\n<p class=\"wp-block-paragraph\">Las fiestas mexicanas de este a\u00f1o llegan en uno de los momentos de mayor<strong>&nbsp;desuni\u00f3n en M\u00e9xico<\/strong>. Me resulta dif\u00edcil de comprender como la sociedad mexicana conmemora el inicio de una gesta de independencia que signific\u00f3 la uni\u00f3n de todos aquellos que buscaban una nueva realidad en estas tierras, sin importar color, casta o posici\u00f3n social. Esta reflexi\u00f3n es importante ya que la independencia que se logr\u00f3 en 1821 fue el resultado de la uni\u00f3n de muchas voluntades, tanto pol\u00edticas y sociales para escribir una nueva realidad en el nuevo pa\u00eds que naci\u00f3 hace 201 a\u00f1os.<\/p>\n\n\n\n<p class=\"wp-block-paragraph\">En este a\u00f1o 2022 tristemente la sociedad mexicana est\u00e1 dividida, fracturada, alejados los unos de los otros. El rico no puede ver al pobre, el pobre odia al rico, los blancos no conviven con negros o mestizos, y ellos a su vez descalifican a los que tienen una tez mas clara. Y si hablamos de la condici\u00f3n econ\u00f3mica, no terminar\u00edamos de describir la confrontaci\u00f3n social que sigue provocando que mucho este en manos de tan pocos y la gran mayor\u00eda lucha por tener apenas que comer. Si bien hace poco mas de 200 a\u00f1os, la discriminaci\u00f3n viv\u00eda uno de sus momentos m\u00e1s vergonzosos, criollos y todo tipo de castas se unieron codo a codo para buscar un nuevo camino para el pa\u00eds.<\/p>\n\n\n\n<p class=\"wp-block-paragraph\">Los espa\u00f1oles nacidos en M\u00e9xico no quer\u00edan pagar tributos a la colonia espa\u00f1ola y los mestizos, sin una idea muy clara por lo que luchaban, iniciaron un movimiento que culmin\u00f3 en el nacimiento de una nueva naci\u00f3n. Hoy no estoy tan seguro de que, ante una emergencia, o como dice nuestro Himno Nacional, si un extra\u00f1o enemigo profanara con su planta nuestro suelo, los mexicanos dejemos de lado nuestras diferencias para, siendo uno, luchemos por la libertad. Hoy la divisi\u00f3n por sectores, econom\u00edas, vaya, en nuevas castas que ha emprendido el presidente en turno, es tan profunda que dif\u00edcilmente podr\u00edamos organizarnos. En los medios de comunicaci\u00f3n transmitimos historias de desencuentros y de desuniones.<\/p>\n\n\n\n<p class=\"wp-block-paragraph\">En este tiempo, cuando m\u00e1s necesitamos la unidad de todos para que en 2024 logremos un nuevo viraje en nuestro rumbo, la \u00fanica opci\u00f3n que se ten\u00eda para lograrlo, est\u00e1 rota, est\u00e1 perdida. Las presiones pol\u00edticas, as\u00ed como los intereses particulares han \u201cdoblado\u201d a uno de los integrantes de la&nbsp;<strong>alianza \u201cVa por M\u00e9xico\u201d<\/strong>&nbsp;por lo que el anuncio de la ruptura con su dirigente nacional complica y desdibuja el camino para encontrar una nueva independencia de quienes se han planteado conseguir a costa de lo que sea su permanencia eterna en la administraci\u00f3n de este generoso pa\u00eds.<\/p>\n\n\n\n<p class=\"wp-block-paragraph\">La ruptura del PAN con el dirigente priista Alejandro Moreno, en este 15 de septiembre, nos aleja totalmente del esp\u00edritu de esos hombres y mujeres que hace dos centurias derramaron su sangre para conformar un pa\u00eds libre e independiente. Hoy celebramos un a\u00f1o m\u00e1s de independencia, pero no nos detenemos a observar nuestras ataduras, pol\u00edticas, ideol\u00f3gicas y sociales.<\/p>\n\n\n\n<p class=\"wp-block-paragraph\">Somos una naci\u00f3n independiente de otros pa\u00edses con quienes celebramos acuerdos comerciales, pero tristemente somos tan dependientes del discurso, de la dadiva f\u00e1cil y de la venganza pol\u00edtica. \u00bfQu\u00e9 clase de movimiento de independencia necesitamos?<\/p>\n\n\n\n<h2 class=\"wp-block-heading\"><strong>Coraz\u00f3n que s\u00ed siente<\/strong><\/h2>\n\n\n\n<p class=\"wp-block-paragraph\">En el restaurante la Opera del centro de la Ciudad de M\u00e9xico,\u00a0<strong>Marcelo Ebrard,\u00a0<\/strong>secretario de Relaciones Exteriores y aspirante a la presidencia de la Rep\u00fablica, comi\u00f3 con Jos\u00e9 Mujica, ex presidente de Uruguay y con Evo Morales, expresidente de Bolivia. Se nota que Marcelo con cada acci\u00f3n, busca construir su imagen presidencial.<\/p>\n\n\n\n<p class=\"wp-block-paragraph\">Fuente: heraldodemexico<\/p>\n","protected":false},"excerpt":{"rendered":"<p>Las fiestas mexicanas de este a\u00f1o llegan en uno de los momentos de mayor&nbsp;desuni\u00f3n en M\u00e9xico. Me resulta dif\u00edcil de comprender como la sociedad mexicana conmemora el inicio de una gesta de independencia que signific\u00f3 la uni\u00f3n de todos aquellos que buscaban una nueva realidad en estas tierras, sin importar color, casta o posici\u00f3n social. [&hellip;]<\/p>\n","protected":false},"author":2,"featured_media":110142,"comment_status":"open","ping_status":"open","sticky":false,"template":"","format":"standard","meta":{"footnotes":""},"categories":[55],"tags":[],"class_list":["post-110141","post","type-post","status-publish","format-standard","has-post-thumbnail","hentry","category-nacionales"],"_links":{"self":[{"href":"http:\/\/elcuartopoder.com.mx\/nw\/wp-json\/wp\/v2\/posts\/110141","targetHints":{"allow":["GET"]}}],"collection":[{"href":"http:\/\/elcuartopoder.com.mx\/nw\/wp-json\/wp\/v2\/posts"}],"about":[{"href":"http:\/\/elcuartopoder.com.mx\/nw\/wp-json\/wp\/v2\/types\/post"}],"author":[{"embeddable":true,"href":"http:\/\/elcuartopoder.com.mx\/nw\/wp-json\/wp\/v2\/users\/2"}],"replies":[{"embeddable":true,"href":"http:\/\/elcuartopoder.com.mx\/nw\/wp-json\/wp\/v2\/comments?post=110141"}],"version-history":[{"count":1,"href":"http:\/\/elcuartopoder.com.mx\/nw\/wp-json\/wp\/v2\/posts\/110141\/revisions"}],"predecessor-version":[{"id":110143,"href":"http:\/\/elcuartopoder.com.mx\/nw\/wp-json\/wp\/v2\/posts\/110141\/revisions\/110143"}],"wp:featuredmedia":[{"embeddable":true,"href":"http:\/\/elcuartopoder.com.mx\/nw\/wp-json\/wp\/v2\/media\/110142"}],"wp:attachment":[{"href":"http:\/\/elcuartopoder.com.mx\/nw\/wp-json\/wp\/v2\/media?parent=110141"}],"wp:term":[{"taxonomy":"category","embeddable":true,"href":"http:\/\/elcuartopoder.com.mx\/nw\/wp-json\/wp\/v2\/categories?post=110141"},{"taxonomy":"post_tag","embeddable":true,"href":"http:\/\/elcuartopoder.com.mx\/nw\/wp-json\/wp\/v2\/tags?post=110141"}],"curies":[{"name":"wp","href":"https:\/\/api.w.org\/{rel}","templated":true}]}}