{"id":110145,"date":"2022-09-16T20:22:01","date_gmt":"2022-09-17T01:22:01","guid":{"rendered":"http:\/\/elcuartopoder.com.mx\/nw\/?p=110145"},"modified":"2022-09-16T20:22:05","modified_gmt":"2022-09-17T01:22:05","slug":"dios-las-hace-y-el-diablo-las-junta-la-beristain-y-estefania-perpetuan-a-un-clan-de-politicos-priistas","status":"publish","type":"post","link":"http:\/\/elcuartopoder.com.mx\/nw\/estatales\/dios-las-hace-y-el-diablo-las-junta-la-beristain-y-estefania-perpetuan-a-un-clan-de-politicos-priistas\/","title":{"rendered":"\u201cDIOS LAS HACE Y EL DIABLO LAS JUNTA\u201d LA BERISTAIN Y ESTEFANIA PERPET\u00daAN A UN CLAN DE POL\u00cdTICOS PRIISTAS"},"content":{"rendered":"\n<p class=\"wp-block-paragraph\">Angy Estefan\u00eda Mercado Ausencio&nbsp;es una diputada millonaria, empresaria y al fin despu\u00e9s de reiteradas ocasiones logra tener un curul en el Congreso del Estado que le abre la idea de que tiene futuro pol\u00edtico asegurado.&nbsp;<\/p>\n\n\n\n<p class=\"wp-block-paragraph\">Muchos tambi\u00e9n dicen que lo ha logrado a que es una \u201cchapulina m\u00e1s\u201d, al brincar de un partido a otro en menos de un a\u00f1o, sino por sumar a su campa\u00f1a a oscuros personajes de la pol\u00edtica local y estatal de dudosa reputaci\u00f3n que han contribuido al da\u00f1o a las arcas municipales de este joven municipio de Playa del Carmen .&nbsp;<\/p>\n\n\n\n<p class=\"wp-block-paragraph\">Hasta hace apenas un a\u00f1o, Estefan\u00eda Mercado Asencio fue presentada por la c\u00fapula de los partidos PAN, PRI y PRD, que conformaban la alianza \u201cVa por M\u00e9xico\u201d, donde se postul\u00f3 como candidata a la diputaci\u00f3n federal por el Distrito 01, de la mano con Lil\u00ed Campos Miranda, qui\u00e9n en ese entonces se postul\u00f3 como candidata a la presidencia municipal, sin embargo, mientras que Campos Miranda logr\u00f3 alzarse con la victoria, Estefan\u00eda tuvo una vergonzosa derrota ante Juan Carrillo, qui\u00e9n logro la victoria con m\u00e1s de 81 mil votos.&nbsp;<\/p>\n\n\n\n<p class=\"wp-block-paragraph\">Pero al aproximarse el proceso electoral, Estefan\u00eda pretend\u00eda contender nuevamente, ahora por la diputaci\u00f3n local por el X distrito, sin embargo, debido a que la c\u00fapula de la alianza \u201cVa por Quintana Roo\u201d opt\u00f3 por darle la candidatura a Kira Iris Sam, Estefan\u00eda opt\u00f3 por irse al Partido Verde para materializar sus aspiraciones de lograr un cargo de elecci\u00f3n popular, siendo amadrinada por la ex presidenta municipal Cristina Torres, de qui\u00e9n se dice, tiene el control del partido Morena en Solidaridad.&nbsp;<\/p>\n\n\n\n<p class=\"wp-block-paragraph\">Pero el \u201cchapulineo\u201d de Estefan\u00eda lo hizo de la manera muy calculadora, ya que manera por dem\u00e1s oportunista se sum\u00f3 a las filas del Verde y de Morena aprovech\u00e1ndose de la popularidad del presidente Andr\u00e9s Manuel L\u00f3pez Obrador, as\u00ed como de la actual candidata a la gubernatura de Quintana Roo por la alianza \u201cJuntos Hacemos Historia\u201d, Mara Lezama Espinoza, para as\u00ed poder asegurar su \u201ctriunfo\u201d y lo logro\u2026&nbsp;<\/p>\n\n\n\n<p class=\"wp-block-paragraph\">Detr\u00e1s de ella no solo est\u00e1n \u201clos Berista\u00edn\u201d sino tambi\u00e9n F\u00e9lix Gonz\u00e1lez Canto, y otros pol\u00edticos priistas que son de este municipio tur\u00edstico. Estefan\u00eda se ha visto envuelta en esc\u00e1ndalos, pues primeramente se le ha vinculado con el establecimiento Chilly Willys, un prost\u00edbulo que opera al sur de la ciudad y que adem\u00e1s es propiedad de su padre H\u00e9ctor Mercado, hecho ante el cual la actual abanderada ha calificado de campa\u00f1a sucia, a pesar de que se han publicado documentos en donde su padre funge como apoderado legal de dicho lugar, se\u00f1alado como centro operativo del narco, la explotaci\u00f3n sexual de mujeres y la trata de personas.&nbsp;<\/p>\n\n\n\n<p class=\"wp-block-paragraph\">Pero eso no es todo, pues en esos 12 d\u00edas de campa\u00f1a, el propio morenismo local ha dado indicios de no ver con buenos ojos a la actual abanderada de \u201cJuntos Hacemos Historia\u201d a la diputaci\u00f3n local, mucho menos los playenses la ven con agrado, y esto qued\u00f3 de manifiesto el pasado domingo 24 de abril, cuando en su caminata por el tianguis de la colonia Luis Donaldo Colosio, un grupo de tianguistas no perdi\u00f3 la oportunidad de gritarle a todo pulm\u00f3n \u201ccorrupta, corrupta\u201d, dando con ello una muestra de que Estefan\u00eda Mercado se ha convertido en tiempo record en una candidata indeseable.&nbsp;<\/p>\n","protected":false},"excerpt":{"rendered":"<p>Angy Estefan\u00eda Mercado Ausencio&nbsp;es una diputada millonaria, empresaria y al fin despu\u00e9s de reiteradas ocasiones logra tener un curul en el Congreso del Estado que le abre la idea de que tiene futuro pol\u00edtico asegurado.&nbsp; Muchos tambi\u00e9n dicen que lo ha logrado a que es una \u201cchapulina m\u00e1s\u201d, al brincar de un partido a otro [&hellip;]<\/p>\n","protected":false},"author":2,"featured_media":110146,"comment_status":"open","ping_status":"open","sticky":false,"template":"","format":"standard","meta":{"footnotes":""},"categories":[60],"tags":[],"class_list":["post-110145","post","type-post","status-publish","format-standard","has-post-thumbnail","hentry","category-estatales"],"_links":{"self":[{"href":"http:\/\/elcuartopoder.com.mx\/nw\/wp-json\/wp\/v2\/posts\/110145","targetHints":{"allow":["GET"]}}],"collection":[{"href":"http:\/\/elcuartopoder.com.mx\/nw\/wp-json\/wp\/v2\/posts"}],"about":[{"href":"http:\/\/elcuartopoder.com.mx\/nw\/wp-json\/wp\/v2\/types\/post"}],"author":[{"embeddable":true,"href":"http:\/\/elcuartopoder.com.mx\/nw\/wp-json\/wp\/v2\/users\/2"}],"replies":[{"embeddable":true,"href":"http:\/\/elcuartopoder.com.mx\/nw\/wp-json\/wp\/v2\/comments?post=110145"}],"version-history":[{"count":1,"href":"http:\/\/elcuartopoder.com.mx\/nw\/wp-json\/wp\/v2\/posts\/110145\/revisions"}],"predecessor-version":[{"id":110147,"href":"http:\/\/elcuartopoder.com.mx\/nw\/wp-json\/wp\/v2\/posts\/110145\/revisions\/110147"}],"wp:featuredmedia":[{"embeddable":true,"href":"http:\/\/elcuartopoder.com.mx\/nw\/wp-json\/wp\/v2\/media\/110146"}],"wp:attachment":[{"href":"http:\/\/elcuartopoder.com.mx\/nw\/wp-json\/wp\/v2\/media?parent=110145"}],"wp:term":[{"taxonomy":"category","embeddable":true,"href":"http:\/\/elcuartopoder.com.mx\/nw\/wp-json\/wp\/v2\/categories?post=110145"},{"taxonomy":"post_tag","embeddable":true,"href":"http:\/\/elcuartopoder.com.mx\/nw\/wp-json\/wp\/v2\/tags?post=110145"}],"curies":[{"name":"wp","href":"https:\/\/api.w.org\/{rel}","templated":true}]}}