{"id":110152,"date":"2022-09-17T09:47:48","date_gmt":"2022-09-17T14:47:48","guid":{"rendered":"http:\/\/elcuartopoder.com.mx\/nw\/?p=110152"},"modified":"2022-09-17T09:47:50","modified_gmt":"2022-09-17T14:47:50","slug":"el-presidente-de-el-salvador-se-presentara-a-la-reeleccion-aunque-lo-prohibe-la-constitucion","status":"publish","type":"post","link":"http:\/\/elcuartopoder.com.mx\/nw\/internacionales\/el-presidente-de-el-salvador-se-presentara-a-la-reeleccion-aunque-lo-prohibe-la-constitucion\/","title":{"rendered":"El presidente de El Salvador se presentar\u00e1 a la reelecci\u00f3n, aunque lo proh\u00edbe la Constituci\u00f3n"},"content":{"rendered":"\n<p class=\"wp-block-paragraph\">El presidente de El Salvador,\u00a0Nayib Bukele,\u00a0confirm\u00f3 este jueves, en el marco de la celebraci\u00f3n del D\u00eda de la Independencia, lo que ya muchos esperaban: que se presentar\u00e1 a la reelecci\u00f3n, a pesar de que la Constituci\u00f3n del pa\u00eds proh\u00edbe que los mandatarios puedan optar a un segundo mandato de cinco a\u00f1os.<\/p>\n\n\n\n<p class=\"wp-block-paragraph\">\u00abAnuncio al pueblo salvadore\u00f1o que he decidido presentarme como candidato a la Presidencia de la rep\u00fablica\u00bb, dijo Bukele, que fue elegido en primera vuelta en 2019 y optar\u00e1 por segunda vez al cargo en 2024, en un discurso transmitido en directo por la televisi\u00f3n p\u00fablica y las redes sociales.<\/p>\n\n\n\n<p class=\"wp-block-paragraph\">Aunque la Constituci\u00f3n proh\u00edbe que un presidente sea reelegido inmediatamente despu\u00e9s de un mandato, el Tribunal Supremo, compuesto por jueces designados por los legisladores del partido de Bukele (los no afines fueron despedidos), dictamin\u00f3 en 2021 que<strong>&nbsp;era permisible un segundo mandato consecutivo.<\/strong><\/p>\n\n\n\n<h3 class=\"wp-block-heading\">Autoritarismo<\/h3>\n\n\n\n<p class=\"wp-block-paragraph\">Esa medida fue criticada por Estados Unidos y despert\u00f3 el temor de un\u00a0retorno al autoritarismo\u00a0en el pa\u00eds latinoamericano.<\/p>\n\n\n\n<p class=\"wp-block-paragraph\">\u00abLos pa\u00edses desarrollados tienen reelecci\u00f3n\u00bb, dijo Bukele el jueves. \u00abY gracias a la nueva configuraci\u00f3n de la instituci\u00f3n democr\u00e1tica de nuestro pa\u00eds, ahora El Salvador tambi\u00e9n la tendr\u00e1\u00bb, recoge Reuters.<\/p>\n\n\n\n<p class=\"wp-block-paragraph\">En las redes sociales han sido muchas las reacciones a este anuncio, y algunos no han dudado en recuperar una grabaci\u00f3n del padre del presidente,<strong>\u00a0Armando Bukele Katt\u00e1n,<\/strong>\u00a0referente para el mandatario, en la que se muestra contrario a la reelecci\u00f3n y al cambio de la Carta Magna para permitirlo.<\/p>\n\n\n\n<p class=\"wp-block-paragraph\">Bukele emprendi\u00f3 hace meses\u00a0una guerra contra las pandillas,\u00a0tras el aumento de asesinatos durante un fin de semana (seg\u00fan una investigaci\u00f3n, la matanza fue la respuesta de la Mara Salvatrucha al incumplimiento de las negociaciones que manten\u00eda con el Gobierno de Bukele, que este ha negado). La principal medida que tom\u00f3 el presidente fue imponer, en marzo de esta a\u00f1o, el estado de excepci\u00f3n, que el Congreso ampli\u00f3 este mi\u00e9rcoles por sexta vez. Como resultado de esta medida han sido detenidas m\u00e1s de 50.000 personas por presuntos v\u00ednculos con las pandillas.<\/p>\n\n\n\n<p class=\"wp-block-paragraph\">Si bien ha sido apoyada por gran parte de la poblaci\u00f3n, m\u00e1s del 90% la aplaude, ha sido criticada por numerosas organizaciones de derechos humanos, que han denunciado detenciones arbitrarias y muertes en prisi\u00f3n. Otras fuentes denuncian acusaciones falsas y la imposici\u00f3n de cuotas para cumplir un n\u00famero determinado de detenciones, lo que implica la detenci\u00f3n de personas sin v\u00ednculos con las\u00a0seg\u00fan relat\u00f3 a ABC la abogada penalista Lucrecia Landaverde. \u00abHay polic\u00edas que me han expresado a m\u00ed personalmente que les ponen hasta 40 capturas diarias por polic\u00eda\u00bb.<\/p>\n\n\n\n<p class=\"wp-block-paragraph\">A principios del pasado mes de julio, el presidente Bukele anunci\u00f3, a trav\u00e9s de su Twitter, la construcci\u00f3n de una gran c\u00e1rcel para acoger a 60.000 detenidos . \u00abDecidimos hacerlo alejado de las ciudades, rodeado de cientos de manzanas de tierra propiedad del Estado, con cientos de miles de metros de construcci\u00f3n, varios niveles de muros y 37 torres de vigilancia, lo que har\u00e1 imposible un escape\u00bb, escribi\u00f3.<\/p>\n\n\n\n<p class=\"wp-block-paragraph\">Fuente: ABC<\/p>\n","protected":false},"excerpt":{"rendered":"<p>El presidente de El Salvador,\u00a0Nayib Bukele,\u00a0confirm\u00f3 este jueves, en el marco de la celebraci\u00f3n del D\u00eda de la Independencia, lo que ya muchos esperaban: que se presentar\u00e1 a la reelecci\u00f3n, a pesar de que la Constituci\u00f3n del pa\u00eds proh\u00edbe que los mandatarios puedan optar a un segundo mandato de cinco a\u00f1os. \u00abAnuncio al pueblo salvadore\u00f1o [&hellip;]<\/p>\n","protected":false},"author":2,"featured_media":110153,"comment_status":"open","ping_status":"open","sticky":false,"template":"","format":"standard","meta":{"footnotes":""},"categories":[8],"tags":[],"class_list":["post-110152","post","type-post","status-publish","format-standard","has-post-thumbnail","hentry","category-internacionales"],"_links":{"self":[{"href":"http:\/\/elcuartopoder.com.mx\/nw\/wp-json\/wp\/v2\/posts\/110152","targetHints":{"allow":["GET"]}}],"collection":[{"href":"http:\/\/elcuartopoder.com.mx\/nw\/wp-json\/wp\/v2\/posts"}],"about":[{"href":"http:\/\/elcuartopoder.com.mx\/nw\/wp-json\/wp\/v2\/types\/post"}],"author":[{"embeddable":true,"href":"http:\/\/elcuartopoder.com.mx\/nw\/wp-json\/wp\/v2\/users\/2"}],"replies":[{"embeddable":true,"href":"http:\/\/elcuartopoder.com.mx\/nw\/wp-json\/wp\/v2\/comments?post=110152"}],"version-history":[{"count":1,"href":"http:\/\/elcuartopoder.com.mx\/nw\/wp-json\/wp\/v2\/posts\/110152\/revisions"}],"predecessor-version":[{"id":110154,"href":"http:\/\/elcuartopoder.com.mx\/nw\/wp-json\/wp\/v2\/posts\/110152\/revisions\/110154"}],"wp:featuredmedia":[{"embeddable":true,"href":"http:\/\/elcuartopoder.com.mx\/nw\/wp-json\/wp\/v2\/media\/110153"}],"wp:attachment":[{"href":"http:\/\/elcuartopoder.com.mx\/nw\/wp-json\/wp\/v2\/media?parent=110152"}],"wp:term":[{"taxonomy":"category","embeddable":true,"href":"http:\/\/elcuartopoder.com.mx\/nw\/wp-json\/wp\/v2\/categories?post=110152"},{"taxonomy":"post_tag","embeddable":true,"href":"http:\/\/elcuartopoder.com.mx\/nw\/wp-json\/wp\/v2\/tags?post=110152"}],"curies":[{"name":"wp","href":"https:\/\/api.w.org\/{rel}","templated":true}]}}