{"id":110161,"date":"2022-09-17T10:52:28","date_gmt":"2022-09-17T15:52:28","guid":{"rendered":"http:\/\/elcuartopoder.com.mx\/nw\/?p=110161"},"modified":"2022-09-17T10:52:30","modified_gmt":"2022-09-17T15:52:30","slug":"la-polemica-del-ataud-de-isabel-ii-que-estaba-patrocinado-por-una-funeraria","status":"publish","type":"post","link":"http:\/\/elcuartopoder.com.mx\/nw\/qtp\/la-polemica-del-ataud-de-isabel-ii-que-estaba-patrocinado-por-una-funeraria\/","title":{"rendered":"La pol\u00e9mica del ata\u00fad de Isabel II que estaba patrocinado por una funeraria"},"content":{"rendered":"\n<p class=\"wp-block-paragraph\">Reino Unido est\u00e1 estos d\u00edas en la mirada de medio mundo. Las pompas f\u00fanebres en honor de la\u00a0<strong>Reina Isabel II<\/strong>\u00a0supera en cobertura medi\u00e1tica a la retransmisi\u00f3n anual de la S\u00faper Bowl seg\u00fan expertos en marketing. Con una cobertura de tal calado siempre hay quien aprovecha para sacar su lado m\u00e1s p\u00edcaro y aunque en Buckhingham todo estaba medido y ensayado, se les col\u00f3 un anunciante nada m\u00e1s y nada menos que en el f\u00e9retro de la Reina Isabel II. Una gran pegatina con el nombre de\u00a0<strong>William Purves<\/strong>, funeraria elegida para transportar el ata\u00fad de roble de la monarca a trav\u00e9s de Escocia, era visible cuando sal\u00eda de Balmoral a las 10 de la ma\u00f1ana, el pasado s\u00e1bado. Pero cuando el coche f\u00fanebre lleg\u00f3 a Edimburgo, seis horas despu\u00e9s, el anuncio inapropiado, que cubr\u00eda gran parte del ata\u00fad cubierto hab\u00eda desaparecido.<\/p>\n\n\n\n<p class=\"wp-block-paragraph\">Tal y como recoge &#8216;The Sun&#8217;, el autom\u00f3vil que transportaba el ata\u00fad de la Reina se detuvo al menos una vez en su viaje para que los conductores pudieran descansar, tal y como marcan las normas. Al parecer el anuncio fue eliminado durante una de estas paradas. La web de William Purves, una funeraria familiar escocesa fue vista durante unos minutos por millones de personas, hasta el punto de que el sitio web fue colapsado por los internautas. Cuando se restableci\u00f3 el servicio se pod\u00eda leer el mensaje: \u00bbCuando deposita su confianza en William Purves, puede esperar los m\u00e1s altos est\u00e1ndares de profesionalismo, atenci\u00f3n compasiva y un servicio verdaderamente distintivo. Lo que necesites, sean cuales sean tus planes, ap\u00f3yate en nuestra experiencia, donde y cuando nos necesites\u00ab.<\/p>\n\n\n\n<figure class=\"wp-block-image\"><img decoding=\"async\" src=\"https:\/\/s1.abcstatics.com\/abc\/www\/multimedia\/gente\/2022\/09\/15\/ataudsinpatrocinio-U38000458518FcY-624x350@abc.jpg\" alt=\"Cuando el ata\u00fad lleg\u00f3 al palacio de Holyrood ya no llevaba la publicidad de la funeraria escocesa\"\/><figcaption>Cuando el ata\u00fad lleg\u00f3 al palacio de Holyrood ya no llevaba la publicidad de la funeraria escocesa&nbsp;AP<\/figcaption><\/figure>\n\n\n\n<p class=\"wp-block-paragraph\">Los directores de funerarias de la Casa Real fueron seleccionados y designados por la Oficina del Lord Chambel\u00e1n. William Purves, con sede en Escocia fueron solo los responsables del tramo escoc\u00e9s del \u00faltimo viaje de Isabel II. El Palacio de Buckingham se neg\u00f3 hacer comentarios al respecto del coche f\u00fanebre publicitado, pero aclar\u00f3 que Leverton &amp; Sons, con sede en Camden, Londres, es la empresa responsable del funeral en general. Les avalan a\u00f1os de servicio a la Corona brit\u00e1nica, ya que fueron los encargados de organizar el funeral de la Reina Madre, el de la Princesa Margarita y el m\u00e1s reciente, el del Pr\u00edncipe Felipe.<\/p>\n\n\n\n<p class=\"wp-block-paragraph\">Ni la\u00a0<strong>princesa Ana<\/strong>, ni sus dos hermanos, que recibieron el ata\u00fad a la salida de Balmoral y lo custodiaron hasta su llegada al palacio de Holyrood, se percataron de la publicidad encubierta que llevaba el coche f\u00fanebre de su madre. William Purves, ya ha cumplido su prop\u00f3sito, y al parecer, no ha parado de recibir propuestas de presupuesto para ser enterrados en un ata\u00fad de roble y con arreglos florales similares al de la Reina.<\/p>\n\n\n\n<p class=\"wp-block-paragraph\">Fuente: ABC<\/p>\n","protected":false},"excerpt":{"rendered":"<p>Reino Unido est\u00e1 estos d\u00edas en la mirada de medio mundo. Las pompas f\u00fanebres en honor de la\u00a0Reina Isabel II\u00a0supera en cobertura medi\u00e1tica a la retransmisi\u00f3n anual de la S\u00faper Bowl seg\u00fan expertos en marketing. Con una cobertura de tal calado siempre hay quien aprovecha para sacar su lado m\u00e1s p\u00edcaro y aunque en Buckhingham [&hellip;]<\/p>\n","protected":false},"author":2,"featured_media":110162,"comment_status":"open","ping_status":"open","sticky":false,"template":"","format":"standard","meta":{"footnotes":""},"categories":[58],"tags":[],"class_list":["post-110161","post","type-post","status-publish","format-standard","has-post-thumbnail","hentry","category-qtp"],"_links":{"self":[{"href":"http:\/\/elcuartopoder.com.mx\/nw\/wp-json\/wp\/v2\/posts\/110161","targetHints":{"allow":["GET"]}}],"collection":[{"href":"http:\/\/elcuartopoder.com.mx\/nw\/wp-json\/wp\/v2\/posts"}],"about":[{"href":"http:\/\/elcuartopoder.com.mx\/nw\/wp-json\/wp\/v2\/types\/post"}],"author":[{"embeddable":true,"href":"http:\/\/elcuartopoder.com.mx\/nw\/wp-json\/wp\/v2\/users\/2"}],"replies":[{"embeddable":true,"href":"http:\/\/elcuartopoder.com.mx\/nw\/wp-json\/wp\/v2\/comments?post=110161"}],"version-history":[{"count":1,"href":"http:\/\/elcuartopoder.com.mx\/nw\/wp-json\/wp\/v2\/posts\/110161\/revisions"}],"predecessor-version":[{"id":110163,"href":"http:\/\/elcuartopoder.com.mx\/nw\/wp-json\/wp\/v2\/posts\/110161\/revisions\/110163"}],"wp:featuredmedia":[{"embeddable":true,"href":"http:\/\/elcuartopoder.com.mx\/nw\/wp-json\/wp\/v2\/media\/110162"}],"wp:attachment":[{"href":"http:\/\/elcuartopoder.com.mx\/nw\/wp-json\/wp\/v2\/media?parent=110161"}],"wp:term":[{"taxonomy":"category","embeddable":true,"href":"http:\/\/elcuartopoder.com.mx\/nw\/wp-json\/wp\/v2\/categories?post=110161"},{"taxonomy":"post_tag","embeddable":true,"href":"http:\/\/elcuartopoder.com.mx\/nw\/wp-json\/wp\/v2\/tags?post=110161"}],"curies":[{"name":"wp","href":"https:\/\/api.w.org\/{rel}","templated":true}]}}