{"id":110164,"date":"2022-09-17T21:05:22","date_gmt":"2022-09-18T02:05:22","guid":{"rendered":"http:\/\/elcuartopoder.com.mx\/nw\/?p=110164"},"modified":"2022-09-17T21:05:26","modified_gmt":"2022-09-18T02:05:26","slug":"el-78-de-las-jovenes-retrasa-su-maternidad-debido-al-contexto-socio-economico-actual","status":"publish","type":"post","link":"http:\/\/elcuartopoder.com.mx\/nw\/editorial\/el-78-de-las-jovenes-retrasa-su-maternidad-debido-al-contexto-socio-economico-actual\/","title":{"rendered":"El 78% de las j\u00f3venes retrasa su maternidad debido al contexto socio-econ\u00f3mico actual"},"content":{"rendered":"\n<p class=\"wp-block-paragraph\">La guerra de Ucrania, la consiguiente inflaci\u00f3n y encarecimiento de la vida que venimos experimentando en los \u00faltimos meses, rumores de una inminente crisis econ\u00f3mica\u2026 El panorama socio-econ\u00f3mico actual y venidero genera una creciente\u00a0<strong>preocupaci\u00f3n social,<\/strong>\u00a0afectando por ende a la toma de decisiones vitales, algunas tan importantes como formar una familia.<\/p>\n\n\n\n<p class=\"wp-block-paragraph\">En este contexto, IVI ha publicado el &#8216;I Bar\u00f3metro social de la percepci\u00f3n de las espa\u00f1olas acerca de la maternidad&#8217;, una extensa encuesta realizada por GFK \u2014empresa referente en an\u00e1lisis de mercado\u2014 que muestra el comportamiento y actitudes de las mujeres entre 25 y 45 a\u00f1os respecto a la fertilidad, la maternidad y la reproducci\u00f3n asistida, dentro del marco social, pol\u00edtico y econ\u00f3mico actual.<\/p>\n\n\n\n<p class=\"wp-block-paragraph\">\u00abNo en vano, una de las cifras que se desprenden de este estudio muestra c\u00f3mo el 78% de las mujeres entre 25 y 29 a\u00f1os con intenci\u00f3n de<strong>\u00a0ser madres<\/strong>\u00a0han retrasado su decisi\u00f3n debido al marco socio-econ\u00f3mico actual en el que nos encontramos \u2014asegura la doctora\u00a0<strong>Mar\u00eda Cerrillo<\/strong>, ginec\u00f3loga de\u00a0IVI Madrid\u2014. Cuando hablamos del total de mujeres entrevistadas, en un rango amplio de edad, el porcentaje desciende\u00a0<strong>hasta un 67%<\/strong>, lo cual no deja de ser llamativo. Lo que es indudable es que el contexto actual que nos rodea influye, y mucho, en una decisi\u00f3n clave como la maternidad\u00bb.<\/p>\n\n\n\n<p class=\"wp-block-paragraph\">La encuesta se ha realizado a cerca de 1.000 mujeres, de nivel socio-econ\u00f3mico medio, medio-alto y alto, por lo que&nbsp;<strong>su percepci\u00f3n var\u00eda<\/strong>&nbsp;con respecto al resto de la sociedad, en quienes ellas consideran que determinados factores influyen de manera m\u00e1s acusada.<\/p>\n\n\n\n<p class=\"wp-block-paragraph\">\u00abEn este sentido, cuando nos referimos al peso que tiene el contexto socio-econ\u00f3mico actual en la decisi\u00f3n de las mujeres en general de retrasar su decisi\u00f3n de ser madres, incluyendo todos los status sociales, el porcentaje asciende al 84%. Esto se justifica por el&nbsp;<strong>status social<\/strong>&nbsp;y econ\u00f3mico de las encuestadas, consider\u00e1ndose en mejor posici\u00f3n que el resto de la sociedad. No olvidemos que nos referimos a un segmento de nivel socioecon\u00f3mico medio-alto\u00bb, a\u00f1ade la doctora Cerrillo.<\/p>\n\n\n\n<p class=\"wp-block-paragraph\">Se estima que Espa\u00f1a perder\u00e1 el 35% de su poblaci\u00f3n, pasando de los 47,5 millones de personas en la actualidad a 30. \u00bfEl motivo? La baja natalidad<\/p>\n\n\n\n<p class=\"wp-block-paragraph\">Todo ello desemboca inevitablemente en un concepto muy en boga: \u00ab<strong>Invierno demogr\u00e1fico<\/strong>\u00bb, situaci\u00f3n que se materializa en el envejecimiento de la poblaci\u00f3n y el descenso de la natalidad, una combinaci\u00f3n letal para mantener el reemplazo generacional.<\/p>\n\n\n\n<p class=\"wp-block-paragraph\">Recientemente, la ONU ha publicado el informe Perspectivas de la Poblaci\u00f3n Mundial que prev\u00e9 una&nbsp;<strong>vor\u00e1gine demogr\u00e1fica<\/strong>&nbsp;en las pr\u00f3ximas d\u00e9cadas. Por lo que a Espa\u00f1a se refiere, se estima que perder\u00e1 el 35% de su poblaci\u00f3n, pasando de los 47,5 millones de personas en la actualidad a 30. \u00bfEl motivo? La<strong>&nbsp;baja natalidad<\/strong>.<\/p>\n\n\n\n<p class=\"wp-block-paragraph\">A su vez, hace pocas semanas, el Instituto Nacional de Estad\u00edstica (INE) ha publicado los datos de natalidad y mortalidad del primer semestre de 2022, que muestran menos de 160.000 ni\u00f1os nacidos en Espa\u00f1a,&nbsp;<strong>casi 1.000 menos<\/strong>&nbsp;que el a\u00f1o anterior, siendo este el octavo a\u00f1o consecutivo con los datos de natalidad en descenso en el primer semestre del a\u00f1o. Esta cifra supone 45.000 nacimientos menos que en 2015, \u00faltimo a\u00f1o con los datos en ascenso, y se sit\u00faa como el primer semestre con menos beb\u00e9s nacidos desde 1941.<\/p>\n\n\n\n<p class=\"wp-block-paragraph\">Y es que, la tasa de fecundidad de Espa\u00f1a es de las m\u00e1s bajas del mundo, algo alarmante cuanto menos. Apenas nacen 1,28 ni\u00f1os por mujer de media, lejos de la tasa de reemplazo, que se cifra en 2,1 hijos por mujer, lo cual permitir\u00eda la renovaci\u00f3n poblacional.<\/p>\n\n\n\n<p class=\"wp-block-paragraph\">Esto nos lleva al primero de los problemas que se\u00f1ala a ese 78% de j\u00f3venes que no se ven teniendo hijos a d\u00eda de hoy por diversos factores. Esta situaci\u00f3n potencia una realidad incuestionable como el progresivo&nbsp;<strong>retraso en la edad<\/strong>&nbsp;para ser madre, lo cual refuerza el escenario de alerta demogr\u00e1fica sin precedentes en que vivimos, que muchos califican como amenaza de despoblaci\u00f3n severa.<\/p>\n\n\n\n<h3 class=\"wp-block-heading\">Alternativas<\/h3>\n\n\n\n<p class=\"wp-block-paragraph\">\u00abPero no nos echemos las manos a la cabeza. La ciencia, y m\u00e1s concretamente la medicina reproductiva, es consciente de estas circunstancias y avanza cada d\u00eda con nuevas alternativas para ayudar a las&nbsp;<strong>mujeres y parejas<\/strong>&nbsp;a cumplir su deseo de formar una familia. As\u00ed, opciones como la preservaci\u00f3n de la fertilidad, otorgan a las mujeres la posibilidad de vitrificar sus ovocitos para poder decidir libremente cu\u00e1ndo y c\u00f3mo ser madres, sin renunciar por ello a hacerlo con sus propios gametos. Y para casos m\u00e1s complejos o de&nbsp;<strong>edad materna<\/strong>&nbsp;avanzada, las pacientes tienen a su disposici\u00f3n el centro de excelencia en rejuvenecimiento ov\u00e1rico del que IVI es pionero, o tratamientos con \u00f3vulos donados para aquellas que no puedan hacer uso de sus propios ovocitos. Todas estas alternativas perfilan un futuro esperanzador para estas pacientes, a pesar de las dificultades del contexto actual\u00bb, explica la doctora Cerrillo.<\/p>\n\n\n\n<h3 class=\"wp-block-heading\">El Covid pasa a segundo plano<\/h3>\n\n\n\n<p class=\"wp-block-paragraph\">Seg\u00fan muestra la encuesta, las mujeres presentan una menor preocupaci\u00f3n por el efecto del Covid-19&nbsp;<strong>sobre su decisi\u00f3n<\/strong>&nbsp;de ser madres, afectando &#8216;tan solo&#8217; a un 38% de las encuestadas con intenci\u00f3n de serlo.<\/p>\n\n\n\n<p class=\"wp-block-paragraph\">\u00abLa pandemia vino con fuerza, agit\u00f3 a nivel mundial todo a su paso, y poco a poco, con esfuerzo y paciencia, hemos recuperado\u00a0<strong>cierta normalidad<\/strong>, tan necesaria como esperada, adaptando el d\u00eda a d\u00eda y los protocolos a la realidad que esta alerta sanitaria ha impuesto. Se atisban tiempos dif\u00edciles, pero de la misma manera buscaremos las mejores opciones para hacerles frente con las mayores garant\u00edas para nuestros pacientes\u00bb, concluye esta doctora.<\/p>\n\n\n\n<p class=\"wp-block-paragraph\">Adem\u00e1s de este bloque de datos, el &#8216;I Bar\u00f3metro social de la percepci\u00f3n de las espa\u00f1olas acerca de la maternidad&#8217; aborda diferentes esferas en torno a la\u00a0<strong>maternidad<\/strong>, la fertilidad y la medicina reproductiva, cuyos resultados se ir\u00e1n haciendo p\u00fablicos en los pr\u00f3ximos meses.<\/p>\n\n\n\n<p class=\"wp-block-paragraph\">Fuente: ABC<\/p>\n","protected":false},"excerpt":{"rendered":"<p>La guerra de Ucrania, la consiguiente inflaci\u00f3n y encarecimiento de la vida que venimos experimentando en los \u00faltimos meses, rumores de una inminente crisis econ\u00f3mica\u2026 El panorama socio-econ\u00f3mico actual y venidero genera una creciente\u00a0preocupaci\u00f3n social,\u00a0afectando por ende a la toma de decisiones vitales, algunas tan importantes como formar una familia. En este contexto, IVI ha [&hellip;]<\/p>\n","protected":false},"author":2,"featured_media":110165,"comment_status":"open","ping_status":"open","sticky":false,"template":"","format":"standard","meta":{"footnotes":""},"categories":[63],"tags":[],"class_list":["post-110164","post","type-post","status-publish","format-standard","has-post-thumbnail","hentry","category-editorial"],"_links":{"self":[{"href":"http:\/\/elcuartopoder.com.mx\/nw\/wp-json\/wp\/v2\/posts\/110164","targetHints":{"allow":["GET"]}}],"collection":[{"href":"http:\/\/elcuartopoder.com.mx\/nw\/wp-json\/wp\/v2\/posts"}],"about":[{"href":"http:\/\/elcuartopoder.com.mx\/nw\/wp-json\/wp\/v2\/types\/post"}],"author":[{"embeddable":true,"href":"http:\/\/elcuartopoder.com.mx\/nw\/wp-json\/wp\/v2\/users\/2"}],"replies":[{"embeddable":true,"href":"http:\/\/elcuartopoder.com.mx\/nw\/wp-json\/wp\/v2\/comments?post=110164"}],"version-history":[{"count":1,"href":"http:\/\/elcuartopoder.com.mx\/nw\/wp-json\/wp\/v2\/posts\/110164\/revisions"}],"predecessor-version":[{"id":110166,"href":"http:\/\/elcuartopoder.com.mx\/nw\/wp-json\/wp\/v2\/posts\/110164\/revisions\/110166"}],"wp:featuredmedia":[{"embeddable":true,"href":"http:\/\/elcuartopoder.com.mx\/nw\/wp-json\/wp\/v2\/media\/110165"}],"wp:attachment":[{"href":"http:\/\/elcuartopoder.com.mx\/nw\/wp-json\/wp\/v2\/media?parent=110164"}],"wp:term":[{"taxonomy":"category","embeddable":true,"href":"http:\/\/elcuartopoder.com.mx\/nw\/wp-json\/wp\/v2\/categories?post=110164"},{"taxonomy":"post_tag","embeddable":true,"href":"http:\/\/elcuartopoder.com.mx\/nw\/wp-json\/wp\/v2\/tags?post=110164"}],"curies":[{"name":"wp","href":"https:\/\/api.w.org\/{rel}","templated":true}]}}