{"id":110171,"date":"2022-09-18T11:00:22","date_gmt":"2022-09-18T16:00:22","guid":{"rendered":"http:\/\/elcuartopoder.com.mx\/nw\/?p=110171"},"modified":"2022-09-18T11:00:24","modified_gmt":"2022-09-18T16:00:24","slug":"italia-se-pregunta-por-que-el-aluvion-de-las-marcas-causo-en-pocas-horas-enormes-danos","status":"publish","type":"post","link":"http:\/\/elcuartopoder.com.mx\/nw\/internacionales\/italia-se-pregunta-por-que-el-aluvion-de-las-marcas-causo-en-pocas-horas-enormes-danos\/","title":{"rendered":"Italia se pregunta por qu\u00e9 el aluvi\u00f3n de las Marcas caus\u00f3 en pocas horas enormes da\u00f1os"},"content":{"rendered":"\n<p class=\"wp-block-paragraph\">Se identific\u00f3 la und\u00e9cima v\u00edctima del aluvi\u00f3n que devast\u00f3 decenas de municipios de la provincia de Ancona, en la regi\u00f3n de las Marcas, en Italia central, durante la noche del jueves al viernes. Fueron siete horas de apocalipsis, que hacen preguntarse a Italia c\u00f3mo fue posible que un aluvi\u00f3n causara tal tragedia y enormes da\u00f1os en infraestructuras y casas. Mientras, se busca a dos desaparecidos, entre ellos un ni\u00f1o de ocho a\u00f1os, Mattia. Su madre, Silvia Mereu, 42 a\u00f1os, farmac\u00e9utica, pudo salvarse y en el hospital ha contado c\u00f3mo una ola de agua y barro le hizo perder a su hijo que ten\u00eda abrazado: \u00abLuch\u00e9 por tener a Mattia en mis brazos despu\u00e9s de salir del coche, que se inund\u00f3, pero el agua con una fuerza sobrehumana nos arrastr\u00f3 y me lo arranc\u00f3 del pecho. Mi amado hijo, \u00bfahora d\u00f3nde est\u00e1?\u00ab, pregunta sin cesar Silvia Mereu, que pudo salvarse subi\u00e9ndose a un \u00e1rbol durante dos horas y media.<\/p>\n\n\n\n<p class=\"wp-block-paragraph\">Los expertos analizan los datos para comprender si hubiera sido posible predecir un evento de esta gravedad, pero tambi\u00e9n hay dudas sobre la efectividad del sistema de alerta meteorol\u00f3gica de Protecci\u00f3n Civil. De las primeras comprobaciones parece que hubo valoraciones solo aproximadas y varios errores. Por ejemplo, Italia est\u00e1 con retraso en el funcionamiento del sistema de alarma p\u00fablico. En caso de emergencias inminentes o desastres en curso, el sistema denominado \u00abIT-alert\u00bb permite enviar mensajes de alarma a tel\u00e9fonos m\u00f3viles en el \u00e1rea de riesgo. La directiva europea fij\u00f3 el 21 de junio de 2022 como fecha de entrada en funcionamiento, pero en Italia por ahora se mantiene en fase experimental. Dicen los expertos que, con el funcionamiento del sistema de alarma p\u00fablico, se podr\u00eda haber evitado algunas v\u00edctimas, casos, por ejemplo, como el Giuseppe y su hijo Andrea que no pudieron escapar del garaje donde hab\u00edan bajado para intentar salvar los coches, o el de Noemi que fue arrastrada por el agua y el lodo tras subirse al coche con su madre, iniciado el temporal.<\/p>\n\n\n\n<p class=\"wp-block-paragraph\">La tragedia de las Marcas y su impacto en la opini\u00f3n p\u00fablica ha motivado que la emergencia clim\u00e1tica vuelva a centrar el debate pol\u00edtico. En el caso de Italia, en el cambio clim\u00e1tico y sus graves da\u00f1os en el territorio hay una clara responsabilidad de las autoridades por no afrontar el problema hidrogeol\u00f3gico del pa\u00eds transalpino. As\u00ed lo explica el ge\u00f3logo y divulgador cient\u00edfico Mario Tozzi: \u00abEl territorio italiano ha sido arrasado por d\u00e9cadas de construcciones que han esparcido asfalto y hormig\u00f3n ocasionando destrozos como no ha ocurrido en ning\u00fan pa\u00eds de Europa. El suelo -a\u00f1ade Tozzi- se ha impermeabilizado y el agua ya no se infiltra en el subsuelo, como deber\u00eda, sino que se queda en la superficie, inundando en exceso r\u00edos y arroyos que no est\u00e1n en condiciones de evacuar todo ese exceso de agua. Adem\u00e1s, eso evita que se recarguen los acu\u00edferos\u00bb, concluye el ge\u00f3logo Tozzi.<\/p>\n","protected":false},"excerpt":{"rendered":"<p>Se identific\u00f3 la und\u00e9cima v\u00edctima del aluvi\u00f3n que devast\u00f3 decenas de municipios de la provincia de Ancona, en la regi\u00f3n de las Marcas, en Italia central, durante la noche del jueves al viernes. Fueron siete horas de apocalipsis, que hacen preguntarse a Italia c\u00f3mo fue posible que un aluvi\u00f3n causara tal tragedia y enormes da\u00f1os [&hellip;]<\/p>\n","protected":false},"author":2,"featured_media":110172,"comment_status":"open","ping_status":"open","sticky":false,"template":"","format":"standard","meta":{"footnotes":""},"categories":[8],"tags":[],"class_list":["post-110171","post","type-post","status-publish","format-standard","has-post-thumbnail","hentry","category-internacionales"],"_links":{"self":[{"href":"http:\/\/elcuartopoder.com.mx\/nw\/wp-json\/wp\/v2\/posts\/110171","targetHints":{"allow":["GET"]}}],"collection":[{"href":"http:\/\/elcuartopoder.com.mx\/nw\/wp-json\/wp\/v2\/posts"}],"about":[{"href":"http:\/\/elcuartopoder.com.mx\/nw\/wp-json\/wp\/v2\/types\/post"}],"author":[{"embeddable":true,"href":"http:\/\/elcuartopoder.com.mx\/nw\/wp-json\/wp\/v2\/users\/2"}],"replies":[{"embeddable":true,"href":"http:\/\/elcuartopoder.com.mx\/nw\/wp-json\/wp\/v2\/comments?post=110171"}],"version-history":[{"count":1,"href":"http:\/\/elcuartopoder.com.mx\/nw\/wp-json\/wp\/v2\/posts\/110171\/revisions"}],"predecessor-version":[{"id":110173,"href":"http:\/\/elcuartopoder.com.mx\/nw\/wp-json\/wp\/v2\/posts\/110171\/revisions\/110173"}],"wp:featuredmedia":[{"embeddable":true,"href":"http:\/\/elcuartopoder.com.mx\/nw\/wp-json\/wp\/v2\/media\/110172"}],"wp:attachment":[{"href":"http:\/\/elcuartopoder.com.mx\/nw\/wp-json\/wp\/v2\/media?parent=110171"}],"wp:term":[{"taxonomy":"category","embeddable":true,"href":"http:\/\/elcuartopoder.com.mx\/nw\/wp-json\/wp\/v2\/categories?post=110171"},{"taxonomy":"post_tag","embeddable":true,"href":"http:\/\/elcuartopoder.com.mx\/nw\/wp-json\/wp\/v2\/tags?post=110171"}],"curies":[{"name":"wp","href":"https:\/\/api.w.org\/{rel}","templated":true}]}}