{"id":110517,"date":"2022-09-29T16:24:44","date_gmt":"2022-09-29T21:24:44","guid":{"rendered":"http:\/\/elcuartopoder.com.mx\/nw\/?p=110517"},"modified":"2022-09-29T16:24:48","modified_gmt":"2022-09-29T21:24:48","slug":"mas-de-150-paises-se-alian-con-mexico-para-frenar-el-trafico-de-bienes-culturales","status":"publish","type":"post","link":"http:\/\/elcuartopoder.com.mx\/nw\/internacionales\/mas-de-150-paises-se-alian-con-mexico-para-frenar-el-trafico-de-bienes-culturales\/","title":{"rendered":"M\u00e1s de 150 pa\u00edses se al\u00edan con M\u00e9xico para frenar el tr\u00e1fico de bienes culturales"},"content":{"rendered":"\n<p class=\"wp-block-paragraph\"><strong>M\u00e1s<\/strong>&nbsp;de&nbsp;<strong>160 ministros<\/strong>&nbsp;de&nbsp;<strong>Cultura<\/strong>&nbsp;se&nbsp;<strong>reun\u00edan desde<\/strong>&nbsp;el&nbsp;<strong>mi\u00e9rcoles en M\u00e9xico<\/strong>&nbsp;para&nbsp;<strong>concertar<\/strong>&nbsp;las&nbsp;<strong>nuevas pautas mundiales<\/strong>&nbsp;en&nbsp;<strong>temas<\/strong>&nbsp;como la&nbsp;<strong>lucha contra<\/strong>&nbsp;el&nbsp;<strong>tr\u00e1fico il\u00edcito de bienes culturales,<\/strong>&nbsp;una&nbsp;<strong>mayor participaci\u00f3n<\/strong>&nbsp;de los&nbsp;<strong>pueblos ind\u00edgenas en<\/strong>&nbsp;todos los&nbsp;<strong>\u00e1mbitos<\/strong>&nbsp;de la&nbsp;<strong>cultura<\/strong>&nbsp;o el&nbsp;<strong>acceso equitativo<\/strong>&nbsp;a&nbsp;<strong>contenidos culturales<\/strong>&nbsp;en l\u00ednea.<\/p>\n\n\n\n<p class=\"wp-block-paragraph\">Seg\u00fan explic\u00f3 Ernesto Ottone, subdirector de Cultura de la UNESCO, en los \u00faltimos 40 a\u00f1os s\u00f3lo ha habido tres reuniones como la que inicia este mi\u00e9rcoles y que adem\u00e1s de Gobierno juntar\u00e1 a organizaciones culturales de todo tipo junto con agencias de Naciones Unidas.<\/p>\n\n\n\n<figure class=\"wp-block-embed is-type-rich is-provider-twitter wp-block-embed-twitter\"><div class=\"wp-block-embed__wrapper\">\n<blockquote class=\"twitter-tweet\" data-width=\"550\" data-dnt=\"true\"><p lang=\"en\" dir=\"ltr\">\ud83d\udd34  The <a href=\"https:\/\/twitter.com\/UNESCO?ref_src=twsrc%5Etfw\">@UNESCO<\/a> World Conference on Cultural Policies and Sustainable Development \u2013 <a href=\"https:\/\/twitter.com\/hashtag\/MONDIACULT2022?src=hash&amp;ref_src=twsrc%5Etfw\">#MONDIACULT2022<\/a> is going LIVE!<br><br>Join us now from <a href=\"https:\/\/twitter.com\/hashtag\/Mexico?src=hash&amp;ref_src=twsrc%5Etfw\">#Mexico<\/a> \ud83c\uddf2\ud83c\uddfd and watch countries gather from around the world for the opening ceremony of the conference.<br><br>\u25b6\ufe0f <a href=\"https:\/\/t.co\/zaf0SDkZud\">https:\/\/t.co\/zaf0SDkZud<\/a> <a href=\"https:\/\/t.co\/dQSvYuDAmF\">pic.twitter.com\/dQSvYuDAmF<\/a><\/p>&mdash; UNESCO \ud83c\udfdb\ufe0f #Education #Sciences #Culture \ud83c\uddfa\ud83c\uddf3\ud83d\ude37 (@UNESCO) <a href=\"https:\/\/twitter.com\/UNESCO\/status\/1575134558294532097?ref_src=twsrc%5Etfw\">September 28, 2022<\/a><\/blockquote><script async src=\"https:\/\/platform.twitter.com\/widgets.js\" charset=\"utf-8\"><\/script>\n<\/div><\/figure>\n\n\n\n<p class=\"wp-block-paragraph\">En conferencia de prensa previa a la reuni\u00f3n Mondiacult, que concluir\u00e1 el viernes, Ottone dijo que la declaraci\u00f3n conjunta se prev\u00e9 que, entre otros puntos, refuerce las herramientas contra el saqueo de sitios arqueol\u00f3gicos.<\/p>\n\n\n\n<p class=\"wp-block-paragraph\">Por ejemplo, pretende lograr que haya m\u00e1s controles para las subastas en l\u00ednea de bienes culturales garantizando que una transacci\u00f3n de una obra cuya procedencia no est\u00e9 probada se bloquee de antemano.<\/p>\n\n\n\n<p class=\"wp-block-paragraph\">Poner la cultura en el centro de los objetivos de desarrollo de la ONU a partir de 2030 con un enfoque sostenible, que garantice la participaci\u00f3n de los pueblos ind\u00edgenas as\u00ed como el acceso a oferta cultural en l\u00ednea garantizando los derechos de autor, ser\u00e1n otros temas a debate.<\/p>\n\n\n\n<p class=\"wp-block-paragraph\">M\u00e9xico, como anfitri\u00f3n, ha estado luchando de forma intensa por v\u00edas pol\u00edticas y legales contra la venta de bienes que forman parte de su patrimonio y comunidades ind\u00edgenas del pa\u00eds han llegado a los tribunales en varias ocasiones para defender, por ejemplo, dise\u00f1os textiles que muchas veces son copiados por grandes compa\u00f1\u00edas.<\/p>\n\n\n\n<figure class=\"wp-block-embed is-type-rich is-provider-twitter wp-block-embed-twitter\"><div class=\"wp-block-embed__wrapper\">\n<blockquote class=\"twitter-tweet\" data-width=\"550\" data-dnt=\"true\"><p lang=\"es\" dir=\"ltr\">\ud83d\udd34 <a href=\"https:\/\/twitter.com\/hashtag\/EnVivo?src=hash&amp;ref_src=twsrc%5Etfw\">#EnVivo<\/a> | Sesi\u00f3n plenaria de apertura de <a href=\"https:\/\/twitter.com\/hashtag\/MONDIACULT2022?src=hash&amp;ref_src=twsrc%5Etfw\">#MONDIACULT2022<\/a> desde el <a href=\"https:\/\/twitter.com\/AuditorioMx?ref_src=twsrc%5Etfw\">@AuditorioMx<\/a>  <br><br>Con la participaci\u00f3n de <a href=\"https:\/\/twitter.com\/ErnestoOttoneR?ref_src=twsrc%5Etfw\">@ErnestoOttoneR<\/a>, subdirector general de Cultura de la <a href=\"https:\/\/twitter.com\/UNESCO?ref_src=twsrc%5Etfw\">@UNESCO<\/a>, y <a href=\"https:\/\/twitter.com\/alefrausto?ref_src=twsrc%5Etfw\">@alefrausto<\/a>, como presidenta de la Conferencia Mondiacult 2022.<br><br>\ud83d\udd17 <a href=\"https:\/\/t.co\/G0zJ28iJMe\">https:\/\/t.co\/G0zJ28iJMe<\/a> <a href=\"https:\/\/t.co\/YZa48Jn9HS\">pic.twitter.com\/YZa48Jn9HS<\/a><\/p>&mdash; Secretar\u00eda de Cultura (@cultura_mx) <a href=\"https:\/\/twitter.com\/cultura_mx\/status\/1575177134376525824?ref_src=twsrc%5Etfw\">September 28, 2022<\/a><\/blockquote><script async src=\"https:\/\/platform.twitter.com\/widgets.js\" charset=\"utf-8\"><\/script>\n<\/div><\/figure>\n\n\n\n<p class=\"wp-block-paragraph\">La UNESCO tambi\u00e9n tiene previsto presentar durante Mondiacult nuevos indicadores culturales en relaci\u00f3n a diversos aspectos de la vida, desde el econ\u00f3mico a la defensa del medio ambiente.<\/p>\n\n\n\n<p class=\"wp-block-paragraph\">Fuente: sinembargo<\/p>\n","protected":false},"excerpt":{"rendered":"<p>M\u00e1s&nbsp;de&nbsp;160 ministros&nbsp;de&nbsp;Cultura&nbsp;se&nbsp;reun\u00edan desde&nbsp;el&nbsp;mi\u00e9rcoles en M\u00e9xico&nbsp;para&nbsp;concertar&nbsp;las&nbsp;nuevas pautas mundiales&nbsp;en&nbsp;temas&nbsp;como la&nbsp;lucha contra&nbsp;el&nbsp;tr\u00e1fico il\u00edcito de bienes culturales,&nbsp;una&nbsp;mayor participaci\u00f3n&nbsp;de los&nbsp;pueblos ind\u00edgenas en&nbsp;todos los&nbsp;\u00e1mbitos&nbsp;de la&nbsp;cultura&nbsp;o el&nbsp;acceso equitativo&nbsp;a&nbsp;contenidos culturales&nbsp;en l\u00ednea. Seg\u00fan explic\u00f3 Ernesto Ottone, subdirector de Cultura de la UNESCO, en los \u00faltimos 40 a\u00f1os s\u00f3lo ha habido tres reuniones como la que inicia este mi\u00e9rcoles y que adem\u00e1s de Gobierno juntar\u00e1 [&hellip;]<\/p>\n","protected":false},"author":2,"featured_media":110518,"comment_status":"open","ping_status":"open","sticky":false,"template":"","format":"standard","meta":{"footnotes":""},"categories":[8],"tags":[],"class_list":["post-110517","post","type-post","status-publish","format-standard","has-post-thumbnail","hentry","category-internacionales"],"_links":{"self":[{"href":"http:\/\/elcuartopoder.com.mx\/nw\/wp-json\/wp\/v2\/posts\/110517","targetHints":{"allow":["GET"]}}],"collection":[{"href":"http:\/\/elcuartopoder.com.mx\/nw\/wp-json\/wp\/v2\/posts"}],"about":[{"href":"http:\/\/elcuartopoder.com.mx\/nw\/wp-json\/wp\/v2\/types\/post"}],"author":[{"embeddable":true,"href":"http:\/\/elcuartopoder.com.mx\/nw\/wp-json\/wp\/v2\/users\/2"}],"replies":[{"embeddable":true,"href":"http:\/\/elcuartopoder.com.mx\/nw\/wp-json\/wp\/v2\/comments?post=110517"}],"version-history":[{"count":1,"href":"http:\/\/elcuartopoder.com.mx\/nw\/wp-json\/wp\/v2\/posts\/110517\/revisions"}],"predecessor-version":[{"id":110519,"href":"http:\/\/elcuartopoder.com.mx\/nw\/wp-json\/wp\/v2\/posts\/110517\/revisions\/110519"}],"wp:featuredmedia":[{"embeddable":true,"href":"http:\/\/elcuartopoder.com.mx\/nw\/wp-json\/wp\/v2\/media\/110518"}],"wp:attachment":[{"href":"http:\/\/elcuartopoder.com.mx\/nw\/wp-json\/wp\/v2\/media?parent=110517"}],"wp:term":[{"taxonomy":"category","embeddable":true,"href":"http:\/\/elcuartopoder.com.mx\/nw\/wp-json\/wp\/v2\/categories?post=110517"},{"taxonomy":"post_tag","embeddable":true,"href":"http:\/\/elcuartopoder.com.mx\/nw\/wp-json\/wp\/v2\/tags?post=110517"}],"curies":[{"name":"wp","href":"https:\/\/api.w.org\/{rel}","templated":true}]}}