{"id":110520,"date":"2022-09-29T21:02:47","date_gmt":"2022-09-30T02:02:47","guid":{"rendered":"http:\/\/elcuartopoder.com.mx\/nw\/?p=110520"},"modified":"2022-09-29T21:02:49","modified_gmt":"2022-09-30T02:02:49","slug":"en-unidad-con-la-gobernadora-mara-lezama-vamos-a-transformar-el-futuro-de-quintana-roo-pablo-bustamante","status":"publish","type":"post","link":"http:\/\/elcuartopoder.com.mx\/nw\/estatales\/en-unidad-con-la-gobernadora-mara-lezama-vamos-a-transformar-el-futuro-de-quintana-roo-pablo-bustamante\/","title":{"rendered":"En unidad con la Gobernadora Mara Lezama, vamos a transformar el futuro de Quintana Roo: Pablo Bustamante"},"content":{"rendered":"\n<p class=\"wp-block-paragraph\">*Destaca el titular de SEDESO, el trabajo en equipo y la suma de voluntades en el Nuevo Acuerdo por el Bienestar y Desarrollo de Quintana Roo<br>*Est\u00e1n evaluando las \u00e1reas de la SEDESO, para concretar un diagn\u00f3stico que determine la continuidad o renovaci\u00f3n de los programas sociales del bienestar<\/p>\n\n\n\n<p class=\"wp-block-paragraph\">Chetumal.- El Secretario de Desarrollo Social, Pablo Bustamante Beltr\u00e1n, asegur\u00f3 que en unidad con la Gobernadora Mara Lezama, se transformar\u00e1 el futuro de Quintana Roo, poniendo en el centro de las decisiones al pueblo para que los programas sociales del bienestar y la prosperidad compartida, lleguen a cada rinc\u00f3n del Estado.<\/p>\n\n\n\n<p class=\"wp-block-paragraph\">Durante sus recorridos por las instalaciones de la SEDESO en Chetumal y Canc\u00fan, Pablo Bustamante resalt\u00f3 que es fundamental trabajar en equipo bajo la encomienda de la Gobernadora Mara Lezama, de continuar sumando voluntades en el Nuevo Acuerdo por el Bienestar y Desarrollo de Quintana Roo.<\/p>\n\n\n\n<p class=\"wp-block-paragraph\">Detall\u00f3 que se encuentran en la evaluaci\u00f3n de las \u00e1reas en la Secretar\u00eda de Desarrollo Social, para concretar un diagn\u00f3stico que determine la continuidad o renovaci\u00f3n de los programas sociales e iniciar con la conformaci\u00f3n del Plan Estatal de Desarrollo.<\/p>\n\n\n\n<p class=\"wp-block-paragraph\">Finalmente, Pablo Bustamante destac\u00f3 que, entre las prioridades de la dependencia a su cargo, ser\u00e1 impulsar los programas en materia alimentaria y el empoderamiento de la mujer, pero, sobre todo, atender a la poblaci\u00f3n m\u00e1s vulnerable.<\/p>\n\n\n\n<figure class=\"wp-block-image\"><a href=\"http:\/\/cgc.qroo.gob.mx\/cjg\/wp-content\/uploads\/2022\/09\/SEDESO-suma2.jpeg\"><img decoding=\"async\" src=\"http:\/\/cgc.qroo.gob.mx\/cjg\/wp-content\/uploads\/2022\/09\/SEDESO-suma2-585x448.jpeg\" alt=\"\" title=\"SEDESO-suma2\"\/><\/a><\/figure>\n\n\n\n<figure class=\"wp-block-image\"><a href=\"http:\/\/cgc.qroo.gob.mx\/cjg\/wp-content\/uploads\/2022\/09\/SEDESO-suma3.jpeg\"><img decoding=\"async\" src=\"http:\/\/cgc.qroo.gob.mx\/cjg\/wp-content\/uploads\/2022\/09\/SEDESO-suma3-585x453.jpeg\" alt=\"\" title=\"SEDESO-suma3\"\/><\/a><\/figure>\n\n\n\n<figure class=\"wp-block-image\"><a href=\"http:\/\/cgc.qroo.gob.mx\/cjg\/wp-content\/uploads\/2022\/09\/SEDESO-suma4.jpeg\"><img decoding=\"async\" src=\"http:\/\/cgc.qroo.gob.mx\/cjg\/wp-content\/uploads\/2022\/09\/SEDESO-suma4-585x421.jpeg\" alt=\"\" title=\"SEDESO-suma4\"\/><\/a><\/figure>\n","protected":false},"excerpt":{"rendered":"<p>*Destaca el titular de SEDESO, el trabajo en equipo y la suma de voluntades en el Nuevo Acuerdo por el Bienestar y Desarrollo de Quintana Roo*Est\u00e1n evaluando las \u00e1reas de la SEDESO, para concretar un diagn\u00f3stico que determine la continuidad o renovaci\u00f3n de los programas sociales del bienestar Chetumal.- El Secretario de Desarrollo Social, Pablo [&hellip;]<\/p>\n","protected":false},"author":2,"featured_media":110521,"comment_status":"open","ping_status":"open","sticky":false,"template":"","format":"standard","meta":{"footnotes":""},"categories":[60],"tags":[],"class_list":["post-110520","post","type-post","status-publish","format-standard","has-post-thumbnail","hentry","category-estatales"],"_links":{"self":[{"href":"http:\/\/elcuartopoder.com.mx\/nw\/wp-json\/wp\/v2\/posts\/110520","targetHints":{"allow":["GET"]}}],"collection":[{"href":"http:\/\/elcuartopoder.com.mx\/nw\/wp-json\/wp\/v2\/posts"}],"about":[{"href":"http:\/\/elcuartopoder.com.mx\/nw\/wp-json\/wp\/v2\/types\/post"}],"author":[{"embeddable":true,"href":"http:\/\/elcuartopoder.com.mx\/nw\/wp-json\/wp\/v2\/users\/2"}],"replies":[{"embeddable":true,"href":"http:\/\/elcuartopoder.com.mx\/nw\/wp-json\/wp\/v2\/comments?post=110520"}],"version-history":[{"count":1,"href":"http:\/\/elcuartopoder.com.mx\/nw\/wp-json\/wp\/v2\/posts\/110520\/revisions"}],"predecessor-version":[{"id":110522,"href":"http:\/\/elcuartopoder.com.mx\/nw\/wp-json\/wp\/v2\/posts\/110520\/revisions\/110522"}],"wp:featuredmedia":[{"embeddable":true,"href":"http:\/\/elcuartopoder.com.mx\/nw\/wp-json\/wp\/v2\/media\/110521"}],"wp:attachment":[{"href":"http:\/\/elcuartopoder.com.mx\/nw\/wp-json\/wp\/v2\/media?parent=110520"}],"wp:term":[{"taxonomy":"category","embeddable":true,"href":"http:\/\/elcuartopoder.com.mx\/nw\/wp-json\/wp\/v2\/categories?post=110520"},{"taxonomy":"post_tag","embeddable":true,"href":"http:\/\/elcuartopoder.com.mx\/nw\/wp-json\/wp\/v2\/tags?post=110520"}],"curies":[{"name":"wp","href":"https:\/\/api.w.org\/{rel}","templated":true}]}}