{"id":110523,"date":"2022-09-29T21:07:48","date_gmt":"2022-09-30T02:07:48","guid":{"rendered":"http:\/\/elcuartopoder.com.mx\/nw\/?p=110523"},"modified":"2022-09-29T21:07:52","modified_gmt":"2022-09-30T02:07:52","slug":"nombramientos-en-gabinete-ampliado-de-mara-lezama","status":"publish","type":"post","link":"http:\/\/elcuartopoder.com.mx\/nw\/politica\/nombramientos-en-gabinete-ampliado-de-mara-lezama\/","title":{"rendered":"Nombramientos en Gabinete Ampliado de Mara Lezama"},"content":{"rendered":"\n<p class=\"wp-block-paragraph\">*Es prioridad el bienestar ciudadano: Cristina Torres<br>*Quintanarroenses evaluar\u00e1n a servidores p\u00fablicos<\/p>\n\n\n\n<p class=\"wp-block-paragraph\">Chetumal.- La secretaria de Gobierno, Cristina Torres, inform\u00f3 que la gobernadora Mara Lezama, nombr\u00f3 a los titulares de diversos organismos del Gabinete Ampliado, a quienes instruy\u00f3 para que la atenci\u00f3n a los ciudadanos sea con sentido social y vocaci\u00f3n de servicio.<\/p>\n\n\n\n<p class=\"wp-block-paragraph\">\u201cEn la administraci\u00f3n de Mara Lezama no hay tiempo que perder cuando la prioridad es el bienestar de los quintanarroenses y en ese objetivo se ha pedido a los servidores p\u00fablicos que concentren sus esfuerzos\u201d, asegur\u00f3.<\/p>\n\n\n\n<p class=\"wp-block-paragraph\">Cristina Torres convoc\u00f3 a los ahora titulares de los institutos estatales a seguir el ejemplo de la Gobernadora de Quintana Roo y mantener una din\u00e1mica de atenci\u00f3n con puertas abiertas a fin que su actuaci\u00f3n sea evaluada directamente por los ciudadanos.<\/p>\n\n\n\n<p class=\"wp-block-paragraph\">\u201cLa actuaci\u00f3n de todos quienes conformamos la administraci\u00f3n p\u00fablica debe ser profesional y honesta, en la que el ciudadano sea el centro de la toma de decisiones, porque nos debemos a Quintana Roo\u201d, manifest\u00f3.<\/p>\n\n\n\n<p class=\"wp-block-paragraph\">La Secretaria de Gobierno confirm\u00f3 que Mara Leza design\u00f3 como titular del Consejo de Promoci\u00f3n Tur\u00edstica de Quintana Roo (CPTQ) a Javier Aranda Pedrero; mientras que, en el Instituto de Movilidad de Quintana Roo (IMOVEQROO) fue designado Rodrigo Alc\u00e1zar Urrutia.<\/p>\n\n\n\n<p class=\"wp-block-paragraph\">Asimismo, en el Instituto Quintanarroense de la Mujer (IQM) fue nombrada Mar\u00eda Hadad Castillo; en el Instituto Quintanarroense de la Cultura y las Artes&nbsp; (ICA), Lili\u00e1n de Jes\u00fas Villanueva; en tanto que en el Instituto de Capacitaci\u00f3n para el Trabajo (ICAT), fue designado Alejandro Alamilla Villanueva.<\/p>\n\n\n\n<figure class=\"wp-block-image\"><a href=\"http:\/\/cgc.qroo.gob.mx\/cjg\/wp-content\/uploads\/2022\/09\/SEGOB-Nombramientos-01.jpeg\"><img decoding=\"async\" src=\"http:\/\/cgc.qroo.gob.mx\/cjg\/wp-content\/uploads\/2022\/09\/SEGOB-Nombramientos-01-585x663.jpeg\" alt=\"\" title=\"SEGOB \u2013 Nombramientos 01\"\/><\/a><\/figure>\n\n\n\n<figure class=\"wp-block-image\"><a href=\"http:\/\/cgc.qroo.gob.mx\/cjg\/wp-content\/uploads\/2022\/09\/SEGOB-Nombramientos-03.jpeg\"><img decoding=\"async\" src=\"http:\/\/cgc.qroo.gob.mx\/cjg\/wp-content\/uploads\/2022\/09\/SEGOB-Nombramientos-03-585x706.jpeg\" alt=\"\" title=\"SEGOB \u2013 Nombramientos 03\"\/><\/a><\/figure>\n\n\n\n<figure class=\"wp-block-image\"><a href=\"http:\/\/cgc.qroo.gob.mx\/cjg\/wp-content\/uploads\/2022\/09\/SEGOB-Nombramientos-04.jpeg\"><img decoding=\"async\" src=\"http:\/\/cgc.qroo.gob.mx\/cjg\/wp-content\/uploads\/2022\/09\/SEGOB-Nombramientos-04-585x526.jpeg\" alt=\"\" title=\"SEGOB \u2013 Nombramientos 04\"\/><\/a><\/figure>\n\n\n\n<figure class=\"wp-block-image\"><a href=\"http:\/\/cgc.qroo.gob.mx\/cjg\/wp-content\/uploads\/2022\/09\/SEGOB-Nombramientos-05.jpeg\"><img decoding=\"async\" src=\"http:\/\/cgc.qroo.gob.mx\/cjg\/wp-content\/uploads\/2022\/09\/SEGOB-Nombramientos-05-585x645.jpeg\" alt=\"\" title=\"SEGOB \u2013 Nombramientos 05\"\/><\/a><\/figure>\n","protected":false},"excerpt":{"rendered":"<p>*Es prioridad el bienestar ciudadano: Cristina Torres*Quintanarroenses evaluar\u00e1n a servidores p\u00fablicos Chetumal.- La secretaria de Gobierno, Cristina Torres, inform\u00f3 que la gobernadora Mara Lezama, nombr\u00f3 a los titulares de diversos organismos del Gabinete Ampliado, a quienes instruy\u00f3 para que la atenci\u00f3n a los ciudadanos sea con sentido social y vocaci\u00f3n de servicio. \u201cEn la administraci\u00f3n [&hellip;]<\/p>\n","protected":false},"author":2,"featured_media":110524,"comment_status":"open","ping_status":"open","sticky":false,"template":"","format":"standard","meta":{"footnotes":""},"categories":[61],"tags":[],"class_list":["post-110523","post","type-post","status-publish","format-standard","has-post-thumbnail","hentry","category-politica"],"_links":{"self":[{"href":"http:\/\/elcuartopoder.com.mx\/nw\/wp-json\/wp\/v2\/posts\/110523","targetHints":{"allow":["GET"]}}],"collection":[{"href":"http:\/\/elcuartopoder.com.mx\/nw\/wp-json\/wp\/v2\/posts"}],"about":[{"href":"http:\/\/elcuartopoder.com.mx\/nw\/wp-json\/wp\/v2\/types\/post"}],"author":[{"embeddable":true,"href":"http:\/\/elcuartopoder.com.mx\/nw\/wp-json\/wp\/v2\/users\/2"}],"replies":[{"embeddable":true,"href":"http:\/\/elcuartopoder.com.mx\/nw\/wp-json\/wp\/v2\/comments?post=110523"}],"version-history":[{"count":1,"href":"http:\/\/elcuartopoder.com.mx\/nw\/wp-json\/wp\/v2\/posts\/110523\/revisions"}],"predecessor-version":[{"id":110525,"href":"http:\/\/elcuartopoder.com.mx\/nw\/wp-json\/wp\/v2\/posts\/110523\/revisions\/110525"}],"wp:featuredmedia":[{"embeddable":true,"href":"http:\/\/elcuartopoder.com.mx\/nw\/wp-json\/wp\/v2\/media\/110524"}],"wp:attachment":[{"href":"http:\/\/elcuartopoder.com.mx\/nw\/wp-json\/wp\/v2\/media?parent=110523"}],"wp:term":[{"taxonomy":"category","embeddable":true,"href":"http:\/\/elcuartopoder.com.mx\/nw\/wp-json\/wp\/v2\/categories?post=110523"},{"taxonomy":"post_tag","embeddable":true,"href":"http:\/\/elcuartopoder.com.mx\/nw\/wp-json\/wp\/v2\/tags?post=110523"}],"curies":[{"name":"wp","href":"https:\/\/api.w.org\/{rel}","templated":true}]}}