{"id":110533,"date":"2022-09-30T11:04:44","date_gmt":"2022-09-30T16:04:44","guid":{"rendered":"http:\/\/elcuartopoder.com.mx\/nw\/?p=110533"},"modified":"2022-09-30T11:04:46","modified_gmt":"2022-09-30T16:04:46","slug":"presenta-imjuve-programa-jovenes-y-el-7mo-arte","status":"publish","type":"post","link":"http:\/\/elcuartopoder.com.mx\/nw\/municipales\/presenta-imjuve-programa-jovenes-y-el-7mo-arte\/","title":{"rendered":"PRESENTA IMJUVE PROGRAMA \u201cJ\u00d3VENES Y EL 7MO ARTE\u201d"},"content":{"rendered":"\n<p class=\"wp-block-paragraph\"><strong>Canc\u00fan, Q.Roo.-<\/strong>\u00a0El Instituto Municipal de la Juventud (IMJUVE) present\u00f3 en conferencia de prensa el programa \u201cJ\u00f3venes y el 7mo Arte\u201d, que consta de seis meses de talleres, pl\u00e1ticas y cursos completamente gratuitos, con cupo limitado, que iniciar\u00e1 con una pl\u00e1tica en el mes de octubre.<\/p>\n\n\n\n<p class=\"wp-block-paragraph\">El objetivo de esta actividad es desarrollar nuevos profesionales en materia de fotograf\u00eda y video, as\u00ed como proporcionarles herramientas comerciales competitivas a j\u00f3venes dedicados al s\u00e9ptimo arte y generar espacios l\u00fadicos, formativos y productivos para j\u00f3venes interesados en la producci\u00f3n de fotograf\u00eda.<\/p>\n\n\n\n<p class=\"wp-block-paragraph\">Este evento estuvo encabezado por la directora general del IMJUVE, Danielle Camargo D\u00e1vila Madrid, quien inform\u00f3 que el programa une a varios institutos para generar contenido de calidad para las y los j\u00f3venes que les interesa la fotograf\u00eda y los \u00fanicos requisitos son: tener ganas para aprender y una c\u00e1mara fotogr\u00e1fica de cualquier gama.<\/p>\n\n\n\n<p class=\"wp-block-paragraph\">Por su parte, los j\u00f3venes que presentaron esta iniciativa, Ana Laura Uscanga Ni\u00f1o y Bianjo Escalera, informaron que despu\u00e9s de la inauguraci\u00f3n, habr\u00e1 una pl\u00e1tica a mediados de octubre. Posteriormente iniciar\u00e1 el taller \u201cMonetiza tu c\u00e1mara\u201d, el cual constar\u00e1 de tres d\u00edas, dos de conocimientos t\u00e9cnicos y pr\u00e1cticos con la c\u00e1mara y el tercer d\u00eda a ofrecerles herramientas para que puedan difundir sus servicios, comercializarlos y ponerles precio.<\/p>\n\n\n\n<p class=\"wp-block-paragraph\">Destacaron tambi\u00e9n que entregar\u00e1n becas para el taller de iluminaci\u00f3n cinematogr\u00e1fica de Oscar Gartel y con este programa se crear\u00e1n espacios vinculativos entre institutos, a fin de generar espacios colaborativos entre las instituciones.<\/p>\n","protected":false},"excerpt":{"rendered":"<p>Canc\u00fan, Q.Roo.-\u00a0El Instituto Municipal de la Juventud (IMJUVE) present\u00f3 en conferencia de prensa el programa \u201cJ\u00f3venes y el 7mo Arte\u201d, que consta de seis meses de talleres, pl\u00e1ticas y cursos completamente gratuitos, con cupo limitado, que iniciar\u00e1 con una pl\u00e1tica en el mes de octubre. El objetivo de esta actividad es desarrollar nuevos profesionales en [&hellip;]<\/p>\n","protected":false},"author":2,"featured_media":110534,"comment_status":"open","ping_status":"open","sticky":false,"template":"","format":"standard","meta":{"footnotes":""},"categories":[6],"tags":[],"class_list":["post-110533","post","type-post","status-publish","format-standard","has-post-thumbnail","hentry","category-municipales"],"_links":{"self":[{"href":"http:\/\/elcuartopoder.com.mx\/nw\/wp-json\/wp\/v2\/posts\/110533","targetHints":{"allow":["GET"]}}],"collection":[{"href":"http:\/\/elcuartopoder.com.mx\/nw\/wp-json\/wp\/v2\/posts"}],"about":[{"href":"http:\/\/elcuartopoder.com.mx\/nw\/wp-json\/wp\/v2\/types\/post"}],"author":[{"embeddable":true,"href":"http:\/\/elcuartopoder.com.mx\/nw\/wp-json\/wp\/v2\/users\/2"}],"replies":[{"embeddable":true,"href":"http:\/\/elcuartopoder.com.mx\/nw\/wp-json\/wp\/v2\/comments?post=110533"}],"version-history":[{"count":1,"href":"http:\/\/elcuartopoder.com.mx\/nw\/wp-json\/wp\/v2\/posts\/110533\/revisions"}],"predecessor-version":[{"id":110535,"href":"http:\/\/elcuartopoder.com.mx\/nw\/wp-json\/wp\/v2\/posts\/110533\/revisions\/110535"}],"wp:featuredmedia":[{"embeddable":true,"href":"http:\/\/elcuartopoder.com.mx\/nw\/wp-json\/wp\/v2\/media\/110534"}],"wp:attachment":[{"href":"http:\/\/elcuartopoder.com.mx\/nw\/wp-json\/wp\/v2\/media?parent=110533"}],"wp:term":[{"taxonomy":"category","embeddable":true,"href":"http:\/\/elcuartopoder.com.mx\/nw\/wp-json\/wp\/v2\/categories?post=110533"},{"taxonomy":"post_tag","embeddable":true,"href":"http:\/\/elcuartopoder.com.mx\/nw\/wp-json\/wp\/v2\/tags?post=110533"}],"curies":[{"name":"wp","href":"https:\/\/api.w.org\/{rel}","templated":true}]}}