{"id":110544,"date":"2022-09-30T21:22:55","date_gmt":"2022-10-01T02:22:55","guid":{"rendered":"http:\/\/elcuartopoder.com.mx\/nw\/?p=110544"},"modified":"2022-09-30T21:22:59","modified_gmt":"2022-10-01T02:22:59","slug":"vamos-a-impulsar-y-fortalecer-proyectos-que-ayuden-a-reconstruir-el-tejido-social-es-el-compromiso-de-nuestra-gobernadora-mara-lezama-pablo-bustamante","status":"publish","type":"post","link":"http:\/\/elcuartopoder.com.mx\/nw\/estatales\/vamos-a-impulsar-y-fortalecer-proyectos-que-ayuden-a-reconstruir-el-tejido-social-es-el-compromiso-de-nuestra-gobernadora-mara-lezama-pablo-bustamante\/","title":{"rendered":"Vamos a impulsar y fortalecer proyectos que ayuden a reconstruir el tejido social, es el compromiso de nuestra gobernadora Mara Lezama: Pablo Bustamante"},"content":{"rendered":"\n<p class=\"wp-block-paragraph\">Canc\u00fan.\u2013 Vamos a impulsar y fortalecer proyectos como la F\u00e1brica de Artes y Oficios, que permiten la recomposici\u00f3n del tejido social y la participaci\u00f3n activa de la sociedad civil, como parte los objetivos del gabinete del pueblo, siguiendo la visi\u00f3n y compromiso de nuestra Gobernadora Mara Lezama, para que el bienestar llegue a cada rinc\u00f3n de Quintana Roo, destac\u00f3 el Secretario de Desarrollo Social, Pablo Bustamante Beltr\u00e1n, durante un recorrido por las instalaciones de la FARO que se ubica en Villas Otoch Para\u00edso.<\/p>\n\n\n\n<p class=\"wp-block-paragraph\">En ese marco, Pablo Bustamante resalt\u00f3 que la FARO es un semillero para que las y los ciudadanos adquieran nuevas habilidades que conlleven al emprendimiento, as\u00ed como aporta al desarrollo de ni\u00f1as, ni\u00f1os, j\u00f3venes, mujeres y grupos vulnerables.<\/p>\n\n\n\n<p class=\"wp-block-paragraph\">\u201cEste proyecto inici\u00f3 con la actual Gobernadora Mara Lezama, cuando era Presidenta Municipal de Canc\u00fan, con el objetivo de cerrar las brechas de desigualdad y que, a trav\u00e9s de cursos, talleres y capacitaciones, se beneficie a la comunidad de Villas Otoch Para\u00edso y en general; hoy, la encomienda es fortalecer este proyecto en beneficio de los cancunenses y quintanarroenses\u201d, asegur\u00f3.<\/p>\n\n\n\n<p class=\"wp-block-paragraph\">Pablo Bustamante detall\u00f3 que la F\u00e1brica de Artes y Oficios es operado por el Club Rotary de Canc\u00fan en coordinaci\u00f3n con la Secretar\u00eda de Desarrollo Social de Quintana Roo, en el que imparten cursos y talleres de ingl\u00e9s, matem\u00e1ticas, u\u00f1as, c\u00edrculo de mujeres, canto, box, zumba, actuaci\u00f3n, guitarra, entre otros. Del mismo modo, cuenta con una estancia infantil, un auditorio y un m\u00f3dulo del Grupo Especializado en Atenci\u00f3n a la Violencia Familiar y de G\u00e9nero (GEAVIG).<\/p>\n\n\n\n<p class=\"wp-block-paragraph\">Asimismo, en la FARO, se promueve la cultura de la construcci\u00f3n de la paz en Quintana Roo, por lo que el Secretario de Desarrollo Social en el Estado, Pablo Bustamante Beltr\u00e1n, dej\u00f3 como mensaje: \u201cLa paz es el camino\u201d.<\/p>\n\n\n\n<p class=\"wp-block-paragraph\">Durante el recorrido, Pablo Bustamante, estuvo acompa\u00f1ado por integrantes del equipo de la SEDESO, as\u00ed como Sof\u00eda Ochoa Rodr\u00edguez, Directora Creativa y Susana Valentino Garc\u00eda, Coordinadora de Administraci\u00f3n de la FARO.<\/p>\n\n\n\n<figure class=\"wp-block-gallery has-nested-images columns-default is-cropped wp-block-gallery-1 is-layout-flex wp-block-gallery-is-layout-flex\">\n<figure class=\"wp-block-image size-large\"><img loading=\"lazy\" decoding=\"async\" width=\"1024\" height=\"683\" data-id=\"110547\" src=\"http:\/\/elcuartopoder.com.mx\/nw\/wp-content\/uploads\/2022\/09\/SEDESO-tejido-social1-1024x683.jpg\" alt=\"\" class=\"wp-image-110547\" srcset=\"http:\/\/elcuartopoder.com.mx\/nw\/wp-content\/uploads\/2022\/09\/SEDESO-tejido-social1-1024x683.jpg 1024w, http:\/\/elcuartopoder.com.mx\/nw\/wp-content\/uploads\/2022\/09\/SEDESO-tejido-social1-300x200.jpg 300w, http:\/\/elcuartopoder.com.mx\/nw\/wp-content\/uploads\/2022\/09\/SEDESO-tejido-social1-768x512.jpg 768w, http:\/\/elcuartopoder.com.mx\/nw\/wp-content\/uploads\/2022\/09\/SEDESO-tejido-social1-696x464.jpg 696w, http:\/\/elcuartopoder.com.mx\/nw\/wp-content\/uploads\/2022\/09\/SEDESO-tejido-social1.jpg 1280w\" sizes=\"auto, (max-width: 1024px) 100vw, 1024px\" \/><\/figure>\n\n\n\n<figure class=\"wp-block-image size-large\"><img loading=\"lazy\" decoding=\"async\" width=\"1024\" height=\"683\" data-id=\"110545\" src=\"http:\/\/elcuartopoder.com.mx\/nw\/wp-content\/uploads\/2022\/09\/SEDESO-tejido-social2-1024x683.jpg\" alt=\"\" class=\"wp-image-110545\" srcset=\"http:\/\/elcuartopoder.com.mx\/nw\/wp-content\/uploads\/2022\/09\/SEDESO-tejido-social2-1024x683.jpg 1024w, http:\/\/elcuartopoder.com.mx\/nw\/wp-content\/uploads\/2022\/09\/SEDESO-tejido-social2-300x200.jpg 300w, http:\/\/elcuartopoder.com.mx\/nw\/wp-content\/uploads\/2022\/09\/SEDESO-tejido-social2-768x512.jpg 768w, http:\/\/elcuartopoder.com.mx\/nw\/wp-content\/uploads\/2022\/09\/SEDESO-tejido-social2-696x464.jpg 696w, http:\/\/elcuartopoder.com.mx\/nw\/wp-content\/uploads\/2022\/09\/SEDESO-tejido-social2.jpg 1280w\" sizes=\"auto, (max-width: 1024px) 100vw, 1024px\" \/><\/figure>\n\n\n\n<figure class=\"wp-block-image size-large\"><img loading=\"lazy\" decoding=\"async\" width=\"1024\" height=\"683\" data-id=\"110546\" src=\"http:\/\/elcuartopoder.com.mx\/nw\/wp-content\/uploads\/2022\/09\/SEDESO-tejido-social3-1024x683.jpg\" alt=\"\" class=\"wp-image-110546\" srcset=\"http:\/\/elcuartopoder.com.mx\/nw\/wp-content\/uploads\/2022\/09\/SEDESO-tejido-social3-1024x683.jpg 1024w, http:\/\/elcuartopoder.com.mx\/nw\/wp-content\/uploads\/2022\/09\/SEDESO-tejido-social3-300x200.jpg 300w, http:\/\/elcuartopoder.com.mx\/nw\/wp-content\/uploads\/2022\/09\/SEDESO-tejido-social3-768x512.jpg 768w, http:\/\/elcuartopoder.com.mx\/nw\/wp-content\/uploads\/2022\/09\/SEDESO-tejido-social3-696x464.jpg 696w, http:\/\/elcuartopoder.com.mx\/nw\/wp-content\/uploads\/2022\/09\/SEDESO-tejido-social3.jpg 1280w\" sizes=\"auto, (max-width: 1024px) 100vw, 1024px\" \/><\/figure>\n<\/figure>\n","protected":false},"excerpt":{"rendered":"<p>Canc\u00fan.\u2013 Vamos a impulsar y fortalecer proyectos como la F\u00e1brica de Artes y Oficios, que permiten la recomposici\u00f3n del tejido social y la participaci\u00f3n activa de la sociedad civil, como parte los objetivos del gabinete del pueblo, siguiendo la visi\u00f3n y compromiso de nuestra Gobernadora Mara Lezama, para que el bienestar llegue a cada rinc\u00f3n [&hellip;]<\/p>\n","protected":false},"author":2,"featured_media":110547,"comment_status":"open","ping_status":"open","sticky":false,"template":"","format":"standard","meta":{"footnotes":""},"categories":[60],"tags":[],"class_list":["post-110544","post","type-post","status-publish","format-standard","has-post-thumbnail","hentry","category-estatales"],"_links":{"self":[{"href":"http:\/\/elcuartopoder.com.mx\/nw\/wp-json\/wp\/v2\/posts\/110544","targetHints":{"allow":["GET"]}}],"collection":[{"href":"http:\/\/elcuartopoder.com.mx\/nw\/wp-json\/wp\/v2\/posts"}],"about":[{"href":"http:\/\/elcuartopoder.com.mx\/nw\/wp-json\/wp\/v2\/types\/post"}],"author":[{"embeddable":true,"href":"http:\/\/elcuartopoder.com.mx\/nw\/wp-json\/wp\/v2\/users\/2"}],"replies":[{"embeddable":true,"href":"http:\/\/elcuartopoder.com.mx\/nw\/wp-json\/wp\/v2\/comments?post=110544"}],"version-history":[{"count":1,"href":"http:\/\/elcuartopoder.com.mx\/nw\/wp-json\/wp\/v2\/posts\/110544\/revisions"}],"predecessor-version":[{"id":110548,"href":"http:\/\/elcuartopoder.com.mx\/nw\/wp-json\/wp\/v2\/posts\/110544\/revisions\/110548"}],"wp:featuredmedia":[{"embeddable":true,"href":"http:\/\/elcuartopoder.com.mx\/nw\/wp-json\/wp\/v2\/media\/110547"}],"wp:attachment":[{"href":"http:\/\/elcuartopoder.com.mx\/nw\/wp-json\/wp\/v2\/media?parent=110544"}],"wp:term":[{"taxonomy":"category","embeddable":true,"href":"http:\/\/elcuartopoder.com.mx\/nw\/wp-json\/wp\/v2\/categories?post=110544"},{"taxonomy":"post_tag","embeddable":true,"href":"http:\/\/elcuartopoder.com.mx\/nw\/wp-json\/wp\/v2\/tags?post=110544"}],"curies":[{"name":"wp","href":"https:\/\/api.w.org\/{rel}","templated":true}]}}