{"id":110549,"date":"2022-09-30T21:25:05","date_gmt":"2022-10-01T02:25:05","guid":{"rendered":"http:\/\/elcuartopoder.com.mx\/nw\/?p=110549"},"modified":"2022-09-30T21:25:09","modified_gmt":"2022-10-01T02:25:09","slug":"gobierno-del-estado-sera-garante-y-respetuoso-de-las-acciones-en-pro-de-los-derechos-humanos","status":"publish","type":"post","link":"http:\/\/elcuartopoder.com.mx\/nw\/destacadas\/gobierno-del-estado-sera-garante-y-respetuoso-de-las-acciones-en-pro-de-los-derechos-humanos\/","title":{"rendered":"Gobierno del Estado ser\u00e1 garante y respetuoso de las acciones en pro de los derechos humanos"},"content":{"rendered":"\n<p class=\"wp-block-paragraph\">Chetumal.- El titular de la Secretar\u00eda de Educaci\u00f3n de Quintana Roo (SEQ), Carlos Manuel Gorocica Moreno, se\u00f1al\u00f3 que la administraci\u00f3n que encabeza la gobernadora Mara Lezama Espinosa, junto con su equipo de colaboradores, garantizan el respeto irrestricto de las acciones y el trabajo que lleva a cabo la Comisi\u00f3n de Derechos Humanos del Estado de Quintana Roo (CDHEQROO).<\/p>\n\n\n\n<p class=\"wp-block-paragraph\">Durante la inauguraci\u00f3n del panel \u201cDerechos Humanos en Quintana Roo: tres d\u00e9cadas de vida institucional\u201d, en el contexto de los festejos por el XXX Aniversario de la creaci\u00f3n del organismo, mencion\u00f3 que \u201cla Gobernadora nos ha instruido a todos quienes formamos parte de este gobierno de la transformaci\u00f3n, a que vayamos a las calles, colonias y comunidades de manera sencilla y humilde, siempre abiertos al di\u00e1logo\u201d.<\/p>\n\n\n\n<p class=\"wp-block-paragraph\">Estaremos atentos y coadyuvantes para que todas las acciones que se tengan que realizar en aras de proteger los derechos humanos de las y los quintanarroenses, se lleven a cabo sin cortapisas ni pretextos, subray\u00f3.<\/p>\n\n\n\n<p class=\"wp-block-paragraph\">Por su parte, Felipe Nieto Bastida, primer visitador general y encargado de la CDHEQROO, indic\u00f3 que, en estos 30 a\u00f1os, el organismo ha logrado muchas metas, pero, sobre todo, la de estar cerca de las personas, destacando que, en esas tres d\u00e9cadas, se han atendido 30 mil quejas de posibles violaciones a derechos humanos, emitido 700 recomendaciones y realizado 44 mil actividades de capacitaci\u00f3n.<\/p>\n\n\n\n<figure class=\"wp-block-image\"><a href=\"https:\/\/cgc.qroo.gob.mx\/cjg\/wp-content\/uploads\/2022\/09\/SEQ2.jpg\"><img decoding=\"async\" src=\"https:\/\/olanoticias.com\/wp-content\/uploads\/2022\/09\/gobierno-del-estado-sera-garante-y-respetuoso-de-las-acciones-en-pro-de-los-derechos-humanos.jpg\" alt=\"\" title=\"SEQ2\"\/><\/a><\/figure>\n\n\n\n<figure class=\"wp-block-image\"><a href=\"https:\/\/cgc.qroo.gob.mx\/cjg\/wp-content\/uploads\/2022\/09\/SEQ3.jpg\"><img decoding=\"async\" src=\"https:\/\/olanoticias.com\/wp-content\/uploads\/2022\/09\/gobierno-del-estado-sera-garante-y-respetuoso-de-las-acciones-en-pro-de-los-derechos-humanos-1.jpg\" alt=\"\" title=\"SEQ3\"\/><\/a><\/figure>\n\n\n\n<figure class=\"wp-block-image\"><a href=\"https:\/\/cgc.qroo.gob.mx\/cjg\/wp-content\/uploads\/2022\/09\/seq4.jpg\"><img decoding=\"async\" src=\"https:\/\/olanoticias.com\/wp-content\/uploads\/2022\/09\/gobierno-del-estado-sera-garante-y-respetuoso-de-las-acciones-en-pro-de-los-derechos-humanos-2.jpg\" alt=\"\" title=\"seq4\"\/><\/a><\/figure>\n","protected":false},"excerpt":{"rendered":"<p>Chetumal.- El titular de la Secretar\u00eda de Educaci\u00f3n de Quintana Roo (SEQ), Carlos Manuel Gorocica Moreno, se\u00f1al\u00f3 que la administraci\u00f3n que encabeza la gobernadora Mara Lezama Espinosa, junto con su equipo de colaboradores, garantizan el respeto irrestricto de las acciones y el trabajo que lleva a cabo la Comisi\u00f3n de Derechos Humanos del Estado de [&hellip;]<\/p>\n","protected":false},"author":2,"featured_media":110550,"comment_status":"open","ping_status":"open","sticky":false,"template":"","format":"standard","meta":{"footnotes":""},"categories":[59],"tags":[],"class_list":["post-110549","post","type-post","status-publish","format-standard","has-post-thumbnail","hentry","category-destacadas"],"_links":{"self":[{"href":"http:\/\/elcuartopoder.com.mx\/nw\/wp-json\/wp\/v2\/posts\/110549","targetHints":{"allow":["GET"]}}],"collection":[{"href":"http:\/\/elcuartopoder.com.mx\/nw\/wp-json\/wp\/v2\/posts"}],"about":[{"href":"http:\/\/elcuartopoder.com.mx\/nw\/wp-json\/wp\/v2\/types\/post"}],"author":[{"embeddable":true,"href":"http:\/\/elcuartopoder.com.mx\/nw\/wp-json\/wp\/v2\/users\/2"}],"replies":[{"embeddable":true,"href":"http:\/\/elcuartopoder.com.mx\/nw\/wp-json\/wp\/v2\/comments?post=110549"}],"version-history":[{"count":1,"href":"http:\/\/elcuartopoder.com.mx\/nw\/wp-json\/wp\/v2\/posts\/110549\/revisions"}],"predecessor-version":[{"id":110551,"href":"http:\/\/elcuartopoder.com.mx\/nw\/wp-json\/wp\/v2\/posts\/110549\/revisions\/110551"}],"wp:featuredmedia":[{"embeddable":true,"href":"http:\/\/elcuartopoder.com.mx\/nw\/wp-json\/wp\/v2\/media\/110550"}],"wp:attachment":[{"href":"http:\/\/elcuartopoder.com.mx\/nw\/wp-json\/wp\/v2\/media?parent=110549"}],"wp:term":[{"taxonomy":"category","embeddable":true,"href":"http:\/\/elcuartopoder.com.mx\/nw\/wp-json\/wp\/v2\/categories?post=110549"},{"taxonomy":"post_tag","embeddable":true,"href":"http:\/\/elcuartopoder.com.mx\/nw\/wp-json\/wp\/v2\/tags?post=110549"}],"curies":[{"name":"wp","href":"https:\/\/api.w.org\/{rel}","templated":true}]}}