{"id":110557,"date":"2022-10-01T08:18:26","date_gmt":"2022-10-01T13:18:26","guid":{"rendered":"http:\/\/elcuartopoder.com.mx\/nw\/?p=110557"},"modified":"2022-10-01T08:18:30","modified_gmt":"2022-10-01T13:18:30","slug":"jose-pablo-mathey-cruz-nuevo-encargado-de-despacho-en-seguridad-publica-de-benito-juarez","status":"publish","type":"post","link":"http:\/\/elcuartopoder.com.mx\/nw\/politica\/jose-pablo-mathey-cruz-nuevo-encargado-de-despacho-en-seguridad-publica-de-benito-juarez\/","title":{"rendered":"<strong>JOS\u00c9 PABLO MATHEY CRUZ, NUEVO ENCARGADO DE DESPACHO EN SEGURIDAD P\u00daBLICA DE BENITO JU\u00c1REZ&nbsp;<\/strong>"},"content":{"rendered":"\n<p class=\"wp-block-paragraph\">La Presidenta Municipal de Benito Ju\u00e1rez, Ana Patricia Peralta de la Pe\u00f1a, dio posesi\u00f3n de la Secretar\u00eda Municipal de Seguridad P\u00fablica al Capit\u00e1n Jos\u00e9 Pablo Mathey Cruz, como encargado de despacho.<\/p>\n\n\n\n<p class=\"wp-block-paragraph\">De forma inmediata al nombramiento a nivel estatal del Contralmirante DEM Rub\u00e9n Oyarvide Pedrero como Secretario de Seguridad P\u00fablica de Quintana Roo, asume el control de la seguridad de Canc\u00fan Mathey Cruz, quien se ven\u00eda desempe\u00f1ando como Subsecretario de Control y Operaci\u00f3n de SSP desde hace dos a\u00f1os.<\/p>\n\n\n\n<p class=\"wp-block-paragraph\">Mathey Cruz fue instruido por la alcaldesa de Canc\u00fan, Peralta de la Pe\u00f1a, a dar prioridad al trabajo coordinado con los 3 niveles de gobierno, alineado a la Estrategia Nacional de Seguridad P\u00fablica y los lineamientos estatales, dictados por la Gobernadora de Quintana Roo Mara Lezama Espinosa.<\/p>\n\n\n\n<p class=\"wp-block-paragraph\">Egresado de la Secretar\u00eda de Marina Armada de M\u00e9xico, el nuevo titular que cuenta con amplia experiencia en seguridad, cuenta con la aprobaci\u00f3n de Seguridad Nacional, lo que permite avanzar en la construcci\u00f3n de la paz de acuerdo a los lineamientos y estrategias nacionales.<\/p>\n","protected":false},"excerpt":{"rendered":"<p>La Presidenta Municipal de Benito Ju\u00e1rez, Ana Patricia Peralta de la Pe\u00f1a, dio posesi\u00f3n de la Secretar\u00eda Municipal de Seguridad P\u00fablica al Capit\u00e1n Jos\u00e9 Pablo Mathey Cruz, como encargado de despacho. De forma inmediata al nombramiento a nivel estatal del Contralmirante DEM Rub\u00e9n Oyarvide Pedrero como Secretario de Seguridad P\u00fablica de Quintana Roo, asume el [&hellip;]<\/p>\n","protected":false},"author":2,"featured_media":110558,"comment_status":"open","ping_status":"open","sticky":false,"template":"","format":"standard","meta":{"footnotes":""},"categories":[61],"tags":[],"class_list":["post-110557","post","type-post","status-publish","format-standard","has-post-thumbnail","hentry","category-politica"],"_links":{"self":[{"href":"http:\/\/elcuartopoder.com.mx\/nw\/wp-json\/wp\/v2\/posts\/110557","targetHints":{"allow":["GET"]}}],"collection":[{"href":"http:\/\/elcuartopoder.com.mx\/nw\/wp-json\/wp\/v2\/posts"}],"about":[{"href":"http:\/\/elcuartopoder.com.mx\/nw\/wp-json\/wp\/v2\/types\/post"}],"author":[{"embeddable":true,"href":"http:\/\/elcuartopoder.com.mx\/nw\/wp-json\/wp\/v2\/users\/2"}],"replies":[{"embeddable":true,"href":"http:\/\/elcuartopoder.com.mx\/nw\/wp-json\/wp\/v2\/comments?post=110557"}],"version-history":[{"count":1,"href":"http:\/\/elcuartopoder.com.mx\/nw\/wp-json\/wp\/v2\/posts\/110557\/revisions"}],"predecessor-version":[{"id":110559,"href":"http:\/\/elcuartopoder.com.mx\/nw\/wp-json\/wp\/v2\/posts\/110557\/revisions\/110559"}],"wp:featuredmedia":[{"embeddable":true,"href":"http:\/\/elcuartopoder.com.mx\/nw\/wp-json\/wp\/v2\/media\/110558"}],"wp:attachment":[{"href":"http:\/\/elcuartopoder.com.mx\/nw\/wp-json\/wp\/v2\/media?parent=110557"}],"wp:term":[{"taxonomy":"category","embeddable":true,"href":"http:\/\/elcuartopoder.com.mx\/nw\/wp-json\/wp\/v2\/categories?post=110557"},{"taxonomy":"post_tag","embeddable":true,"href":"http:\/\/elcuartopoder.com.mx\/nw\/wp-json\/wp\/v2\/tags?post=110557"}],"curies":[{"name":"wp","href":"https:\/\/api.w.org\/{rel}","templated":true}]}}