{"id":110568,"date":"2022-10-01T08:38:00","date_gmt":"2022-10-01T13:38:00","guid":{"rendered":"http:\/\/elcuartopoder.com.mx\/nw\/?p=110568"},"modified":"2022-10-01T08:38:04","modified_gmt":"2022-10-01T13:38:04","slug":"andas-de-malas-covid-19-tiene-secuelas-en-la-personalidad-segun-estudio","status":"publish","type":"post","link":"http:\/\/elcuartopoder.com.mx\/nw\/entretenimiento\/salud\/andas-de-malas-covid-19-tiene-secuelas-en-la-personalidad-segun-estudio\/","title":{"rendered":"\u00bfAndas de malas? COVID-19 tiene secuelas en la personalidad, seg\u00fan estudio"},"content":{"rendered":"\n<p class=\"wp-block-paragraph\">M\u00e1s all\u00e1 de los pulmones y otros \u00f3rganos del cuerpo,\u00a0el COVID-19\u00a0trajo consigo algunas\u00a0<strong>consecuencias a nivel conductual<\/strong>, en factores como la extroversi\u00f3n, la apertura, la amabilidad y la escrupulosidad, de acuerdo con un nuevo estudio.<\/p>\n\n\n\n<p class=\"wp-block-paragraph\">Con la llegada de pandemia y las restricciones sanitarias implementadas, como el\u00a0aislamiento social, algunos j\u00f3venes y adultos experimentaron una serie de<strong>\u00a0cambios en sus rasgos de personalidad<\/strong>, se\u00f1alaron investigadores de la Facultad de Medicina de la Universidad Estatal de Florida, en Estados Unidos, dirigidos por Angelina Sutin.<\/p>\n\n\n\n<p class=\"wp-block-paragraph\">\u201cLos adultos m\u00e1s j\u00f3venes se volvieron&nbsp;<strong>m\u00e1s malhumorados&nbsp;<\/strong>y m\u00e1s propensos al estr\u00e9s, menos cooperativos y confiados, y menos comedidos y responsables\u201d, se lee en el art\u00edculo publicado en la revista<em>&nbsp;Plos One.<\/em><\/p>\n\n\n\n<p class=\"wp-block-paragraph\">Durante la primera parte de la pandemia (marzo a diciembre de 2020), la personalidad se mantuvo relativamente estable, con una peque\u00f1a disminuci\u00f3n del neuroticismo en comparaci\u00f3n con fechas pasadas. Esto podr\u00eda deberse a que COVID \u201cproporciona una raz\u00f3n\u201d para los sentimientos de ansiedad y hace que sea menos probable que las personas culpen a su propia disposici\u00f3n, comentaron los autores.<\/p>\n\n\n\n<p class=\"wp-block-paragraph\">Por otra parte, la reducci\u00f3n del neuroticismo desapareci\u00f3 en el periodo de 2021 a 2022 y fue reemplazada por disminuciones en la extraversi\u00f3n, la apertura, la amabilidad y la escrupulosidad, en comparaci\u00f3n con la personalidad previa a la pandemia. Adem\u00e1s, los adultos m\u00e1s j\u00f3venes mostraron los mayores cambios, mientras que el grupo de adultos de mayor edad no tuvo cambios significativos en estos rasgos.<\/p>\n\n\n\n<p class=\"wp-block-paragraph\">\u201cLas interacciones de edad para la<strong>&nbsp;amabilidad y la escrupulosidad<\/strong>&nbsp;indicaron que la<strong>&nbsp;disminuci\u00f3n&nbsp;<\/strong>de estos dos rasgos, en 2021-2022,&nbsp;<strong>fue m\u00e1s fuerte&nbsp;<\/strong>entre los participantes relativamente m\u00e1s j\u00f3venes que entre los relativamente mayores. La interacci\u00f3n con la edad para 2020 para la simpat\u00eda tambi\u00e9n fue significativa\u201d.<\/p>\n\n\n\n<p class=\"wp-block-paragraph\">Lo anterior, debido a que<strong>\u00a0la personalidad tiende a ser m\u00e1s maleable<\/strong>\u00a0en los adultos m\u00e1s j\u00f3venes, adem\u00e1s de que la pandemia tambi\u00e9n pudo haber tenido un impacto m\u00e1s negativo en este grupo de edad, comentaron los investigadores.<\/p>\n\n\n\n<p class=\"wp-block-paragraph\">\u201cAunque la pandemia fue estresante para todos, interrumpi\u00f3 las tareas normativas de la edad adulta m\u00e1s joven, como la escuela y la transici\u00f3n a la fuerza laboral y ser sociable y desarrollar relaciones. Es especulativo porque no medimos las razones del cambio, pero esta interrupci\u00f3n puede haber tenido un mayor impacto en los adultos m\u00e1s j\u00f3venes porque estas tareas son muy importantes para este grupo de edad\u201d, dijo Sutin.<\/p>\n\n\n\n<p class=\"wp-block-paragraph\">Los resultados de la investigaci\u00f3n fueron obtenidos por medio de evaluaciones de personalidad de 7 mil 109 personas inscritas en el Estudio de Comprensi\u00f3n de Estados Unidos en una l\u00ednea que se hab\u00eda repetido en distintos momentos antes y durante la pandemia.<\/p>\n\n\n\n<p class=\"wp-block-paragraph\">Los participantes recibieron una prueba que mide cinco rasgos de la personalidad: neuroticismo (tendencia a experimentar emociones negativas), extraversi\u00f3n, apertura, amabilidad y escrupulosidad.<\/p>\n\n\n\n<p class=\"wp-block-paragraph\">Los investigadores continuar\u00e1n monitoreando a los participantes para ver si los cambios de personalidad son temporales o m\u00e1s duraderos.<\/p>\n\n\n\n<p class=\"wp-block-paragraph\">\u201cSi estos cambios son duraderos, esta evidencia sugiere que los eventos estresantes en toda la poblaci\u00f3n pueden torcer ligeramente la trayectoria de la personalidad, especialmente en los adultos m\u00e1s j\u00f3venes\u201d, concluyeron.<\/p>\n\n\n\n<p class=\"wp-block-paragraph\">Fuente: elfinanciero<\/p>\n","protected":false},"excerpt":{"rendered":"<p>M\u00e1s all\u00e1 de los pulmones y otros \u00f3rganos del cuerpo,\u00a0el COVID-19\u00a0trajo consigo algunas\u00a0consecuencias a nivel conductual, en factores como la extroversi\u00f3n, la apertura, la amabilidad y la escrupulosidad, de acuerdo con un nuevo estudio. Con la llegada de pandemia y las restricciones sanitarias implementadas, como el\u00a0aislamiento social, algunos j\u00f3venes y adultos experimentaron una serie de\u00a0cambios [&hellip;]<\/p>\n","protected":false},"author":2,"featured_media":110569,"comment_status":"open","ping_status":"open","sticky":false,"template":"","format":"standard","meta":{"footnotes":""},"categories":[56],"tags":[],"class_list":["post-110568","post","type-post","status-publish","format-standard","has-post-thumbnail","hentry","category-salud"],"_links":{"self":[{"href":"http:\/\/elcuartopoder.com.mx\/nw\/wp-json\/wp\/v2\/posts\/110568","targetHints":{"allow":["GET"]}}],"collection":[{"href":"http:\/\/elcuartopoder.com.mx\/nw\/wp-json\/wp\/v2\/posts"}],"about":[{"href":"http:\/\/elcuartopoder.com.mx\/nw\/wp-json\/wp\/v2\/types\/post"}],"author":[{"embeddable":true,"href":"http:\/\/elcuartopoder.com.mx\/nw\/wp-json\/wp\/v2\/users\/2"}],"replies":[{"embeddable":true,"href":"http:\/\/elcuartopoder.com.mx\/nw\/wp-json\/wp\/v2\/comments?post=110568"}],"version-history":[{"count":1,"href":"http:\/\/elcuartopoder.com.mx\/nw\/wp-json\/wp\/v2\/posts\/110568\/revisions"}],"predecessor-version":[{"id":110570,"href":"http:\/\/elcuartopoder.com.mx\/nw\/wp-json\/wp\/v2\/posts\/110568\/revisions\/110570"}],"wp:featuredmedia":[{"embeddable":true,"href":"http:\/\/elcuartopoder.com.mx\/nw\/wp-json\/wp\/v2\/media\/110569"}],"wp:attachment":[{"href":"http:\/\/elcuartopoder.com.mx\/nw\/wp-json\/wp\/v2\/media?parent=110568"}],"wp:term":[{"taxonomy":"category","embeddable":true,"href":"http:\/\/elcuartopoder.com.mx\/nw\/wp-json\/wp\/v2\/categories?post=110568"},{"taxonomy":"post_tag","embeddable":true,"href":"http:\/\/elcuartopoder.com.mx\/nw\/wp-json\/wp\/v2\/tags?post=110568"}],"curies":[{"name":"wp","href":"https:\/\/api.w.org\/{rel}","templated":true}]}}