{"id":110810,"date":"2022-10-09T19:02:03","date_gmt":"2022-10-10T00:02:03","guid":{"rendered":"http:\/\/elcuartopoder.com.mx\/nw\/?p=110810"},"modified":"2022-10-09T19:02:07","modified_gmt":"2022-10-10T00:02:07","slug":"verstappen-prepara-su-asalto-al-titulo-desde-la-pole","status":"publish","type":"post","link":"http:\/\/elcuartopoder.com.mx\/nw\/entretenimiento\/deportes\/verstappen-prepara-su-asalto-al-titulo-desde-la-pole\/","title":{"rendered":"Verstappen prepara su asalto al t\u00edtulo desde la pole"},"content":{"rendered":"\n<p>Max Verstappen se prepara para el asalto a su segundo t\u00edtulo mundial de F\u00f3rmula 1. Lo hace desde la pole en uno de los circuitos m\u00e1s excitantes del calendario, Suzuka (Jap\u00f3n), con sus curvas enlazadas y su aire de pista a la antigua. Es la sede de Honda, el fabricante nip\u00f3n de motores que surte a Red Bull y que tambi\u00e9n puede volver a los t\u00edtulos. Verstappen saldr\u00e1 primero, se supone que en lluvia, por delante de Leclerc y Sainz. Fernando Alonso se clasific\u00f3 s\u00e9ptimo.<\/p>\n\n\n\n<p>En Suzuka se confirman las noticias que se aireaban como seguras.&nbsp;<strong>Pierre Gasly ser\u00e1 el sustituto de Fernando Alonso<\/strong>&nbsp;en Alpine. Un franc\u00e9s que acompa\u00f1ar\u00e1 a otro compatriota, Esteban Ocon, en una formaci\u00f3n cien por cien gala. Ritmo tricolor por todos lados, y Gasly que se desvincula del mundo Red Bull. Al franc\u00e9s lo reemplaza en AlphaTauri el holand\u00e9s Nyck de Vries. \u00abGasly es joven, experimentado y r\u00e1pido. Los dos que mencion\u00e1is (Alonso y Piastri) no reun\u00edan estos requisitos\u00bb, justific\u00f3 con mala uva el director de Alpine, Otmar Szafnauer.about:blank<\/p>\n\n\n\n<p>Gasly fue uno de los primeros eliminados en la Q1 del Gran Premio de Jap\u00f3n, una manga en la que se lucieron los espa\u00f1oles. Carlos Sainz, segundo detr\u00e1s del mejor tiempo de Max Verstappen, y Fernando&nbsp;<strong>Alonso, cuarto, a solo tres d\u00e9cimas<\/strong>&nbsp;del neerland\u00e9s. Con la pista seca, sin la alianza de la lluvia, el coche del espa\u00f1ol tambi\u00e9n rinde en Suzuka.<\/p>\n\n\n\n<p>La Q2 depara una gran igualdad, con Verstappen y los dos Ferraris sin mucha preocupaci\u00f3n guardando neum\u00e1ticos despu\u00e9s de asegurarse su pase a la \u00faltima ronda. En un pa\u00f1uelo est\u00e1n los&nbsp;<strong>Alpine, los Mercedes y el McLaren<\/strong>&nbsp;de Norris. Alonso logra el segundo mejor tiempo en esta manga.<\/p>\n\n\n\n<p>En el \u00faltimo episodio de la clasificaci\u00f3n, Verstappen toma el mando en el primer intento y el tiempo le vale, porque por detr\u00e1s no mejoran su registro ni Charles Leclerc, segundo, ni Carlos Sainz, tercero, que se quedan a cent\u00e9simas del primer puesto. Fernando Alonso, despu\u00e9s de una clasificaci\u00f3n interesante, se coloca s\u00e9ptimo en la parrilla ante el avance de los Mercedes.<\/p>\n\n\n\n<p>Fuente: ABC<\/p>\n","protected":false},"excerpt":{"rendered":"<p>Max Verstappen se prepara para el asalto a su segundo t\u00edtulo mundial de F\u00f3rmula 1. Lo hace desde la pole en uno de los circuitos m\u00e1s excitantes del calendario, Suzuka (Jap\u00f3n), con sus curvas enlazadas y su aire de pista a la antigua. Es la sede de Honda, el fabricante nip\u00f3n de motores que surte [&hellip;]<\/p>\n","protected":false},"author":2,"featured_media":110811,"comment_status":"open","ping_status":"open","sticky":false,"template":"","format":"standard","meta":{"footnotes":""},"categories":[7],"tags":[],"class_list":["post-110810","post","type-post","status-publish","format-standard","has-post-thumbnail","hentry","category-deportes"],"_links":{"self":[{"href":"http:\/\/elcuartopoder.com.mx\/nw\/wp-json\/wp\/v2\/posts\/110810","targetHints":{"allow":["GET"]}}],"collection":[{"href":"http:\/\/elcuartopoder.com.mx\/nw\/wp-json\/wp\/v2\/posts"}],"about":[{"href":"http:\/\/elcuartopoder.com.mx\/nw\/wp-json\/wp\/v2\/types\/post"}],"author":[{"embeddable":true,"href":"http:\/\/elcuartopoder.com.mx\/nw\/wp-json\/wp\/v2\/users\/2"}],"replies":[{"embeddable":true,"href":"http:\/\/elcuartopoder.com.mx\/nw\/wp-json\/wp\/v2\/comments?post=110810"}],"version-history":[{"count":1,"href":"http:\/\/elcuartopoder.com.mx\/nw\/wp-json\/wp\/v2\/posts\/110810\/revisions"}],"predecessor-version":[{"id":110812,"href":"http:\/\/elcuartopoder.com.mx\/nw\/wp-json\/wp\/v2\/posts\/110810\/revisions\/110812"}],"wp:featuredmedia":[{"embeddable":true,"href":"http:\/\/elcuartopoder.com.mx\/nw\/wp-json\/wp\/v2\/media\/110811"}],"wp:attachment":[{"href":"http:\/\/elcuartopoder.com.mx\/nw\/wp-json\/wp\/v2\/media?parent=110810"}],"wp:term":[{"taxonomy":"category","embeddable":true,"href":"http:\/\/elcuartopoder.com.mx\/nw\/wp-json\/wp\/v2\/categories?post=110810"},{"taxonomy":"post_tag","embeddable":true,"href":"http:\/\/elcuartopoder.com.mx\/nw\/wp-json\/wp\/v2\/tags?post=110810"}],"curies":[{"name":"wp","href":"https:\/\/api.w.org\/{rel}","templated":true}]}}