{"id":110836,"date":"2022-10-10T09:39:03","date_gmt":"2022-10-10T14:39:03","guid":{"rendered":"http:\/\/elcuartopoder.com.mx\/nw\/?p=110836"},"modified":"2022-10-10T09:39:05","modified_gmt":"2022-10-10T14:39:05","slug":"quien-es-el-fresa-presunto-lider-de-la-familia-michoacana","status":"publish","type":"post","link":"http:\/\/elcuartopoder.com.mx\/nw\/varios\/quien-es-el-fresa-presunto-lider-de-la-familia-michoacana\/","title":{"rendered":"\u00bfQui\u00e9n es \u2018El Fresa\u2019, presunto l\u00edder de la Familia Michoacana?"},"content":{"rendered":"\n<p>Jos\u00e9 Alfredo Hurtado Olascoaga, alias \u2018El Fresa\u2019\u00a0es l\u00edder en la Tierra Caliente de la organizaci\u00f3n delincuencial<strong>\u00a0La Familia Michoacana<\/strong>,\u00a0 fundada en la d\u00e9cada de los 80 por Carlos Rosales Mendoza, Nazario Moreno Gonz\u00e1lez, Jos\u00e9 de Jes\u00fas M\u00e9ndez Vargas, Jos\u00e9 Bustos.<\/p>\n\n\n\n<p>\u2018El Fresa\u2019 en alg\u00fan tiempo ten\u00eda su<strong>&nbsp;propia marca de ropa \u201cHH Clothing\u201d,<\/strong>&nbsp;por lo que se hac\u00eda pasar como empresario textil.<\/p>\n\n\n\n<p>\u00c9l y su hermano, Jhony Hurtado Olascuaga, qui\u00e9n se ha dicho ya fue asesinado hace algunos a\u00f1os, fueron incluidos el sexenio pasado en la<strong>&nbsp;lista de objetivos prioritarios del gobierno federal<\/strong>, dentro de la lista de los 122 capos m\u00e1s peligrosos y s\u00e1dicos que hay en el pa\u00eds.<\/p>\n\n\n\n<p>Es conocido por tender varias emboscadas a polic\u00edas. Una de ellas fue la de Coatepec Harinas, en el Estado de M\u00e9xico, donde 13 polic\u00edas \u2014ocho de la polic\u00eda estatal y cinco de la fiscal\u00eda\u2014 fueron asesinados por sicarios y evidenciado el hecho en videos.<\/p>\n\n\n\n<h2 class=\"wp-block-heading\"><strong>Responsables de masacre en San Miguel Totolapan \u2018est\u00e1n muertos\u2019: l\u00edder de Familia Michoacana<\/strong><\/h2>\n\n\n\n<p>En un v\u00eddeo que circul\u00f3 en redes sociales,<strong>\u00a0Jos\u00e9 Alfredo Hurtado,<\/strong>\u00a0\u201cEl Fresa\u201d, uno de los l\u00edderes del grupo delincuencial\u00a0<strong>La Familia Michoacana\u00a0<\/strong>sostuvo que la agresi\u00f3n de<strong>\u00a0San Miguel Totolapan<\/strong>\u00a0ten\u00eda como objetivo matarlo a \u00e9l, al alcalde<strong>\u00a0Conrado Mendoza Almeda<\/strong>\u00a0y su pap\u00e1, Juan Mendoza Acosta.<\/p>\n\n\n\n<p>En la grabaci\u00f3n, de una duraci\u00f3n de 10 minutos con 12 segundos, Jos\u00e9 Alfredo Hurtado Olascoaga \u201c<strong>El Fresa<\/strong>\u201d reconoci\u00f3 que la masacre desatada en San Miguel Totolapan ten\u00eda la intenci\u00f3n de matarlo al igual que al alcalde y a su padre, pero asegur\u00f3 que<strong>&nbsp;todos los agresores ya fueron asesinados<\/strong>.<\/p>\n\n\n\n<p>Lament\u00f3 que en los hechos violentos \u201c<strong>murieron muchas personas inocentes<\/strong>\u201d.<\/p>\n\n\n\n<p>El l\u00edder delincuencial se grab\u00f3<strong>&nbsp;sentado c\u00f3modamente en una sala<\/strong>, con playera y pans, desde donde menciona que no es una pr\u00e1ctica com\u00fan de \u00e9l hacer videos o transmisiones en redes sociales.<\/p>\n\n\n\n<p>En el v\u00eddeo, explic\u00f3 que quienes fueron asesinados estaban en una reuni\u00f3n para atender precisamente&nbsp;<strong>temas de seguridad del municipio<\/strong>, a la que el tambi\u00e9n acud\u00eda, pero cuando estaba por llegar a la reuni\u00f3n&nbsp;<strong>se desat\u00f3 la balacera&nbsp;<\/strong>y quienes estaban reunidos ten\u00edan poco equipo de seguridad y no portaban armas, \u201c<strong>pues San Miguel Totolapan era un pueblo pac\u00edfico en el que viv\u00eda la gente tranquilamente<\/strong>\u201d.<\/p>\n\n\n\n<p>Alfredo Hurtado confes\u00f3 que vive a una cuadra de la presidencia municipal, y que los habitantes del lugar lo saben, \u201c<strong>no s\u00e9 quien, pero alguien del pueblo nos traicion\u00f3<\/strong>\u201d, asegur\u00f3.<\/p>\n\n\n\n<p>En la reuni\u00f3n se encontraban no solo autoridades municipales, sino tambi\u00e9n comisarios e&nbsp;<strong>integrantes de la autodefensa<\/strong>&nbsp;que se form\u00f3 desde 2015 para expulsar de la zona a Los Tequileros.<\/p>\n\n\n\n<p>La intensi\u00f3n era plantear una estrategia para defenderse tras el anuncio, un d\u00eda antes, tambi\u00e9n en video, sobre el regreso de \u201cLos Tequileros\u201d a esa zona.<\/p>\n\n\n\n<p>Por esa raz\u00f3n, asegur\u00f3 Hurtado Olascoaga, les tendieron una<strong>&nbsp;trampa \u201cbien hecha<\/strong>, porque llegu\u00e9 a la reuni\u00f3n en una camioneta blindada, nunca andaba armado porque no uso armas, adem\u00e1s de que el pueblo me parec\u00eda muy tranquilo\u201d.<\/p>\n\n\n\n<p>Enfatiz\u00f3 que \u201c<strong>la blindada<\/strong>\u201d lo salv\u00f3, porque \u201ccomieron ansias esos cabrones porque no me dejaron bajar, si me hubieran dejado bajar ahorita estuviera entre los muertos,<strong>&nbsp;apenas alcanc\u00e9 a salir y dejaron la camioneta hecha pedazos<\/strong>\u201d, y reconoci\u00f3 que incurri\u00f3 en un exceso de confianza, porque nunca pens\u00f3 que alguien se atreviera a tanto.<\/p>\n\n\n\n<p>En su relato mencion\u00f3 que sali\u00f3 del lugar con rumbo a la sierra, y que en el camino ten\u00eda apostados a pistoleros, quienes lo protegieron a su paso y&nbsp;<strong>cercaron a los agresores<\/strong>, por lo que asegur\u00f3 que<strong>&nbsp;todos est\u00e1n muertos<\/strong>.<\/p>\n\n\n\n<p>Reconoce que por<strong>&nbsp;la molestia que ten\u00eda no dejaron a nadie con vida<\/strong>, \u201cah\u00ed yo andaba muy molesto y la verdad<strong>&nbsp;no dejamos ni un cabr\u00f3n ah\u00ed<\/strong>.&nbsp;<strong>Decid\u00ed que no merec\u00edan ni enterrarse, porque se volaron la barda al meterse en ese pueblo, que era un pueblo muy tranquilo<\/strong>\u201d.<\/p>\n\n\n\n<p>Tambi\u00e9n env\u00edo un mensaje a la poblaci\u00f3n de San Miguel Totolapan: \u201c<strong>Hay que estar tranquilos en San Miguel, porque todos los que entraron ya est\u00e1n muertos<\/strong>, se habr\u00e1n ido dos que tres pero van heridos,&nbsp;<strong>van dejando sangre<\/strong>&nbsp;y todo, son unos que iban en una combi y que no se alcanzaron a bajar\u201d.<\/p>\n\n\n\n<p>En la recta final del video, Alfredo Hurtado \u201cEl Fresa\u201d, asegura que el l\u00edder de \u201cLos Tequileros\u201d es el ex diputado local\u00a0<strong>Sa\u00fal Beltr\u00e1n Orozco<\/strong>, quien tambi\u00e9n fue\u00a0<strong>presidente municipal de San Miguel Totolapan<\/strong>, en el periodo 2012-2015 y diputado local en el periodo 2015-2018<\/p>\n\n\n\n<p>Fuente: elfinanciero<\/p>\n","protected":false},"excerpt":{"rendered":"<p>Jos\u00e9 Alfredo Hurtado Olascoaga, alias \u2018El Fresa\u2019\u00a0es l\u00edder en la Tierra Caliente de la organizaci\u00f3n delincuencial\u00a0La Familia Michoacana,\u00a0 fundada en la d\u00e9cada de los 80 por Carlos Rosales Mendoza, Nazario Moreno Gonz\u00e1lez, Jos\u00e9 de Jes\u00fas M\u00e9ndez Vargas, Jos\u00e9 Bustos. \u2018El Fresa\u2019 en alg\u00fan tiempo ten\u00eda su&nbsp;propia marca de ropa \u201cHH Clothing\u201d,&nbsp;por lo que se hac\u00eda [&hellip;]<\/p>\n","protected":false},"author":2,"featured_media":110837,"comment_status":"open","ping_status":"open","sticky":false,"template":"","format":"standard","meta":{"footnotes":""},"categories":[64],"tags":[],"class_list":["post-110836","post","type-post","status-publish","format-standard","has-post-thumbnail","hentry","category-varios"],"_links":{"self":[{"href":"http:\/\/elcuartopoder.com.mx\/nw\/wp-json\/wp\/v2\/posts\/110836","targetHints":{"allow":["GET"]}}],"collection":[{"href":"http:\/\/elcuartopoder.com.mx\/nw\/wp-json\/wp\/v2\/posts"}],"about":[{"href":"http:\/\/elcuartopoder.com.mx\/nw\/wp-json\/wp\/v2\/types\/post"}],"author":[{"embeddable":true,"href":"http:\/\/elcuartopoder.com.mx\/nw\/wp-json\/wp\/v2\/users\/2"}],"replies":[{"embeddable":true,"href":"http:\/\/elcuartopoder.com.mx\/nw\/wp-json\/wp\/v2\/comments?post=110836"}],"version-history":[{"count":1,"href":"http:\/\/elcuartopoder.com.mx\/nw\/wp-json\/wp\/v2\/posts\/110836\/revisions"}],"predecessor-version":[{"id":110838,"href":"http:\/\/elcuartopoder.com.mx\/nw\/wp-json\/wp\/v2\/posts\/110836\/revisions\/110838"}],"wp:featuredmedia":[{"embeddable":true,"href":"http:\/\/elcuartopoder.com.mx\/nw\/wp-json\/wp\/v2\/media\/110837"}],"wp:attachment":[{"href":"http:\/\/elcuartopoder.com.mx\/nw\/wp-json\/wp\/v2\/media?parent=110836"}],"wp:term":[{"taxonomy":"category","embeddable":true,"href":"http:\/\/elcuartopoder.com.mx\/nw\/wp-json\/wp\/v2\/categories?post=110836"},{"taxonomy":"post_tag","embeddable":true,"href":"http:\/\/elcuartopoder.com.mx\/nw\/wp-json\/wp\/v2\/tags?post=110836"}],"curies":[{"name":"wp","href":"https:\/\/api.w.org\/{rel}","templated":true}]}}