{"id":110839,"date":"2022-10-10T09:42:26","date_gmt":"2022-10-10T14:42:26","guid":{"rendered":"http:\/\/elcuartopoder.com.mx\/nw\/?p=110839"},"modified":"2022-10-10T09:42:27","modified_gmt":"2022-10-10T14:42:27","slug":"por-que-unas-personas-desarrollan-cancer-y-otras-no-spoiler-tiene-que-ver-con-los-genes","status":"publish","type":"post","link":"http:\/\/elcuartopoder.com.mx\/nw\/entretenimiento\/salud\/por-que-unas-personas-desarrollan-cancer-y-otras-no-spoiler-tiene-que-ver-con-los-genes\/","title":{"rendered":"\u00bfPor qu\u00e9 unas personas desarrollan c\u00e1ncer y otras no? Spoiler: tiene que ver con los genes"},"content":{"rendered":"\n<p>El c\u00e1ncer en ocasiones suele ser una enfermedad silenciosa. Seg\u00fan la\u00a0Organizaci\u00f3n Mundial de la Salud (OMS),\u00a0en 2020\u00a0<strong>10 millones\u00a0<\/strong>de personas murieron a causa de c\u00e1ncer; los tipos m\u00e1s comunes son el de mama, pulm\u00f3n, colon y pr\u00f3stata.<\/p>\n\n\n\n<p>Las y los expertos indican que&nbsp;<strong>hay una serie de factores de riesgo que pueden contribuir a desarrollar c\u00e1ncer&nbsp;<\/strong>en alguna parte del cuerpo.<\/p>\n\n\n\n<p>Los factores est\u00e1n&nbsp;<strong>relacionados&nbsp;<\/strong>con el estilo de vida de las personas, los alimentos que consumen, la cantidad de ejercicio que hacen y la exposici\u00f3n de la piel al sol.<\/p>\n\n\n\n<p>Un factor al que la ciencia le da mucho peso es el\u00a0<strong>gen\u00e9tico<\/strong>, por ello es importantes que siempre indiques a tu m\u00e9dicos si tus pares, abuelos o t\u00edos han padecido\u00a0c\u00e1ncer. Incluso, es sustancial saber el estado de salud de terceras o cuartas generaciones.<\/p>\n\n\n\n<h2 class=\"wp-block-heading\"><strong>\u00bfCu\u00e1les son los factores de riesgo para desarrollar c\u00e1ncer?<\/strong><\/h2>\n\n\n\n<ul class=\"wp-block-list\"><li>Consumo de tabaco y alcohol.<\/li><li>Alimentaci\u00f3n poco saludables. Ingesta constante de c<strong>omida altamente procesada, como enlatados y embutidos.<\/strong><\/li><li>Poca actividad f\u00edsica o tener una vida 100 por ciento sedentaria.<\/li><li>Contaminaci\u00f3n del aire.<\/li><li>La bacteria Helicobacter pylori, que puede causar malestares estomacales, gastritis y se si agrava, puede desarrollar una infecci\u00f3n carcin\u00f3gena.<\/li><li>El papilomavirus o\u00a0Virus del Papiloma Humano (VPH),\u00a0que desarrolla c\u00e1ncer de cuello uterino.<\/li><li>Virus de la hepatitis B y C.\u00a0Aumentan el riesgo de desarrollar c\u00e1ncer de h\u00edgado.<\/li><li>Virus de Epstein-Barr, que inflama a los ganglios linf\u00e1ticos.<\/li><li>Factores gen\u00e9ticos.<\/li><\/ul>\n\n\n\n<h2 class=\"wp-block-heading\"><strong>\u00bfC\u00f3mo incide el factor gen\u00e9tico en desarrollar o no c\u00e1ncer?<\/strong><\/h2>\n\n\n\n<p><em>American Cancer Society<\/em>, organizaci\u00f3n dedicada a combatir\u00a0todo tipo de c\u00e1ncer, explic\u00f3 que este padecimiento puede ser causado por<strong>\u00a0cambios en el ADN\u00a0<\/strong>que activan a los oncogenes o desactivan a los genes supresores de tumores.<\/p>\n\n\n\n<p>Algunas personas\u00a0<strong>heredan mutaciones (cambios) del ADN\u00a0<\/strong>de sus padres, lo cual incrementa considerablemente el riesgo de padecer\u00a0ciertos c\u00e1nceres.<\/p>\n\n\n\n<p>Estas\u00a0<strong>mutaciones\u00a0<\/strong>adquiridas con frecuencia resultan de la exposici\u00f3n a qu\u00edmicos que causan c\u00e1ncer, como los que se encuentran en el\u00a0<strong>humo del tabaco.<\/strong><\/p>\n\n\n\n<p>Los c\u00e1nceres que se presentan con&nbsp;<strong>mayor frecuencia en algunas familias&nbsp;<\/strong>pueden ser causados por un gen anormal que se transmite a nuevas generaciones.<\/p>\n\n\n\n<p>\u2018\u2019Lo que se hereda no es el\u00a0c\u00e1ncer\u00a0en s\u00ed, sino el gen anormal que puede dar lugar a al enfermedad. Se cree que solo alrededor del 5 al 10 por ciento de todos los casos se originan directamente a partir de defectos gen\u00e9ticos (llamados<strong>\u00a0mutaciones<\/strong>) heredados de uno de los padres,\u2019&#8217; detallan los especialistas de\u00a0<em>American Cancer Society.<\/em><\/p>\n\n\n\n<p>Fuente: elfinanciero<\/p>\n","protected":false},"excerpt":{"rendered":"<p>El c\u00e1ncer en ocasiones suele ser una enfermedad silenciosa. Seg\u00fan la\u00a0Organizaci\u00f3n Mundial de la Salud (OMS),\u00a0en 2020\u00a010 millones\u00a0de personas murieron a causa de c\u00e1ncer; los tipos m\u00e1s comunes son el de mama, pulm\u00f3n, colon y pr\u00f3stata. Las y los expertos indican que&nbsp;hay una serie de factores de riesgo que pueden contribuir a desarrollar c\u00e1ncer&nbsp;en alguna [&hellip;]<\/p>\n","protected":false},"author":2,"featured_media":110840,"comment_status":"open","ping_status":"open","sticky":false,"template":"","format":"standard","meta":{"footnotes":""},"categories":[56],"tags":[],"class_list":["post-110839","post","type-post","status-publish","format-standard","has-post-thumbnail","hentry","category-salud"],"_links":{"self":[{"href":"http:\/\/elcuartopoder.com.mx\/nw\/wp-json\/wp\/v2\/posts\/110839","targetHints":{"allow":["GET"]}}],"collection":[{"href":"http:\/\/elcuartopoder.com.mx\/nw\/wp-json\/wp\/v2\/posts"}],"about":[{"href":"http:\/\/elcuartopoder.com.mx\/nw\/wp-json\/wp\/v2\/types\/post"}],"author":[{"embeddable":true,"href":"http:\/\/elcuartopoder.com.mx\/nw\/wp-json\/wp\/v2\/users\/2"}],"replies":[{"embeddable":true,"href":"http:\/\/elcuartopoder.com.mx\/nw\/wp-json\/wp\/v2\/comments?post=110839"}],"version-history":[{"count":1,"href":"http:\/\/elcuartopoder.com.mx\/nw\/wp-json\/wp\/v2\/posts\/110839\/revisions"}],"predecessor-version":[{"id":110841,"href":"http:\/\/elcuartopoder.com.mx\/nw\/wp-json\/wp\/v2\/posts\/110839\/revisions\/110841"}],"wp:featuredmedia":[{"embeddable":true,"href":"http:\/\/elcuartopoder.com.mx\/nw\/wp-json\/wp\/v2\/media\/110840"}],"wp:attachment":[{"href":"http:\/\/elcuartopoder.com.mx\/nw\/wp-json\/wp\/v2\/media?parent=110839"}],"wp:term":[{"taxonomy":"category","embeddable":true,"href":"http:\/\/elcuartopoder.com.mx\/nw\/wp-json\/wp\/v2\/categories?post=110839"},{"taxonomy":"post_tag","embeddable":true,"href":"http:\/\/elcuartopoder.com.mx\/nw\/wp-json\/wp\/v2\/tags?post=110839"}],"curies":[{"name":"wp","href":"https:\/\/api.w.org\/{rel}","templated":true}]}}