{"id":110894,"date":"2022-10-11T20:14:56","date_gmt":"2022-10-12T01:14:56","guid":{"rendered":"http:\/\/elcuartopoder.com.mx\/nw\/?p=110894"},"modified":"2022-10-11T20:14:58","modified_gmt":"2022-10-12T01:14:58","slug":"la-fpmc-abrio-las-puertas-del-parque-urbano-corazon-y-punta-sur-para-el-monitoreo-de-aves","status":"publish","type":"post","link":"http:\/\/elcuartopoder.com.mx\/nw\/municipales\/la-fpmc-abrio-las-puertas-del-parque-urbano-corazon-y-punta-sur-para-el-monitoreo-de-aves\/","title":{"rendered":"La FPMC abri\u00f3 las puertas del Parque Urbano Coraz\u00f3n y Punta Sur para el monitoreo de aves"},"content":{"rendered":"\n<p>Cozumel.- La Fundaci\u00f3n de Parques y Museos de Cozumel (FPMC) brind\u00f3 facilidades para que participantes del 14 Festival de las Aves Isla Cozumel realicen recorridos de observaci\u00f3n en el Parque Urbano Coraz\u00f3n y el Parque Ecotur\u00edstico Punta Sur, donde se registraron m\u00e1s de 30 especies de avifauna end\u00e9mica, residente y migratoria.<\/p>\n\n\n\n<p>Rafael Chac\u00f3n D\u00edaz, director de Conservaci\u00f3n y Educaci\u00f3n Ambiental (CEA), mencion\u00f3 que el pasado fin de semana, se hicieron dos salidas de observaci\u00f3n de aves. El s\u00e1bado en el Parque Urbano Coraz\u00f3n y el domingo en el Parque Ecotur\u00edstico Punta Sur. En el primer punto se cont\u00f3 con la participaci\u00f3n de 45 personas de todas las edades, quienes identificaron aproximadamente 19 especies de aves.<\/p>\n\n\n\n<p>Detall\u00f3 que en el Parque Coraz\u00f3n, localizado dentro la zona urbana de Cozumel, se registraron especies residentes como el Maullador Negro, el Cenzontle Tropical, la Reinita Mielera y la Tortilita Canela, as\u00ed como las migratorias invernales Pavito Migratorio, Papamoscas del Este y Chipe magnolias y tambi\u00e9n las especies end\u00e9micas como el Colibr\u00ed Esmeralda Isla Cozumel y el Vireo de Cozumel.<\/p>\n\n\n\n<p>El director de CEA dijo que en Punta Sur la asistencia fue de 55 personas amantes de las aves, que observaron la presencia de 29 especies, entre las que se encuentran la Calandria Dorso Negro Menor, el Cenzontle Tropical, el Zanate Mayor y el Carpintero Yucateco; tambi\u00e9n las especies end\u00e9micas como Chipe Manglero de Cozumel y Esmeralda Isla Cozumel, solo por mencionar algunas.<\/p>\n\n\n\n<p>Especific\u00f3 que la observaci\u00f3n de aves es una actividad vinculada al turismo en la naturaleza que promueve la conservaci\u00f3n de los ambientes y contribuye a fomentar una conciencia p\u00fablica sobre la importancia de su preservaci\u00f3n, ya que las aves son indicadores sensibles de la riqueza biol\u00f3gica y de las condiciones ecol\u00f3gicas del medio natural, lo que le ha valido a Cozumel consolidarse como \u201cCiudad de las Aves\u201d.<\/p>\n\n\n\n<p>A\u00f1adi\u00f3 que en ambos sitios se cont\u00f3 con el apoyo como gu\u00edas de observaci\u00f3n de aves a integrantes del Cozumel Birding Club, de la Comisi\u00f3n Nacional de \u00c1reas Naturales Protegidas (Conanp), gu\u00edas especializados en naturaleza y por parte de la FPMC se cont\u00f3 con el acompa\u00f1amiento del personal de CEA: Paulina Sabido Villanueva, Ricardo Peralta, Antonio Chale y Noel Rivas.<\/p>\n\n\n\n<p>Chac\u00f3n D\u00edaz resalt\u00f3 que en ambos monitoreos asistieron los integrantes de Environment for the Americas, encabezados por su directora Susan Bonfield, quienes destacaron que el Parque Urbano Coraz\u00f3n y Punta Sur son espacios conservados e id\u00f3neos para observar especies de aves end\u00e9micas y migratorias.<\/p>\n\n\n\n<figure class=\"wp-block-gallery has-nested-images columns-default is-cropped wp-block-gallery-1 is-layout-flex wp-block-gallery-is-layout-flex\">\n<figure class=\"wp-block-image size-large\"><img loading=\"lazy\" decoding=\"async\" width=\"1024\" height=\"682\" data-id=\"110898\" src=\"http:\/\/elcuartopoder.com.mx\/nw\/wp-content\/uploads\/2022\/10\/FPMC-parque2-1024x682.jpg\" alt=\"\" class=\"wp-image-110898\" srcset=\"http:\/\/elcuartopoder.com.mx\/nw\/wp-content\/uploads\/2022\/10\/FPMC-parque2-1024x682.jpg 1024w, http:\/\/elcuartopoder.com.mx\/nw\/wp-content\/uploads\/2022\/10\/FPMC-parque2-300x200.jpg 300w, http:\/\/elcuartopoder.com.mx\/nw\/wp-content\/uploads\/2022\/10\/FPMC-parque2-768x512.jpg 768w, http:\/\/elcuartopoder.com.mx\/nw\/wp-content\/uploads\/2022\/10\/FPMC-parque2-696x464.jpg 696w, http:\/\/elcuartopoder.com.mx\/nw\/wp-content\/uploads\/2022\/10\/FPMC-parque2.jpg 1280w\" sizes=\"auto, (max-width: 1024px) 100vw, 1024px\" \/><\/figure>\n\n\n\n<figure class=\"wp-block-image size-large\"><img loading=\"lazy\" decoding=\"async\" width=\"1024\" height=\"683\" data-id=\"110897\" src=\"http:\/\/elcuartopoder.com.mx\/nw\/wp-content\/uploads\/2022\/10\/FPMC-parque3-1024x683.jpg\" alt=\"\" class=\"wp-image-110897\" srcset=\"http:\/\/elcuartopoder.com.mx\/nw\/wp-content\/uploads\/2022\/10\/FPMC-parque3-1024x683.jpg 1024w, http:\/\/elcuartopoder.com.mx\/nw\/wp-content\/uploads\/2022\/10\/FPMC-parque3-300x200.jpg 300w, http:\/\/elcuartopoder.com.mx\/nw\/wp-content\/uploads\/2022\/10\/FPMC-parque3-768x512.jpg 768w, http:\/\/elcuartopoder.com.mx\/nw\/wp-content\/uploads\/2022\/10\/FPMC-parque3-696x464.jpg 696w, http:\/\/elcuartopoder.com.mx\/nw\/wp-content\/uploads\/2022\/10\/FPMC-parque3.jpg 1280w\" sizes=\"auto, (max-width: 1024px) 100vw, 1024px\" \/><\/figure>\n\n\n\n<figure class=\"wp-block-image size-large\"><img loading=\"lazy\" decoding=\"async\" width=\"1024\" height=\"682\" data-id=\"110896\" src=\"http:\/\/elcuartopoder.com.mx\/nw\/wp-content\/uploads\/2022\/10\/FPMC-parque4-1024x682.jpg\" alt=\"\" class=\"wp-image-110896\" srcset=\"http:\/\/elcuartopoder.com.mx\/nw\/wp-content\/uploads\/2022\/10\/FPMC-parque4-1024x682.jpg 1024w, http:\/\/elcuartopoder.com.mx\/nw\/wp-content\/uploads\/2022\/10\/FPMC-parque4-300x200.jpg 300w, http:\/\/elcuartopoder.com.mx\/nw\/wp-content\/uploads\/2022\/10\/FPMC-parque4-768x512.jpg 768w, http:\/\/elcuartopoder.com.mx\/nw\/wp-content\/uploads\/2022\/10\/FPMC-parque4-696x464.jpg 696w, http:\/\/elcuartopoder.com.mx\/nw\/wp-content\/uploads\/2022\/10\/FPMC-parque4.jpg 1280w\" sizes=\"auto, (max-width: 1024px) 100vw, 1024px\" \/><\/figure>\n<\/figure>\n","protected":false},"excerpt":{"rendered":"<p>Cozumel.- La Fundaci\u00f3n de Parques y Museos de Cozumel (FPMC) brind\u00f3 facilidades para que participantes del 14 Festival de las Aves Isla Cozumel realicen recorridos de observaci\u00f3n en el Parque Urbano Coraz\u00f3n y el Parque Ecotur\u00edstico Punta Sur, donde se registraron m\u00e1s de 30 especies de avifauna end\u00e9mica, residente y migratoria. Rafael Chac\u00f3n D\u00edaz, director [&hellip;]<\/p>\n","protected":false},"author":2,"featured_media":110895,"comment_status":"open","ping_status":"open","sticky":false,"template":"","format":"standard","meta":{"footnotes":""},"categories":[6],"tags":[],"class_list":["post-110894","post","type-post","status-publish","format-standard","has-post-thumbnail","hentry","category-municipales"],"_links":{"self":[{"href":"http:\/\/elcuartopoder.com.mx\/nw\/wp-json\/wp\/v2\/posts\/110894","targetHints":{"allow":["GET"]}}],"collection":[{"href":"http:\/\/elcuartopoder.com.mx\/nw\/wp-json\/wp\/v2\/posts"}],"about":[{"href":"http:\/\/elcuartopoder.com.mx\/nw\/wp-json\/wp\/v2\/types\/post"}],"author":[{"embeddable":true,"href":"http:\/\/elcuartopoder.com.mx\/nw\/wp-json\/wp\/v2\/users\/2"}],"replies":[{"embeddable":true,"href":"http:\/\/elcuartopoder.com.mx\/nw\/wp-json\/wp\/v2\/comments?post=110894"}],"version-history":[{"count":1,"href":"http:\/\/elcuartopoder.com.mx\/nw\/wp-json\/wp\/v2\/posts\/110894\/revisions"}],"predecessor-version":[{"id":110899,"href":"http:\/\/elcuartopoder.com.mx\/nw\/wp-json\/wp\/v2\/posts\/110894\/revisions\/110899"}],"wp:featuredmedia":[{"embeddable":true,"href":"http:\/\/elcuartopoder.com.mx\/nw\/wp-json\/wp\/v2\/media\/110895"}],"wp:attachment":[{"href":"http:\/\/elcuartopoder.com.mx\/nw\/wp-json\/wp\/v2\/media?parent=110894"}],"wp:term":[{"taxonomy":"category","embeddable":true,"href":"http:\/\/elcuartopoder.com.mx\/nw\/wp-json\/wp\/v2\/categories?post=110894"},{"taxonomy":"post_tag","embeddable":true,"href":"http:\/\/elcuartopoder.com.mx\/nw\/wp-json\/wp\/v2\/tags?post=110894"}],"curies":[{"name":"wp","href":"https:\/\/api.w.org\/{rel}","templated":true}]}}