{"id":111444,"date":"2022-10-28T11:35:58","date_gmt":"2022-10-28T16:35:58","guid":{"rendered":"http:\/\/elcuartopoder.com.mx\/nw\/?p=111444"},"modified":"2022-10-28T11:35:59","modified_gmt":"2022-10-28T16:35:59","slug":"putin-entramos-en-la-decada-mas-peligrosa-desde-la-ii-guerra-mundial","status":"publish","type":"post","link":"http:\/\/elcuartopoder.com.mx\/nw\/opinion\/putin-entramos-en-la-decada-mas-peligrosa-desde-la-ii-guerra-mundial\/","title":{"rendered":"Putin: \u00abEntramos en la d\u00e9cada m\u00e1s peligrosa desde la II Guerra Mundial\u00bb"},"content":{"rendered":"\n<p>Como cada a\u00f1o, el presidente ruso<strong>, Vlad\u00edmir Putin,<\/strong>&nbsp;intervino este jueves en el llamado&nbsp;<strong>Foro de Vald\u00e1i<\/strong>, en referencia a la localidad rusa donde naci\u00f3 este Club Internacional de Discusi\u00f3n Pol\u00edtica. Y, como en cada edici\u00f3n de este certamen politol\u00f3gico, volvi\u00f3 a no dejar t\u00edtere con cabeza entre los pa\u00edses de Occidente, especialmente Estados Unidos, a quienes ha vuelto a acusar de todos los males habidos y por haber.<\/p>\n\n\n\n<p>Esta vez, a causa de las sanciones adoptadas por la invasi\u00f3n de Ucrania, Putin ha hecho hincapi\u00e9 en los intentos de Occidente de<strong>\u00a0\u00ababolir\u00bb la cultura<\/strong>\u00a0rusa. \u00abLos nazis una vez llegaron a la quema de libros y ahora los guardianes occidentales del liberalismo y el progreso se han deslizado hasta la\u00a0prohibici\u00f3n de las obras de Dostoyevski y Chaikovski\u00a0(&#8230;) cuando los pa\u00edses occidentales abogaron siempre por una pol\u00edtica de cultura universal\u00ab. Pero, seg\u00fan sus palabras, \u00bbla abolici\u00f3n de la cultura rusa afecta al desarrollo del libre pensamiento en la pol\u00edtica, en la econom\u00eda y en otras \u00e1reas\u00ab.<\/p>\n\n\n\n<p>\u00abLa historia, por supuesto, pondr\u00e1 todo en su lugar y cancelar\u00e1 no a los m\u00e1s grandes genios universalmente reconocidos de la cultura mundial, sino a aquellos que hoy por alguna raz\u00f3n decidieron que tienen el derecho de disponer de esta cultura mundial seg\u00fan su propia discreci\u00f3n\u00bb, afirm\u00f3 Putin ante los asistentes al Foro de Vald\u00e1i, que este a\u00f1o tiene lugar en Mosc\u00fa.<\/p>\n\n\n\n<p>Durante su discurso, el presidente ruso tambi\u00e9n dijo que los pa\u00edses occidentales \u00abest\u00e1n imponiendo sus objetivos y estereotipos de consumo para aumentar el \u00e1rea del mercado para su propia producci\u00f3n, en su propio beneficio\u00bb. \u00abOccidente est\u00e1 seguro de su infalibilidad (&#8230;) est\u00e1 a un paso del deseo de los infalibles de destruir a los que no les gustan, como dicen ellos, cancel\u00e1ndolos\u00bb, a\u00f1adi\u00f3.<\/p>\n\n\n\n<h3 class=\"wp-block-heading\">Las intrigas del Kremlin<\/h3>\n\n\n\n<p>A su juicio, \u00abla ideolog\u00eda liberal en el mundo ha cambiado hasta hacerse irreconocible. Si el liberalismo cl\u00e1sico entendi\u00f3 la libertad de cada persona como la libertad de decir lo que quieras y hacer lo que quieras, en el siglo XX los liberales comenzaron a declarar que la llamada sociedad abierta tiene enemigos y la libertad de tales enemigos puede y debe ser limitada, cuando no cancelada\u00bb. Para el jefe del Kremlin en Occidente \u00abhan llegado al absurdo de que cualquier punto de vista alternativo es declarado&nbsp;<strong>propaganda subversiva y amenaza a la democracia\u00ab.<\/strong><\/p>\n\n\n\n<p>Arremeti\u00f3 tambi\u00e9n contra quienes consideran que detr\u00e1s de todo lo malo que pasa en el mundo est\u00e1n \u00ablas intrigas del Kremlin\u00bb y se pregunto si \u00ab\u00bfsomos realmente tan omnipotentes? Cualquier cr\u00edtica a nuestros oponentes, cualquiera, se percibe como maquinaciones del Kremlin, la mano del Kremlin\u00bb y deplor\u00f3 que \u00abno se puede culpar de todo al Kremlin\u00bb. \u00abNiegan la soberan\u00eda de los pa\u00edses y los pueblos, su identidad y singularidad (&#8230;) Rusia no est\u00e1 desafiando a las \u00e9lites de Occidente. Rusia simplemente est\u00e1 defendiendo su derecho a existir y desarrollarse libremente. No vamos a convertirnos en una especie de nueva potencia hegem\u00f3nica\u00bb, manifest\u00f3 ante los asistentes.<\/p>\n\n\n\n<p>Seg\u00fan Putin, la actual guerra en Ucrania \u00abes solo una parte de los movimientos tect\u00f3nicos en todo el orden mundial\u00bb<\/p>\n\n\n\n<p>El m\u00e1ximo dirigente ruso asegur\u00f3 que&nbsp;<strong>\u00abel dominio occidental est\u00e1 llegando a su fin,<\/strong>&nbsp;el mundo unipolar es cosa del pasado. Por delante est\u00e1 la d\u00e9cada m\u00e1s impredecible, peligrosa y, al mismo tiempo, importante desde la Segunda Guerra Mundial\u00ab. Seg\u00fan sus palabras, la actual guerra en Ucrania \u00bbes solo una parte de los movimientos tect\u00f3nicos en todo el orden mundial\u00ab. Explic\u00f3 que la crisis ucraniana \u00bbse gest\u00f3 no ahora, sino hace tiempo\u00ab y, tras llamar a Ucrania \u00bbEstado artificial\u00ab, repiti\u00f3 que la causa y el origen fue el \u00bbgolpe de Estado\u00ab tras la revuelta en Kiev en febrero de 2014 cuando el entonces presidente V\u00edctor Yanuk\u00f3vich fue depuesto por la Rada Suprema (Parlamento) despu\u00e9s de huir a la base rusa de Sebastopol.<\/p>\n\n\n\n<p>En suma, Putin dijo ayer que las potencias occidentales no est\u00e1n ya en actitud de \u00abgobernar a la humanidad por s\u00ed solas aunque tratan desesperadamente de hacerlo y la mayor\u00eda de los pueblos del mundo no lo soportan m\u00e1s\u00bb. \u00abEl modelo estadounidense est\u00e1 agotado, est\u00e1 en crisis, no tiene ya nada que ofrecer al mundo. No s\u00f3lo ellos y Europa tienen derecho a elegir su camino geopol\u00edtico, tambi\u00e9n lo tienen los pa\u00edses de Asia, incluida Rusia, y Latinoam\u00e9rica\u00bb, recalc\u00f3.<\/p>\n\n\n\n<p>En relaci\u00f3n con la pol\u00e9mica en torno al hipot\u00e9tico uso de armas nucleares, el presidente ruso, que fue el primero en agitar tal posibilidad al anexionarse Crimea en marzo de 2014 y, el pasado 24 de febrero, cuando lanz\u00f3 la invasi\u00f3n del pa\u00eds vecino, ha dicho ahora que<\/p>\n\n\n\n<p>En cuanto a las armas nucleares, el presidente ruso ha afirmado que \u00abno tiene sentido pol\u00edtico ni militar\u00bb recurrir a tales artefactos<\/p>\n\n\n\n<p>\u00abno tiene sentido pol\u00edtico ni militar\u00bb recurrir a tales artefactos. Es m\u00e1s, le ha dado la vuelta a la cuesti\u00f3n y ahora, seg\u00fan \u00e9l, es Occidente el que amenaza con la bomba at\u00f3mica. Record\u00f3 que, a d\u00eda de hoy, \u00abel \u00fanico pa\u00eds que ha empleado este tipo de armamentos fue Estados Unidos\u00bb en Hiroshima y Nagasaki.<\/p>\n\n\n\n<p>Alert\u00f3 que \u00abmientras existan las armas nucleares, existe el peligro de que sean usadas (&#8230;) aunque son en primer lugar los pa\u00edses occidentales con sus provocaciones los que fuerzan la tesis de que Mosc\u00fa piensa utilizarlas para influir en sus aliados y en los pa\u00edses neutrales (&#8230;) se trata de una t\u00e1ctica muy primitiva\u00bb. Seg\u00fan su punto de vista, Occidente \u00abest\u00e1 llevando a cabo un juego peligroso, sangriento y sucio\u00bb, al acusar a Rusia de querer recurrir a armas de exterminaci\u00f3n masiva.<\/p>\n\n\n\n<p>En cuanto a las acusaciones de que Ucrania prepara la detonaci\u00f3n de una \u00abbomba sucia\u00bb, Putin inst\u00f3 ayer al&nbsp;<strong>Organismo Internacional de Energ\u00eda At\u00f3mica (OIEA)<\/strong>&nbsp;a trasladar una delegaci\u00f3n \u00ablo antes posible\u00bb a Ucrania. \u00abEl OIEA quiere venir (&#8230;) nosotros estamos a favor, lo antes y de la forma m\u00e1s amplia posible, ya que sabemos que las autoridades de Kiev hacen todo lo posible para hacer desaparecer el rastro de estos preparativos\u00bb para la fabricaci\u00f3n de la \u00abbomba sucia\u00bb.<\/p>\n\n\n\n<p>Para el dirigente ruso \u00ablos acontecimientos en el mundo contin\u00faan desarroll\u00e1ndose seg\u00fan un escenario negativo, se ha convertido en una crisis sist\u00e9mica, no solo en las esferas pol\u00edtico-militares, sino tambi\u00e9n a nivel humanitario y econ\u00f3mico\u00bb. Putin critic\u00f3 adem\u00e1s \u00abla degradaci\u00f3n de las instituciones mundiales y la sustituci\u00f3n de los conceptos del derecho internacional\u00bb. Dijo no entender en qu\u00e9 se basan las nuevas reglas y sostuvo que en Occidente \u00abquiere vivir sin ninguna regla\u00bb.<\/p>\n\n\n\n<p>Fuente: ABC<\/p>\n","protected":false},"excerpt":{"rendered":"<p>Como cada a\u00f1o, el presidente ruso, Vlad\u00edmir Putin,&nbsp;intervino este jueves en el llamado&nbsp;Foro de Vald\u00e1i, en referencia a la localidad rusa donde naci\u00f3 este Club Internacional de Discusi\u00f3n Pol\u00edtica. Y, como en cada edici\u00f3n de este certamen politol\u00f3gico, volvi\u00f3 a no dejar t\u00edtere con cabeza entre los pa\u00edses de Occidente, especialmente Estados Unidos, a quienes [&hellip;]<\/p>\n","protected":false},"author":2,"featured_media":111445,"comment_status":"open","ping_status":"open","sticky":false,"template":"","format":"standard","meta":{"footnotes":""},"categories":[62],"tags":[],"class_list":["post-111444","post","type-post","status-publish","format-standard","has-post-thumbnail","hentry","category-opinion"],"_links":{"self":[{"href":"http:\/\/elcuartopoder.com.mx\/nw\/wp-json\/wp\/v2\/posts\/111444","targetHints":{"allow":["GET"]}}],"collection":[{"href":"http:\/\/elcuartopoder.com.mx\/nw\/wp-json\/wp\/v2\/posts"}],"about":[{"href":"http:\/\/elcuartopoder.com.mx\/nw\/wp-json\/wp\/v2\/types\/post"}],"author":[{"embeddable":true,"href":"http:\/\/elcuartopoder.com.mx\/nw\/wp-json\/wp\/v2\/users\/2"}],"replies":[{"embeddable":true,"href":"http:\/\/elcuartopoder.com.mx\/nw\/wp-json\/wp\/v2\/comments?post=111444"}],"version-history":[{"count":1,"href":"http:\/\/elcuartopoder.com.mx\/nw\/wp-json\/wp\/v2\/posts\/111444\/revisions"}],"predecessor-version":[{"id":111446,"href":"http:\/\/elcuartopoder.com.mx\/nw\/wp-json\/wp\/v2\/posts\/111444\/revisions\/111446"}],"wp:featuredmedia":[{"embeddable":true,"href":"http:\/\/elcuartopoder.com.mx\/nw\/wp-json\/wp\/v2\/media\/111445"}],"wp:attachment":[{"href":"http:\/\/elcuartopoder.com.mx\/nw\/wp-json\/wp\/v2\/media?parent=111444"}],"wp:term":[{"taxonomy":"category","embeddable":true,"href":"http:\/\/elcuartopoder.com.mx\/nw\/wp-json\/wp\/v2\/categories?post=111444"},{"taxonomy":"post_tag","embeddable":true,"href":"http:\/\/elcuartopoder.com.mx\/nw\/wp-json\/wp\/v2\/tags?post=111444"}],"curies":[{"name":"wp","href":"https:\/\/api.w.org\/{rel}","templated":true}]}}