{"id":111460,"date":"2022-10-28T12:41:14","date_gmt":"2022-10-28T17:41:14","guid":{"rendered":"http:\/\/elcuartopoder.com.mx\/nw\/?p=111460"},"modified":"2022-10-28T12:41:18","modified_gmt":"2022-10-28T17:41:18","slug":"nuevo-acuerdo-promueve-el-bienestar-de-la-ninez-y-juventud-quintanarroense","status":"publish","type":"post","link":"http:\/\/elcuartopoder.com.mx\/nw\/varios\/nuevo-acuerdo-promueve-el-bienestar-de-la-ninez-y-juventud-quintanarroense\/","title":{"rendered":"Nuevo Acuerdo promueve el bienestar de la ni\u00f1ez y juventud quintanarroense"},"content":{"rendered":"\n<p>Chetumal.- Para impulsar acciones, programas y propuestas que permitan un mejor desarrollo y bienestar para la ni\u00f1ez y j\u00f3venes del Estado e integrarlos al Nuevo Acuerdo por el Bienestar y Desarrollo, el Sistema para el Desarrollo Integral de la Familia (DIF) Quintana Roo realiz\u00f3 un encuentro de coordinaci\u00f3n con el Instituto Quintanarroense de la Juventud (IQJ), as\u00ed como con integrantes de las agrupaciones de la sociedad civil.<\/p>\n\n\n\n<p>La reuni\u00f3n del Eje 5 para el an\u00e1lisis e inter\u00e9s de ni\u00f1as, ni\u00f1os y j\u00f3venes, estuvo encabezado por la directora del Sistema DIF-Quintana Roo Abril Sabido Alc\u00e9rreca y la titular del IQJ, Alma Delfina Alvarado Moo, quienes destacaron el trabajo que se realiza para recibir las propuestas de todos los sectores e incluirlas en el nuevo acuerdo que busca generar bienestar y prosperidad para las y los ciudadanos.<\/p>\n\n\n\n<p>Sabido Alc\u00e9rreca, resalt\u00f3 la importancia y compromiso que tiene la gobernadora Mara Lezama Espinosa y la Presidenta Honoraria de la instituci\u00f3n, Ver\u00f3nica Lezama Espinosa de otorgar protecci\u00f3n, atenci\u00f3n, prevenci\u00f3n, capacitaci\u00f3n y empleo, difusi\u00f3n y promoci\u00f3n a los ejercicios para mejorar la calidad de vida de las ni\u00f1as, ni\u00f1os y j\u00f3venes.<\/p>\n\n\n\n<p>Durante la reuni\u00f3n la titular del IQJ, Alma Alvarado explic\u00f3 que se suman esfuerzos con el compromiso de mejorar las condiciones de la ni\u00f1ez y juventud en todos los \u00e1mbitos que les permita un bienestar y mayor calidad de vida.<\/p>\n\n\n\n<p>El encuentro tuvo lugar en las instalaciones de IQJ, se atendieron a grupos de la sociedad civil, a trav\u00e9s de mesas de trabajo y en donde se expusieron temas, acuerdos y compromisos para el an\u00e1lisis.<\/p>\n\n\n\n<p>Al evento asistieron la directora general del Instituto de la Cultura y las Artes (ICA), Lilian Villanueva Chan; la secretaria del Trabajo y Previsi\u00f3n social (STyPS), Flor Ruiz Cosio; el Coordinador Ejecutivo del Acuerdo por el Bienestar y el Desarrollo de Quintana Roo, Sergio de Luna Gallegos; los impulsores de la Transformaci\u00f3n Merly Monta\u00f1ez Hern\u00e1ndez, Eduardo S\u00e1nchez, Mariana Verde e Ivanna Castro Rivero.<\/p>\n\n\n\n<figure class=\"wp-block-gallery has-nested-images columns-default is-cropped wp-block-gallery-1 is-layout-flex wp-block-gallery-is-layout-flex\">\n<figure class=\"wp-block-image size-large\"><img loading=\"lazy\" decoding=\"async\" width=\"1024\" height=\"554\" data-id=\"111461\" src=\"http:\/\/elcuartopoder.com.mx\/nw\/wp-content\/uploads\/2022\/10\/DIF-Acuerdo-01-1024x554.jpeg\" alt=\"\" class=\"wp-image-111461\" srcset=\"http:\/\/elcuartopoder.com.mx\/nw\/wp-content\/uploads\/2022\/10\/DIF-Acuerdo-01-1024x554.jpeg 1024w, http:\/\/elcuartopoder.com.mx\/nw\/wp-content\/uploads\/2022\/10\/DIF-Acuerdo-01-300x162.jpeg 300w, http:\/\/elcuartopoder.com.mx\/nw\/wp-content\/uploads\/2022\/10\/DIF-Acuerdo-01-768x415.jpeg 768w, http:\/\/elcuartopoder.com.mx\/nw\/wp-content\/uploads\/2022\/10\/DIF-Acuerdo-01-696x376.jpeg 696w, http:\/\/elcuartopoder.com.mx\/nw\/wp-content\/uploads\/2022\/10\/DIF-Acuerdo-01.jpeg 1280w\" sizes=\"auto, (max-width: 1024px) 100vw, 1024px\" \/><\/figure>\n\n\n\n<figure class=\"wp-block-image size-large\"><img loading=\"lazy\" decoding=\"async\" width=\"1024\" height=\"596\" data-id=\"111465\" src=\"http:\/\/elcuartopoder.com.mx\/nw\/wp-content\/uploads\/2022\/10\/DIF-Acuerdo-02-1024x596.jpeg\" alt=\"\" class=\"wp-image-111465\" srcset=\"http:\/\/elcuartopoder.com.mx\/nw\/wp-content\/uploads\/2022\/10\/DIF-Acuerdo-02-1024x596.jpeg 1024w, http:\/\/elcuartopoder.com.mx\/nw\/wp-content\/uploads\/2022\/10\/DIF-Acuerdo-02-300x175.jpeg 300w, http:\/\/elcuartopoder.com.mx\/nw\/wp-content\/uploads\/2022\/10\/DIF-Acuerdo-02-768x447.jpeg 768w, http:\/\/elcuartopoder.com.mx\/nw\/wp-content\/uploads\/2022\/10\/DIF-Acuerdo-02-696x405.jpeg 696w, http:\/\/elcuartopoder.com.mx\/nw\/wp-content\/uploads\/2022\/10\/DIF-Acuerdo-02.jpeg 1280w\" sizes=\"auto, (max-width: 1024px) 100vw, 1024px\" \/><\/figure>\n\n\n\n<figure class=\"wp-block-image size-large\"><img loading=\"lazy\" decoding=\"async\" width=\"1024\" height=\"682\" data-id=\"111463\" src=\"http:\/\/elcuartopoder.com.mx\/nw\/wp-content\/uploads\/2022\/10\/DIF-Acuerdo-03-1024x682.jpeg\" alt=\"\" class=\"wp-image-111463\" srcset=\"http:\/\/elcuartopoder.com.mx\/nw\/wp-content\/uploads\/2022\/10\/DIF-Acuerdo-03-1024x682.jpeg 1024w, http:\/\/elcuartopoder.com.mx\/nw\/wp-content\/uploads\/2022\/10\/DIF-Acuerdo-03-300x200.jpeg 300w, http:\/\/elcuartopoder.com.mx\/nw\/wp-content\/uploads\/2022\/10\/DIF-Acuerdo-03-768x511.jpeg 768w, http:\/\/elcuartopoder.com.mx\/nw\/wp-content\/uploads\/2022\/10\/DIF-Acuerdo-03-696x463.jpeg 696w, http:\/\/elcuartopoder.com.mx\/nw\/wp-content\/uploads\/2022\/10\/DIF-Acuerdo-03.jpeg 1280w\" sizes=\"auto, (max-width: 1024px) 100vw, 1024px\" \/><\/figure>\n\n\n\n<figure class=\"wp-block-image size-large\"><img loading=\"lazy\" decoding=\"async\" width=\"1024\" height=\"800\" data-id=\"111464\" src=\"http:\/\/elcuartopoder.com.mx\/nw\/wp-content\/uploads\/2022\/10\/DIF-Acuerdo-04-1024x800.jpeg\" alt=\"\" class=\"wp-image-111464\" srcset=\"http:\/\/elcuartopoder.com.mx\/nw\/wp-content\/uploads\/2022\/10\/DIF-Acuerdo-04-1024x800.jpeg 1024w, http:\/\/elcuartopoder.com.mx\/nw\/wp-content\/uploads\/2022\/10\/DIF-Acuerdo-04-300x234.jpeg 300w, http:\/\/elcuartopoder.com.mx\/nw\/wp-content\/uploads\/2022\/10\/DIF-Acuerdo-04-768x600.jpeg 768w, http:\/\/elcuartopoder.com.mx\/nw\/wp-content\/uploads\/2022\/10\/DIF-Acuerdo-04-696x544.jpeg 696w, http:\/\/elcuartopoder.com.mx\/nw\/wp-content\/uploads\/2022\/10\/DIF-Acuerdo-04.jpeg 1280w\" sizes=\"auto, (max-width: 1024px) 100vw, 1024px\" \/><\/figure>\n<\/figure>\n\n\n\n<p>Fuente: CGC<\/p>\n","protected":false},"excerpt":{"rendered":"<p>Chetumal.- Para impulsar acciones, programas y propuestas que permitan un mejor desarrollo y bienestar para la ni\u00f1ez y j\u00f3venes del Estado e integrarlos al Nuevo Acuerdo por el Bienestar y Desarrollo, el Sistema para el Desarrollo Integral de la Familia (DIF) Quintana Roo realiz\u00f3 un encuentro de coordinaci\u00f3n con el Instituto Quintanarroense de la Juventud [&hellip;]<\/p>\n","protected":false},"author":2,"featured_media":111462,"comment_status":"open","ping_status":"open","sticky":false,"template":"","format":"standard","meta":{"footnotes":""},"categories":[64],"tags":[],"class_list":["post-111460","post","type-post","status-publish","format-standard","has-post-thumbnail","hentry","category-varios"],"_links":{"self":[{"href":"http:\/\/elcuartopoder.com.mx\/nw\/wp-json\/wp\/v2\/posts\/111460","targetHints":{"allow":["GET"]}}],"collection":[{"href":"http:\/\/elcuartopoder.com.mx\/nw\/wp-json\/wp\/v2\/posts"}],"about":[{"href":"http:\/\/elcuartopoder.com.mx\/nw\/wp-json\/wp\/v2\/types\/post"}],"author":[{"embeddable":true,"href":"http:\/\/elcuartopoder.com.mx\/nw\/wp-json\/wp\/v2\/users\/2"}],"replies":[{"embeddable":true,"href":"http:\/\/elcuartopoder.com.mx\/nw\/wp-json\/wp\/v2\/comments?post=111460"}],"version-history":[{"count":1,"href":"http:\/\/elcuartopoder.com.mx\/nw\/wp-json\/wp\/v2\/posts\/111460\/revisions"}],"predecessor-version":[{"id":111466,"href":"http:\/\/elcuartopoder.com.mx\/nw\/wp-json\/wp\/v2\/posts\/111460\/revisions\/111466"}],"wp:featuredmedia":[{"embeddable":true,"href":"http:\/\/elcuartopoder.com.mx\/nw\/wp-json\/wp\/v2\/media\/111462"}],"wp:attachment":[{"href":"http:\/\/elcuartopoder.com.mx\/nw\/wp-json\/wp\/v2\/media?parent=111460"}],"wp:term":[{"taxonomy":"category","embeddable":true,"href":"http:\/\/elcuartopoder.com.mx\/nw\/wp-json\/wp\/v2\/categories?post=111460"},{"taxonomy":"post_tag","embeddable":true,"href":"http:\/\/elcuartopoder.com.mx\/nw\/wp-json\/wp\/v2\/tags?post=111460"}],"curies":[{"name":"wp","href":"https:\/\/api.w.org\/{rel}","templated":true}]}}